{"id":3654,"date":"2020-10-26T00:38:59","date_gmt":"2020-10-25T22:38:59","guid":{"rendered":"https:\/\/deutsch.bashariyat.org\/?p=3654"},"modified":"2020-10-27T00:48:46","modified_gmt":"2020-10-26T22:48:46","slug":"einladung-zur-sitzung-des-verteidigungsausschuss-der-kunst-und-kuenstlerrechte-im-iran-und-die-repraesentation-der-tuerkei-am-29-okt-2020","status":"publish","type":"post","link":"https:\/\/deutsch.bashariyat.org\/?p=3654","title":{"rendered":"Einladung zur Sitzung des Verteidigungsausschuss der Kunst- und K\u00fcnstlerrechte im Iran und die Repr\u00e4sentation der T\u00fcrkei am 29.Okt.2020"},"content":{"rendered":"<p>&nbsp;<\/p>\n<p><span style=\"color: #ff0000;\"><strong>\u00a0 \u00a0 \u00a0 \u00a0 \u00a0 \u00a0 \u00a0 \u00a0 \u00a0 \u00a0 \u00a0 \u00a0 \u00a0 \u00a0 \u00a0 \u00a0 \u00a0 \u00a0 \u00a0 \u00a0 \u00a0 \u00a0 \u00a0 \u00a0 \u00a0 \u00a0 \u00a0 \u00a0 \u00a0 \u00a0 \u00a0 \u00a0 \u00a0 \u00a0Verteidigungsausschuss der Kunst und K\u00fcnstler-Rechte und<\/strong><\/span><\/p>\n<p><span style=\"color: #ff0000;\"><strong>\u00a0 \u00a0 \u00a0 \u00a0 \u00a0 \u00a0 \u00a0 \u00a0 \u00a0 \u00a0 \u00a0 \u00a0 \u00a0 \u00a0 \u00a0 \u00a0 \u00a0 \u00a0 \u00a0 \u00a0 \u00a0 \u00a0 \u00a0 \u00a0 \u00a0 \u00a0 \u00a0 \u00a0 \u00a0 \u00a0 \u00a0 \u00a0 \u00a0 \u00a0 \u00a0 \u00a0 \u00a0 \u00a0 \u00a0 \u00a0 die Repr\u00e4sentation der T\u00fcrkei zusammentragen<\/strong><\/span><\/p>\n<p><span style=\"color: #ff0000;\"><strong>\u00a0 \u00a0 \u00a0 \u00a0 \u00a0 \u00a0 \u00a0 \u00a0 \u00a0 \u00a0 \u00a0 \u00a0 \u00a0 \u00a0 \u00a0 \u00a0 \u00a0 \u00a0 \u00a0 \u00a0 \u00a0 \u00a0 \u00a0 \u00a0 \u00a0 \u00a0 \u00a0 \u00a0 \u00a0 \u00a0 \u00a0 \u00a0 \u00a0 Vortrag, Fragen und Antworten, Diskussionen und Unterhalten<\/strong><\/span><\/p>\n<p>&nbsp;<\/p>\n<p>&nbsp;<\/p>\n<p><strong>Referenten und das Thema der Vortr\u00e4ge:<\/strong><\/p>\n<p><strong>Mohammad Yusef Esmaeili <\/strong><strong>\u00a0:<\/strong><\/p>\n<p>Bericht und Analyse von Verletzungen der Rechte der Kunstrechtsverletzungen im Sep.\/Okt. 2020<\/p>\n<p>&nbsp;<\/p>\n<p><strong>Mohammad Farshidian <\/strong><strong>\u00a0:<\/strong><\/p>\n<p>\u00dcberpr\u00fcfung des Artikels 9 der Allgemeinen Erkl\u00e4rung der Menschenrechte Und dessen Vergleich mit der Verfassung der Islamischen Republik Iran<!--more--><\/p>\n<p>&nbsp;<\/p>\n<p><strong>Parisa Sakhaei <\/strong><strong>\u00a0:<\/strong><\/p>\n<p>Journalistenberuf und seine Probleme<\/p>\n<p><strong>\u00a0<\/strong><\/p>\n<p><strong>Fatemeh Gholamhosseini <\/strong><strong>:<\/strong><\/p>\n<p>Die Probleme der Kunstszene aus der Sprache der K\u00fcnstler<\/p>\n<p>&nbsp;<\/p>\n<p><strong>Sogi Hasanzadeh <\/strong><strong>\u00a0:<\/strong><\/p>\n<p>Obdachlose Menschen<\/p>\n<p>&nbsp;<\/p>\n<p>Am Ende jedes Abschnitts finden Fragen und Antworten statt.<\/p>\n<p>&nbsp;<\/p>\n<p><strong>Die \u00f6ffentliche Diskussion<\/strong>(Unter der Leitung von Frau Roza Jahan Bin)<strong> : \u00a0\u00a0\u00a0\u00a0\u00a0\u00a0<\/strong><\/p>\n<p>Eine Welt ohne Gewalt<\/p>\n<p>&nbsp;<\/p>\n<p>Die Planung und die Prognose f\u00fcr die Aktivit\u00e4ten des n\u00e4chsten Monats<\/p>\n<p>&nbsp;<\/p>\n<p><strong>Zeit: <\/strong>Donnerstag, 29.Okt.2020, um 18:00 Uhr MEZ<\/p>\n<p><strong>Veranstaltungsort<\/strong><strong>:<\/strong> Paltalk Civic, Workplace von Verteidigungsausschuss der Kunst und K\u00fcnstler-Rechte<\/p>\n<p>Paltalk; View all<\/p>\n<p>Social Issues and Politics<\/p>\n<p>Human Rights<\/p>\n<p>Kanoon Defae az hoghogh bashar dar iran, Komite honar<\/p>\n<p>&nbsp;<\/p>\n<p>Unsere Kollegen und Aktivisten, die uns bei diesem Treffen helfen:<\/p>\n<p><strong>Verantwortlich f\u00fcr die Sitzung:<\/strong> Seyed Esmaeil Hashemi<\/p>\n<p><strong>Sekret\u00e4rin\/er der Sitzung:<\/strong> Raha Farahmand<\/p>\n<p><strong>Admins:<\/strong> Alireza Jahan Bin, Mehdi Golsefidi, Irandokht Kia, Lida Asadifar<\/p>\n<p><strong>Tonaufnahme:<\/strong> Amen Jahanbozorgi, Ibrahim Fadakar<\/p>\n<p>&nbsp;<\/p>\n<p>&nbsp;<\/p>\n<p><strong>Vereinigung zur Verteidigung der Menschenrechte im Iran e.V.<\/strong><\/p>\n<p><strong>\u00a0<\/strong><\/p>\n<p><strong>Verteidigungsausschuss der Kunst- und K\u00fcnstlerrechte und die Repr\u00e4sentation von der T\u00fcrkei<\/strong><\/p>\n<p><strong>\u00a0<\/strong><\/p>\n<p><strong>\u00a0<\/strong><\/p>\n<p><strong>\u00a0<\/strong><\/p>\n<p>Der \u00dcbersetzer: Mohammadhasan Hasanzadehmehrabadi<\/p>\n","protected":false},"excerpt":{"rendered":"<p>&nbsp; \u00a0 \u00a0 \u00a0 \u00a0 \u00a0 \u00a0 \u00a0 \u00a0 \u00a0 \u00a0 \u00a0 \u00a0 \u00a0 \u00a0 \u00a0 \u00a0 \u00a0 \u00a0 \u00a0 \u00a0 \u00a0 \u00a0 \u00a0 \u00a0 \u00a0 \u00a0 \u00a0 \u00a0 \u00a0 \u00a0 \u00a0 \u00a0 \u00a0 \u00a0Verteidigungsausschuss der Kunst und K\u00fcnstler-Rechte und \u00a0 \u00a0 \u00a0 \u00a0 \u00a0 \u00a0 \u00a0 \u00a0 \u00a0 \u00a0 \u00a0 \u00a0 \u00a0 \u00a0 \u00a0 &hellip; <\/p>\n<p><a class=\"more-link btn\" href=\"https:\/\/deutsch.bashariyat.org\/?p=3654\">Weiterlesen<\/a><\/p>\n","protected":false},"author":2,"featured_media":0,"comment_status":"closed","ping_status":"closed","sticky":false,"template":"","format":"standard","meta":{"footnotes":""},"categories":[1],"tags":[],"class_list":["post-3654","post","type-post","status-publish","format-standard","hentry","category-allgemein","item-wrap"],"_links":{"self":[{"href":"https:\/\/deutsch.bashariyat.org\/index.php?rest_route=\/wp\/v2\/posts\/3654","targetHints":{"allow":["GET"]}}],"collection":[{"href":"https:\/\/deutsch.bashariyat.org\/index.php?rest_route=\/wp\/v2\/posts"}],"about":[{"href":"https:\/\/deutsch.bashariyat.org\/index.php?rest_route=\/wp\/v2\/types\/post"}],"author":[{"embeddable":true,"href":"https:\/\/deutsch.bashariyat.org\/index.php?rest_route=\/wp\/v2\/users\/2"}],"replies":[{"embeddable":true,"href":"https:\/\/deutsch.bashariyat.org\/index.php?rest_route=%2Fwp%2Fv2%2Fcomments&post=3654"}],"version-history":[{"count":2,"href":"https:\/\/deutsch.bashariyat.org\/index.php?rest_route=\/wp\/v2\/posts\/3654\/revisions"}],"predecessor-version":[{"id":3656,"href":"https:\/\/deutsch.bashariyat.org\/index.php?rest_route=\/wp\/v2\/posts\/3654\/revisions\/3656"}],"wp:attachment":[{"href":"https:\/\/deutsch.bashariyat.org\/index.php?rest_route=%2Fwp%2Fv2%2Fmedia&parent=3654"}],"wp:term":[{"taxonomy":"category","embeddable":true,"href":"https:\/\/deutsch.bashariyat.org\/index.php?rest_route=%2Fwp%2Fv2%2Fcategories&post=3654"},{"taxonomy":"post_tag","embeddable":true,"href":"https:\/\/deutsch.bashariyat.org\/index.php?rest_route=%2Fwp%2Fv2%2Ftags&post=3654"}],"curies":[{"name":"wp","href":"https:\/\/api.w.org\/{rel}","templated":true}]}}