{"id":3692,"date":"2020-09-12T17:09:38","date_gmt":"2020-09-12T15:09:38","guid":{"rendered":"https:\/\/deutsch.bashariyat.org\/?p=3692"},"modified":"2020-11-08T17:19:53","modified_gmt":"2020-11-08T15:19:53","slug":"einladung-zur-sitzung-repraesentation-von-bremen-am-19-sep-2020","status":"publish","type":"post","link":"https:\/\/deutsch.bashariyat.org\/?p=3692","title":{"rendered":"Einladung zur Sitzung Repr\u00e4sentation von   Bremen am 19.Sep.2020"},"content":{"rendered":"<p><span style=\"font-family: tahoma, arial, helvetica, sans-serif;\"><a href=\"https:\/\/deutsch.bashariyat.org\/wp-content\/uploads\/2020\/11\/stempel-einladung-constanze-pro2.jpg\"><img loading=\"lazy\" decoding=\"async\" class=\"alignnone size-thumbnail wp-image-3690\" src=\"https:\/\/deutsch.bashariyat.org\/wp-content\/uploads\/2020\/11\/stempel-einladung-constanze-pro2-150x150.jpg\" alt=\"\" width=\"150\" height=\"150\" data-id=\"3690\" srcset=\"https:\/\/deutsch.bashariyat.org\/wp-content\/uploads\/2020\/11\/stempel-einladung-constanze-pro2-150x150.jpg 150w, https:\/\/deutsch.bashariyat.org\/wp-content\/uploads\/2020\/11\/stempel-einladung-constanze-pro2.jpg 236w\" sizes=\"auto, (max-width: 150px) 100vw, 150px\" \/><\/a><\/span><\/p>\n<p style=\"text-align: center;\"><span style=\"color: #ff0000;\">Vortrag, Fragen und Antworten, Diskussionen und Unterhalten\u00a0<\/span><\/p>\n<p><span data-ccp-props=\"{&quot;335551550&quot;:3,&quot;335551620&quot;:3}\">\u00a0<\/span><\/p>\n<p><strong>Referenten und das Thema der Vortr\u00e4ge:\u00a0<\/strong><\/p>\n<p><span data-ccp-props=\"{&quot;335551550&quot;:3,&quot;335551620&quot;:3}\">\u00a0<\/span><\/p>\n<p><b><span data-contrast=\"auto\">Masoud\u00a0Zolfaghari: Bericht und Analyse der\u00a0<\/span><\/b><b><span data-contrast=\"auto\">Menschenrechteverletzungen im August\/September 2020<\/span><\/b><span data-ccp-props=\"{&quot;335551550&quot;:3,&quot;335551620&quot;:3}\">\u00a0<\/span><\/p>\n<p><span data-ccp-props=\"{&quot;335551550&quot;:3,&quot;335551620&quot;:3}\">\u00a0<\/span><\/p>\n<p><b><span data-contrast=\"auto\">Atefeh\u00a0Khajehnasiri\u00a0Yazdi: Artikel\u00a0<\/span><\/b><b><span data-contrast=\"none\">19<\/span><\/b><b><span data-contrast=\"auto\">\u00a0\u00dcberpr\u00fcfung der Allgemeinen Erkl\u00e4rung der Menschenrechte Und vergleichen ihn mit der Verfassung der Islamischen Republik Iran<\/span><\/b><span data-ccp-props=\"{&quot;335551550&quot;:3,&quot;335551620&quot;:3}\">\u00a0<\/span><\/p>\n<p><span data-ccp-props=\"{&quot;335551550&quot;:3,&quot;335551620&quot;:3}\">\u00a0<\/span><\/p>\n<p><b><span data-contrast=\"auto\">Ahmad Reza\u00a0Irannejad:Atheisten\u00a0im Ira<\/span><\/b><b><span data-contrast=\"auto\">n<\/span><\/b><span data-ccp-props=\"{&quot;335551550&quot;:3,&quot;335551620&quot;:3}\">\u00a0<\/span><\/p>\n<p><span data-ccp-props=\"{&quot;335551550&quot;:3,&quot;335551620&quot;:3}\">\u00a0<\/span><\/p>\n<p><b><span data-contrast=\"auto\">Hamed\u00a0Parnoush:\u00a0<\/span><\/b><b><span data-contrast=\"none\">F\u00fchrungsleistung und Bestimmung ihrer Kompetenz<\/span><\/b><span data-ccp-props=\"{&quot;335551550&quot;:3,&quot;335551620&quot;:3}\">\u00a0<\/span><!--more--><\/p>\n<p><span data-ccp-props=\"{&quot;335551550&quot;:3,&quot;335551620&quot;:3}\">\u00a0<\/span><\/p>\n<p><span data-contrast=\"auto\">Am Ende jedes Abschnitts finden Fragen und Antworten statt.<\/span><span data-ccp-props=\"{&quot;335551550&quot;:3,&quot;335551620&quot;:3}\">\u00a0<\/span><\/p>\n<p><span data-ccp-props=\"{}\">\u00a0<\/span><\/p>\n<p><b><span data-contrast=\"none\">Die \u00f6ffentliche Diskussion:<\/span><\/b><span data-ccp-props=\"{&quot;335551550&quot;:3,&quot;335551620&quot;:3}\">\u00a0<\/span><\/p>\n<p><b><span data-contrast=\"none\">Das Recht auf Leben<\/span><\/b><span data-ccp-props=\"{&quot;335551550&quot;:3,&quot;335551620&quot;:3}\">\u00a0<\/span><\/p>\n<p><span data-ccp-props=\"{&quot;335551550&quot;:3,&quot;335551620&quot;:3,&quot;335559739&quot;:360}\">\u00a0<\/span><\/p>\n<p><b><span data-contrast=\"auto\">Zeit:<\/span><\/b><span data-contrast=\"auto\">\u00a019.09.2020,<\/span><span data-contrast=\"auto\">\u00a0um 17:00 Uhr MEZ<\/span><span data-ccp-props=\"{&quot;335551550&quot;:3,&quot;335551620&quot;:3,&quot;335559739&quot;:360}\">\u00a0<\/span><\/p>\n<p><b><span data-contrast=\"auto\">Veranstaltungsort<\/span><\/b><b><span data-contrast=\"auto\">:<\/span><\/b><span data-contrast=\"auto\">\u00a0Paltalk\u00a0Civic,\u00a0Workplace\u00a0von Bremen<\/span><span data-ccp-props=\"{&quot;335551550&quot;:3,&quot;335551620&quot;:3,&quot;335559739&quot;:360}\">\u00a0<\/span><\/p>\n<p><span data-contrast=\"auto\">Paltalk; View all<\/span><span data-ccp-props=\"{&quot;335551550&quot;:3,&quot;335551620&quot;:3}\">\u00a0<\/span><\/p>\n<p><span data-contrast=\"auto\">Social\u00a0Issues\u00a0and Politics<\/span><span data-ccp-props=\"{&quot;335551550&quot;:3,&quot;335551620&quot;:3}\">\u00a0<\/span><\/p>\n<p><span data-contrast=\"auto\">Human Rights<\/span><span data-ccp-props=\"{&quot;335551550&quot;:3,&quot;335551620&quot;:3}\">\u00a0<\/span><\/p>\n<p><span data-contrast=\"auto\">Kanoon\u00a0Defa\u00a0az\u00a0Hoghogh\u00a0Bashar dar Iran, Bremen<\/span><span data-ccp-props=\"{&quot;335551550&quot;:3,&quot;335551620&quot;:3}\">\u00a0<\/span><\/p>\n<p><span data-ccp-props=\"{&quot;335551550&quot;:3,&quot;335551620&quot;:3}\">\u00a0<\/span><\/p>\n<p><b><span data-contrast=\"none\">Unsere Kollegen und Aktivisten, die uns bei diesem\u00a0<\/span><\/b><b><span data-contrast=\"none\">Treffen helfen:<\/span><\/b><span data-ccp-props=\"{&quot;335551550&quot;:3,&quot;335551620&quot;:3}\">\u00a0<\/span><\/p>\n<p><span data-ccp-props=\"{&quot;335551550&quot;:3,&quot;335551620&quot;:3}\">\u00a0<\/span><\/p>\n<p><b><span data-contrast=\"auto\">Verantwortlich f\u00fcr die Sitzung:\u00a0<\/span><\/b><span data-contrast=\"auto\">Hamed\u00a0Parnoush<\/span><span data-ccp-props=\"{&quot;335551550&quot;:3,&quot;335551620&quot;:3}\">\u00a0<\/span><\/p>\n<p><b><span data-contrast=\"auto\">Sekret\u00e4r der Sitzung:\u00a0\u00a0<\/span><\/b><span data-contrast=\"auto\">Ahmad Reza\u00a0Irannejad<\/span><span data-ccp-props=\"{&quot;335551550&quot;:3,&quot;335551620&quot;:3}\">\u00a0<\/span><\/p>\n<p><b><span data-contrast=\"auto\">Admins:\u00a0<\/span><\/b><span data-contrast=\"auto\">Reza\u00a0Chahrazi, Ahmad Reza\u00a0Irannejad, Hamed\u00a0Parnoush<\/span><span data-ccp-props=\"{&quot;335551550&quot;:3,&quot;335551620&quot;:3}\">\u00a0<\/span><\/p>\n<p><span data-ccp-props=\"{&quot;335551550&quot;:3,&quot;335551620&quot;:3}\">\u00a0<\/span><\/p>\n<p><span data-ccp-props=\"{&quot;335551550&quot;:3,&quot;335551620&quot;:3}\">\u00a0<\/span><\/p>\n<p><b><span data-contrast=\"auto\">Vereinigung zur Verteidigung der Menschenrechte im Iran<\/span><\/b><span data-ccp-props=\"{&quot;335551550&quot;:3,&quot;335551620&quot;:3}\">\u00a0<\/span><\/p>\n<p aria-level=\"1\"><b><span data-contrast=\"none\">Repr\u00e4sentation von Bremen<\/span><\/b><span data-ccp-props=\"{&quot;335551550&quot;:3,&quot;335551620&quot;:3,&quot;335559738&quot;:240}\">\u00a0<\/span><\/p>\n","protected":false},"excerpt":{"rendered":"<p>Vortrag, Fragen und Antworten, Diskussionen und Unterhalten\u00a0 \u00a0 Referenten und das Thema der Vortr\u00e4ge:\u00a0 \u00a0 Masoud\u00a0Zolfaghari: Bericht und Analyse der\u00a0Menschenrechteverletzungen im August\/September 2020\u00a0 \u00a0 Atefeh\u00a0Khajehnasiri\u00a0Yazdi: Artikel\u00a019\u00a0\u00dcberpr\u00fcfung der Allgemeinen Erkl\u00e4rung der Menschenrechte Und vergleichen ihn mit der Verfassung der Islamischen Republik Iran\u00a0 \u00a0 Ahmad Reza\u00a0Irannejad:Atheisten\u00a0im Iran\u00a0 \u00a0 Hamed\u00a0Parnoush:\u00a0F\u00fchrungsleistung und Bestimmung ihrer Kompetenz\u00a0<\/p><p><a class=\"more-link btn\" href=\"https:\/\/deutsch.bashariyat.org\/?p=3692\">Weiterlesen<\/a><\/p>\n","protected":false},"author":2,"featured_media":0,"comment_status":"closed","ping_status":"closed","sticky":false,"template":"","format":"standard","meta":{"footnotes":""},"categories":[1],"tags":[],"class_list":["post-3692","post","type-post","status-publish","format-standard","hentry","category-allgemein","item-wrap"],"_links":{"self":[{"href":"https:\/\/deutsch.bashariyat.org\/index.php?rest_route=\/wp\/v2\/posts\/3692","targetHints":{"allow":["GET"]}}],"collection":[{"href":"https:\/\/deutsch.bashariyat.org\/index.php?rest_route=\/wp\/v2\/posts"}],"about":[{"href":"https:\/\/deutsch.bashariyat.org\/index.php?rest_route=\/wp\/v2\/types\/post"}],"author":[{"embeddable":true,"href":"https:\/\/deutsch.bashariyat.org\/index.php?rest_route=\/wp\/v2\/users\/2"}],"replies":[{"embeddable":true,"href":"https:\/\/deutsch.bashariyat.org\/index.php?rest_route=%2Fwp%2Fv2%2Fcomments&post=3692"}],"version-history":[{"count":1,"href":"https:\/\/deutsch.bashariyat.org\/index.php?rest_route=\/wp\/v2\/posts\/3692\/revisions"}],"predecessor-version":[{"id":3693,"href":"https:\/\/deutsch.bashariyat.org\/index.php?rest_route=\/wp\/v2\/posts\/3692\/revisions\/3693"}],"wp:attachment":[{"href":"https:\/\/deutsch.bashariyat.org\/index.php?rest_route=%2Fwp%2Fv2%2Fmedia&parent=3692"}],"wp:term":[{"taxonomy":"category","embeddable":true,"href":"https:\/\/deutsch.bashariyat.org\/index.php?rest_route=%2Fwp%2Fv2%2Fcategories&post=3692"},{"taxonomy":"post_tag","embeddable":true,"href":"https:\/\/deutsch.bashariyat.org\/index.php?rest_route=%2Fwp%2Fv2%2Ftags&post=3692"}],"curies":[{"name":"wp","href":"https:\/\/api.w.org\/{rel}","templated":true}]}}