{"id":3701,"date":"2020-11-05T17:46:26","date_gmt":"2020-11-05T15:46:26","guid":{"rendered":"https:\/\/deutsch.bashariyat.org\/?p=3701"},"modified":"2021-03-30T15:04:53","modified_gmt":"2021-03-30T13:04:53","slug":"einladung-zur-sitzung-des-verteidigungsausschuss-der-anhaenger-der-religionen-rechte-im-iran-am-08-nov-2020","status":"publish","type":"post","link":"https:\/\/deutsch.bashariyat.org\/?p=3701","title":{"rendered":"Einladung zur Sitzung  des Verteidigungsausschuss der Anh\u00e4nger der Religionen-Rechte im Iran am 08.Nov.2020"},"content":{"rendered":"<p><span style=\"font-family: tahoma, arial, helvetica, sans-serif;\"><span style=\"color: #ff0000;\"><a href=\"https:\/\/deutsch.bashariyat.org\/wp-content\/uploads\/2020\/11\/stempel-einladung-constanze-pro2.jpg\"><img loading=\"lazy\" decoding=\"async\" class=\"alignnone size-thumbnail wp-image-3690\" src=\"https:\/\/deutsch.bashariyat.org\/wp-content\/uploads\/2020\/11\/stempel-einladung-constanze-pro2-150x150.jpg\" alt=\"\" width=\"150\" height=\"150\" data-id=\"3690\" srcset=\"https:\/\/deutsch.bashariyat.org\/wp-content\/uploads\/2020\/11\/stempel-einladung-constanze-pro2-150x150.jpg 150w, https:\/\/deutsch.bashariyat.org\/wp-content\/uploads\/2020\/11\/stempel-einladung-constanze-pro2.jpg 236w\" sizes=\"auto, (max-width: 150px) 100vw, 150px\" \/><\/a><\/span><\/span><\/p>\n<p style=\"text-align: center;\"><span style=\"color: #ff0000; font-family: tahoma, arial, helvetica, sans-serif;\">Eine Bewegung f\u00fcr Bewusstsein und Gerechtigkeit im Iran\u00a0<\/span><\/p>\n<p style=\"text-align: center;\"><span style=\"color: #ff0000; font-family: tahoma, arial, helvetica, sans-serif;\">\u00a0Vortrag, Fragen und Antworten, Diskussionen und Unterhalten\u00a0<\/span><\/p>\n<p style=\"text-align: center;\"><span style=\"color: #ff0000; font-family: tahoma, arial, helvetica, sans-serif;\" data-ccp-props=\"{&quot;201341983&quot;:0,&quot;335559739&quot;:160,&quot;335559740&quot;:240}\">\u00a0<\/span><\/p>\n<p><span style=\"font-family: tahoma, arial, helvetica, sans-serif;\"><b>Referenten und das Thema der Vortr\u00e4ge:<\/b>\u00a0<\/span><\/p>\n<p><span style=\"font-family: tahoma, arial, helvetica, sans-serif;\" data-ccp-props=\"{&quot;201341983&quot;:0,&quot;335559739&quot;:160,&quot;335559740&quot;:240}\">\u00a0<\/span><\/p>\n<p><span style=\"font-family: tahoma, arial, helvetica, sans-serif;\"><b>Arian Tavasoli<\/b><b>\u00a0<\/b><b>\u00a0:<\/b>\u00a0<\/span><span style=\"font-family: tahoma, arial, helvetica, sans-serif;\">Bericht und Analyse der Menschenrechteverletzungen der Anh\u00e4nger Religionen im Septamber\/Oktober 2020\u00a0<\/span><\/p>\n<p><span style=\"font-family: tahoma, arial, helvetica, sans-serif;\" data-ccp-props=\"{&quot;201341983&quot;:0,&quot;335559739&quot;:160,&quot;335559740&quot;:240}\">\u00a0<\/span><span style=\"font-family: tahoma, arial, helvetica, sans-serif;\"><b>Azar Erhami<\/b><b>\u00a0<\/b><b>\u00a0:<\/b>\u00a0<\/span><span style=\"font-family: tahoma, arial, helvetica, sans-serif;\">\u00dcberpr\u00fcfung des Artikels\u00a011\u00a0der Allgemeinen Erkl\u00e4rung der Menschenrechte Und dessen Vergleich mit der Verfassung der Islamischen Republik Iran\u00a0<\/span><\/p>\n<p><span style=\"font-family: tahoma, arial, helvetica, sans-serif;\" data-ccp-props=\"{&quot;201341983&quot;:0,&quot;335559739&quot;:160,&quot;335559740&quot;:240}\">\u00a0<\/span><span style=\"font-family: tahoma, arial, helvetica, sans-serif;\"><b>Mehrnoosh Imani Chegeni<\/b><b>\u00a0<\/b><b>\u00a0:<\/b>\u00a0<\/span><span style=\"font-family: tahoma, arial, helvetica, sans-serif;\">Die\u00a0Gr\u00fcnde f\u00fcr den Kollision mit sunnitischen Anh\u00e4ngern\u00a0\u00a0<\/span><\/p>\n<p><span style=\"font-family: tahoma, arial, helvetica, sans-serif;\" data-ccp-props=\"{&quot;201341983&quot;:0,&quot;335559739&quot;:160,&quot;335559740&quot;:240}\">\u00a0<\/span><span style=\"font-family: tahoma, arial, helvetica, sans-serif;\"><b>Milad Kianara<\/b><b>\u00a0<\/b><b>\u00a0:<\/b>\u00a0<\/span><span style=\"font-family: tahoma, arial, helvetica, sans-serif;\">Instrumenteller Gebrauch der Religion\u00a0<\/span><\/p>\n<p><span style=\"font-family: tahoma, arial, helvetica, sans-serif;\" data-ccp-props=\"{&quot;201341983&quot;:0,&quot;335559739&quot;:160,&quot;335559740&quot;:240}\">\u00a0<\/span><span style=\"font-family: tahoma, arial, helvetica, sans-serif;\"><b>Maryam Eftekhar<\/b><b>\u00a0<\/b><b>\u00a0:<\/b> <\/span><span style=\"font-family: tahoma, arial, helvetica, sans-serif;\">Die\u00a0Probleme der Bah\u00e1&#8217;\u00ed im Iran (nationale Identit\u00e4t und Karte)\u00a0<!--more--><\/span><\/p>\n<p><span style=\"font-family: tahoma, arial, helvetica, sans-serif;\" data-ccp-props=\"{&quot;201341983&quot;:0,&quot;335559739&quot;:160,&quot;335559740&quot;:240}\">\u00a0<\/span><\/p>\n<p style=\"text-align: center;\"><span style=\"font-family: tahoma, arial, helvetica, sans-serif;\">Ihre Meinungen, Ihre Fragen und Antworten am Ende jedes Abschnitts bringen uns unseren gemeinsamen Zielen n\u00e4her.\u00a0<\/span><\/p>\n<p><span style=\"font-family: tahoma, arial, helvetica, sans-serif;\"><b>D<\/b><b>ie \u00f6ffentliche Diskussion<\/b><b>\u00a0<\/b>(Unter der Leitung von Herrn\u00a0Milad Parsaei)\u00a0<b>:<\/b>\u00a0<\/span><span style=\"font-family: tahoma, arial, helvetica, sans-serif;\">Das Recht auf freie Wahl des Ehepartners (Ehe und Aufl\u00f6sung)\u00a0<\/span><\/p>\n<p><span style=\"font-family: tahoma, arial, helvetica, sans-serif;\" data-ccp-props=\"{&quot;201341983&quot;:0,&quot;335559739&quot;:160,&quot;335559740&quot;:240}\">\u00a0<\/span><\/p>\n<p style=\"text-align: center;\"><span style=\"font-family: tahoma, arial, helvetica, sans-serif;\">Die Planung und die Prognose f\u00fcr die Aktivit\u00e4ten des n\u00e4chsten Monats\u00a0<\/span><\/p>\n<p><span style=\"font-family: tahoma, arial, helvetica, sans-serif;\" data-ccp-props=\"{&quot;201341983&quot;:0,&quot;335559739&quot;:160,&quot;335559740&quot;:240}\">\u00a0<\/span><\/p>\n<p><span style=\"font-family: tahoma, arial, helvetica, sans-serif;\"><b>Zeit:\u00a0<\/b>Sonntag,\u00a008.Nov.2020, um 17:00 Uhr MEZ\u00a0<\/span><\/p>\n<p><span style=\"font-family: tahoma, arial, helvetica, sans-serif;\"><b>Veranstaltungsort<\/b><b>:<\/b>\u00a0Paltalk Civic, Workplace des Verteidigungsausschuss der Anh\u00e4nger der Religionen-Rechte\u00a0<\/span><\/p>\n<p><span style=\"font-family: tahoma, arial, helvetica, sans-serif;\">Paltalk;\u00a0View all\u00a0<\/span><\/p>\n<p><span style=\"font-family: tahoma, arial, helvetica, sans-serif;\">Social, Issues and Politics\u00a0<\/span><\/p>\n<p><span style=\"font-family: tahoma, arial, helvetica, sans-serif;\">Human Rights\u00a0<\/span><\/p>\n<p><span style=\"font-family: tahoma, arial, helvetica, sans-serif;\">Kanoon Defa az Hoghogh Bashar dar Iran, Komitteh Adian\u00a0<\/span><\/p>\n<p><span style=\"font-family: tahoma, arial, helvetica, sans-serif;\" data-ccp-props=\"{&quot;201341983&quot;:0,&quot;335559739&quot;:160,&quot;335559740&quot;:240}\">\u00a0<\/span><\/p>\n<p><span style=\"font-family: tahoma, arial, helvetica, sans-serif;\">Unsere Kollegen und Aktivisten, die uns bei diesem Treffen helfen:\u00a0<\/span><\/p>\n<p><span style=\"font-family: tahoma, arial, helvetica, sans-serif;\"><b>Verantwortlich f\u00fcr die Sitzung:<\/b>\u00a0Reza Abbasi Zamanabadi\u00a0<\/span><\/p>\n<p><span style=\"font-family: tahoma, arial, helvetica, sans-serif;\"><b>Sekret\u00e4r<\/b><b>\/in<\/b><b>\u00a0der Sitzung:<\/b>\u00a0Reza Abbasi Zamanabadi\u00a0\u00a0\u00a0<\/span><\/p>\n<p><span style=\"font-family: tahoma, arial, helvetica, sans-serif;\"><b>Tonaufnahme:<\/b>\u00a0Rasoul\u00a0Abbasi Zamanabadi,\u00a0Mahmoud Ghafourian Pirnia\u00a0<\/span><\/p>\n<p><span style=\"font-family: tahoma, arial, helvetica, sans-serif;\"><b>Admins:<\/b>\u00a0Azar Erhami,\u00a0Rasoul\u00a0Abbasi Zamanabadi, Hadi Dartomi,\u00a0Sam Jabbari\u00a0<\/span><\/p>\n<p><span style=\"font-family: tahoma, arial, helvetica, sans-serif;\" data-ccp-props=\"{&quot;201341983&quot;:0,&quot;335559739&quot;:160,&quot;335559740&quot;:240}\">\u00a0<\/span><\/p>\n<p style=\"text-align: center;\"><span style=\"font-family: tahoma, arial, helvetica, sans-serif;\"><b>Vereinigung zur Verteidigung der Menschenrechte im Iran<\/b>\u00a0<\/span><\/p>\n<p style=\"text-align: center;\"><span style=\"font-family: tahoma, arial, helvetica, sans-serif;\" data-ccp-props=\"{&quot;201341983&quot;:0,&quot;335559739&quot;:160,&quot;335559740&quot;:240}\">\u00a0<\/span><\/p>\n<p style=\"text-align: center;\"><span style=\"font-family: tahoma, arial, helvetica, sans-serif;\"><b>Ausschuss f\u00fcr\u00a0<\/b><b>die Anh\u00e4nger der Religionen<\/b>\u00a0<\/span><\/p>\n<p><span style=\"font-family: tahoma, arial, helvetica, sans-serif;\" data-ccp-props=\"{&quot;201341983&quot;:0,&quot;335559739&quot;:160,&quot;335559740&quot;:240}\">\u00a0<\/span><\/p>\n<p><span style=\"font-family: tahoma, arial, helvetica, sans-serif;\" data-ccp-props=\"{&quot;201341983&quot;:0,&quot;335559739&quot;:160,&quot;335559740&quot;:240}\">\u00a0<\/span><\/p>\n<p><span style=\"font-family: tahoma, arial, helvetica, sans-serif;\" data-ccp-props=\"{&quot;201341983&quot;:0,&quot;335559739&quot;:160,&quot;335559740&quot;:240}\">\u00a0<\/span><\/p>\n<p><span style=\"font-family: tahoma, arial, helvetica, sans-serif;\">Der \u00dcbersetzer: Mohammadhasan Hasanzadehmehrabadi\u00a0<\/span><\/p>\n","protected":false},"excerpt":{"rendered":"<p>Eine Bewegung f\u00fcr Bewusstsein und Gerechtigkeit im Iran\u00a0 \u00a0Vortrag, Fragen und Antworten, Diskussionen und Unterhalten\u00a0 \u00a0 Referenten und das Thema der Vortr\u00e4ge:\u00a0 \u00a0 Arian Tavasoli\u00a0\u00a0:\u00a0Bericht und Analyse der Menschenrechteverletzungen der Anh\u00e4nger Religionen im Septamber\/Oktober 2020\u00a0 \u00a0Azar Erhami\u00a0\u00a0:\u00a0\u00dcberpr\u00fcfung des Artikels\u00a011\u00a0der Allgemeinen Erkl\u00e4rung der Menschenrechte Und dessen Vergleich mit der Verfassung der Islamischen Republik Iran\u00a0 \u00a0Mehrnoosh Imani &hellip; <\/p>\n<p><a class=\"more-link btn\" href=\"https:\/\/deutsch.bashariyat.org\/?p=3701\">Weiterlesen<\/a><\/p>\n","protected":false},"author":2,"featured_media":0,"comment_status":"closed","ping_status":"closed","sticky":false,"template":"","format":"standard","meta":{"footnotes":""},"categories":[1],"tags":[],"class_list":["post-3701","post","type-post","status-publish","format-standard","hentry","category-allgemein","item-wrap"],"_links":{"self":[{"href":"https:\/\/deutsch.bashariyat.org\/index.php?rest_route=\/wp\/v2\/posts\/3701","targetHints":{"allow":["GET"]}}],"collection":[{"href":"https:\/\/deutsch.bashariyat.org\/index.php?rest_route=\/wp\/v2\/posts"}],"about":[{"href":"https:\/\/deutsch.bashariyat.org\/index.php?rest_route=\/wp\/v2\/types\/post"}],"author":[{"embeddable":true,"href":"https:\/\/deutsch.bashariyat.org\/index.php?rest_route=\/wp\/v2\/users\/2"}],"replies":[{"embeddable":true,"href":"https:\/\/deutsch.bashariyat.org\/index.php?rest_route=%2Fwp%2Fv2%2Fcomments&post=3701"}],"version-history":[{"count":4,"href":"https:\/\/deutsch.bashariyat.org\/index.php?rest_route=\/wp\/v2\/posts\/3701\/revisions"}],"predecessor-version":[{"id":4398,"href":"https:\/\/deutsch.bashariyat.org\/index.php?rest_route=\/wp\/v2\/posts\/3701\/revisions\/4398"}],"wp:attachment":[{"href":"https:\/\/deutsch.bashariyat.org\/index.php?rest_route=%2Fwp%2Fv2%2Fmedia&parent=3701"}],"wp:term":[{"taxonomy":"category","embeddable":true,"href":"https:\/\/deutsch.bashariyat.org\/index.php?rest_route=%2Fwp%2Fv2%2Fcategories&post=3701"},{"taxonomy":"post_tag","embeddable":true,"href":"https:\/\/deutsch.bashariyat.org\/index.php?rest_route=%2Fwp%2Fv2%2Ftags&post=3701"}],"curies":[{"name":"wp","href":"https:\/\/api.w.org\/{rel}","templated":true}]}}