{"id":3703,"date":"2020-10-20T17:55:15","date_gmt":"2020-10-20T15:55:15","guid":{"rendered":"https:\/\/deutsch.bashariyat.org\/?p=3703"},"modified":"2020-11-08T18:09:16","modified_gmt":"2020-11-08T16:09:16","slug":"audio-sitzungsbericht-der-monatlichen-sitzung-der-repraesentation-von-hamburg-am-25-okt-2020","status":"publish","type":"post","link":"https:\/\/deutsch.bashariyat.org\/?p=3703","title":{"rendered":"Audio-Sitzungsbericht der monatlichen Sitzung der Repr\u00e4sentation von Hamburg  am 25.Okt.2020"},"content":{"rendered":"<p>&nbsp;<\/p>\n<p><span data-ccp-props=\"{&quot;201341983&quot;:0,&quot;335559739&quot;:160,&quot;335559740&quot;:240}\">\u00a0<\/span><\/p>\n<p style=\"text-align: center;\"><span style=\"color: #ff0000;\">Die\u00a0monatliche\u00a0Online-Sitzung\u00a0der Repr\u00e4sentation von Hamburg fand am\u00a025.Okt.2020\u00a0um 12:<\/span><span data-contrast=\"none\"><span style=\"color: #ff0000;\">00 Uhr<\/span> <\/span><\/p>\n<p>&nbsp;<\/p>\n<p><span data-contrast=\"none\">mitteleurop\u00e4ischer Zeit statt, an de<\/span><span data-contrast=\"none\">r<\/span><span data-contrast=\"none\">\u00a0ein<\/span><span data-contrast=\"none\">ige Mitglieder<\/span><span data-contrast=\"none\">\u00a0der Repr\u00e4sentation von Hamburg\u00a0<\/span><span data-contrast=\"none\">sowie eine Gruppe von\u00a0<\/span><span data-contrast=\"none\">Hamburg lebenden Iranern und Kollegen\u00a0<\/span><span data-contrast=\"none\">unserer Vereinigung<\/span><span data-contrast=\"none\">\u00a0zur Verteidigung der Menschenrechte<\/span><span data-contrast=\"none\">\u00a0im Iran\u00a0<\/span><span data-contrast=\"none\">d<\/span><span data-contrast=\"none\">urch den Paltak-Raum\u00a0<\/span><span data-contrast=\"none\">teilnahmen.<\/span><!--more--><\/p>\n<p><span data-contrast=\"auto\">\u00a0<\/span><span data-contrast=\"none\">In dieser Online-Sitzung sprachen die Mitglieder \u00fcber\u00a0<\/span><span data-contrast=\"none\">Bericht und Analyse der Menschenrechteverletzungen im\u00a0<\/span><span data-contrast=\"none\">September\/Oktober 2020<\/span><span data-contrast=\"none\">,\u00a0<\/span><span data-contrast=\"none\">\u00dcberpr\u00fcfung des Artikels 2<\/span><span data-contrast=\"none\">7<\/span><span data-contrast=\"none\">\u00a0der Allgemeinen Erkl\u00e4rung der Menschenrechte Und dessen Vergleich mit der Verfassung der Islamischen Republik Iran<\/span><span data-contrast=\"none\">,\u00a0<\/span><span data-contrast=\"none\">Jihadi-Ansatz zur Atomfrage und zur Existenz des Iranes<\/span><span data-contrast=\"none\">,\u00a0<\/span><span data-contrast=\"none\">d<\/span><span data-contrast=\"none\">ie Klassenunterschiede\u00a0<\/span><span data-contrast=\"none\">und\u00a0<\/span><span data-contrast=\"none\">e<\/span><span data-contrast=\"none\">in Blick auf die Bildung im Iran<\/span><span data-contrast=\"none\">.\u00a0<\/span><span data-ccp-props=\"{&quot;201341983&quot;:0,&quot;335551550&quot;:6,&quot;335551620&quot;:6,&quot;335559739&quot;:160,&quot;335559740&quot;:240}\">\u00a0<\/span><\/p>\n<p><span data-contrast=\"none\">Am Ende der Online-Sitzung diskutierten un<\/span><span data-contrast=\"none\">d<\/span><span data-contrast=\"none\">\u00a0tauschten die Teilnehmer \u00fcber\u00a0<\/span><span data-contrast=\"none\">das Thema \u201e<\/span><span data-contrast=\"none\">Kinder und das Recht der Kinder im Iran<\/span><span data-contrast=\"none\">\u201c<\/span><span data-contrast=\"none\">\u00a0aus.<\/span><span data-contrast=\"none\">\u00a0<\/span><span data-ccp-props=\"{&quot;201341983&quot;:0,&quot;335551550&quot;:3,&quot;335551620&quot;:3,&quot;335559739&quot;:160,&quot;335559740&quot;:240}\">\u00a0<\/span><\/p>\n<p><span data-contrast=\"none\">Interessierte k\u00f6nnen die Audiodatei dieser Vortr\u00e4ge \u00fcber die folgenden Links anh\u00f6ren:<\/span><span data-ccp-props=\"{&quot;201341983&quot;:0,&quot;335551550&quot;:6,&quot;335551620&quot;:6,&quot;335559739&quot;:160,&quot;335559740&quot;:240}\">\u00a0<\/span><\/p>\n<p><span data-ccp-props=\"{&quot;201341983&quot;:0,&quot;335559739&quot;:160,&quot;335559740&quot;:240}\">\u00a0<\/span><\/p>\n<p><span data-ccp-props=\"{&quot;201341983&quot;:0,&quot;335559739&quot;:160,&quot;335559740&quot;:240}\">\u00a0<\/span><\/p>\n<p><span data-ccp-props=\"{&quot;201341983&quot;:0,&quot;335559739&quot;:160,&quot;335559740&quot;:240}\">\u00a0<\/span><\/p>\n<p><b><span data-contrast=\"none\">Einf\u00fchrung und\u00a0<\/span><\/b><b><span data-contrast=\"none\">Vorstellung<\/span><\/b><b><span data-contrast=\"none\">\u00a0<\/span><\/b><b><span data-contrast=\"none\">der Referente<\/span><\/b><span data-ccp-props=\"{&quot;201341983&quot;:0,&quot;335559739&quot;:160,&quot;335559740&quot;:240}\">\u00a0<\/span><\/p>\n<p><span data-ccp-props=\"{&quot;201341983&quot;:0,&quot;335559739&quot;:160,&quot;335559740&quot;:240}\">\u00a0<\/span><\/p>\n<p><span data-ccp-props=\"{&quot;201341983&quot;:0,&quot;335559739&quot;:160,&quot;335559740&quot;:240}\">\u00a0<\/span><\/p>\n<p><span data-ccp-props=\"{&quot;201341983&quot;:0,&quot;335559739&quot;:160,&quot;335559740&quot;:240}\">\u00a0<\/span><\/p>\n<p><b><span data-contrast=\"none\">Faezeh Rezaei\u00a0<\/span><\/b><b><span data-contrast=\"none\">\u00a0:<\/span><\/b><span data-contrast=\"none\">Bericht und Analyse der Menschenrechteverletzungen im September\/Oktober 2020<\/span><span data-ccp-props=\"{&quot;201341983&quot;:0,&quot;335559739&quot;:360,&quot;335559740&quot;:240}\">\u00a0<\/span><\/p>\n<p><span data-ccp-props=\"{&quot;201341983&quot;:0,&quot;335559739&quot;:160,&quot;335559740&quot;:240}\">\u00a0<\/span><\/p>\n<p><b><span data-contrast=\"none\">Zohreh Haghbaali :<\/span><\/b><b><span data-contrast=\"none\">\u00a0<\/span><\/b><span data-contrast=\"none\">\u00dcberpr\u00fcfung des Artikels 27 der Allgemeinen Erkl\u00e4rung der Menschenrechte Und dessen Vergleich mit der Verfassung der Islamischen Republik Iran<\/span><span data-ccp-props=\"{&quot;201341983&quot;:0,&quot;335559739&quot;:360,&quot;335559740&quot;:240,&quot;469777462&quot;:[7080],&quot;469777927&quot;:[0],&quot;469777928&quot;:[1]}\">\u00a0<\/span><\/p>\n<p><span data-ccp-props=\"{&quot;201341983&quot;:0,&quot;335559739&quot;:160,&quot;335559740&quot;:240}\">\u00a0<\/span><\/p>\n<p><b><span data-contrast=\"none\">Hosein Salmanian\u00a0<\/span><\/b><b><span data-contrast=\"none\">\u00a0:<\/span><\/b><span data-contrast=\"none\">Jihadi-Ansatz zur Atomfrage und zur Existenz des Iranes<\/span><span data-ccp-props=\"{&quot;201341983&quot;:0,&quot;335559739&quot;:160,&quot;335559740&quot;:240}\">\u00a0<\/span><\/p>\n<p><span data-ccp-props=\"{&quot;201341983&quot;:0,&quot;335559739&quot;:360,&quot;335559740&quot;:240}\">\u00a0<\/span><\/p>\n<p><b><span data-contrast=\"none\">Fatemeh Khosravani\u202f<\/span><\/b><b><span data-contrast=\"none\">:\u00a0<\/span><\/b><span data-contrast=\"none\">Die Klassenunterschiede<\/span><span data-ccp-props=\"{&quot;201341983&quot;:0,&quot;335559739&quot;:360,&quot;335559740&quot;:240}\">\u00a0<\/span><\/p>\n<p><span data-ccp-props=\"{&quot;201341983&quot;:2,&quot;335559739&quot;:160,&quot;335559740&quot;:540,&quot;469777462&quot;:[916,1832,2748,3664,4580,5496,6412,7328,8244,9160,10076,10992,11908,12824,13740,14656],&quot;469777927&quot;:[0,0,0,0,0,0,0,0,0,0,0,0,0,0,0,0],&quot;469777928&quot;:[1,1,1,1,1,1,1,1,1,1,1,1,1,1,1,1]}\">\u00a0<\/span><\/p>\n<p><b><span data-contrast=\"none\">Marzieh Mahdieh\u202f:<\/span><\/b><b><span data-contrast=\"none\">\u00a0<\/span><\/b><span data-contrast=\"none\">Ein Blick auf die Bildung im Iran<\/span><span data-ccp-props=\"{&quot;201341983&quot;:0,&quot;335559739&quot;:360,&quot;335559740&quot;:240}\">\u00a0<\/span><\/p>\n<p><span data-ccp-props=\"{&quot;201341983&quot;:2,&quot;335559739&quot;:160,&quot;335559740&quot;:540,&quot;469777462&quot;:[916,1832,2748,3664,4580,5496,6412,7328,8244,9160,10076,10992,11908,12824,13740,14656],&quot;469777927&quot;:[0,0,0,0,0,0,0,0,0,0,0,0,0,0,0,0],&quot;469777928&quot;:[1,1,1,1,1,1,1,1,1,1,1,1,1,1,1,1]}\">\u00a0<\/span><\/p>\n<p><span data-ccp-props=\"{&quot;201341983&quot;:0,&quot;335559739&quot;:360,&quot;335559740&quot;:240}\">\u00a0<\/span><\/p>\n<p><b><span data-contrast=\"none\">Die \u00f6ffentliche Diskussion\u00a0<\/span><\/b><span data-contrast=\"none\">(Unter der Leitung von Herrn Mohammad Farshidian)\u00a0<\/span><b><span data-contrast=\"none\">:\u00a0<\/span><\/b><span data-contrast=\"none\">Kinder und das Recht der Kinder im Iran<\/span><span data-ccp-props=\"{&quot;201341983&quot;:0,&quot;335559739&quot;:360,&quot;335559740&quot;:240}\">\u00a0<\/span><\/p>\n<p><span data-ccp-props=\"{&quot;201341983&quot;:0,&quot;335559739&quot;:360,&quot;335559740&quot;:240}\">\u00a0<\/span><\/p>\n<p>&nbsp;<\/p>\n<p><span data-ccp-props=\"{&quot;201341983&quot;:0,&quot;335559739&quot;:160,&quot;335559740&quot;:240}\">\u00a0<\/span><\/p>\n<p><span data-ccp-props=\"{&quot;201341983&quot;:0,&quot;335559739&quot;:160,&quot;335559740&quot;:240}\">\u00a0<\/span><\/p>\n<p><span data-ccp-props=\"{&quot;201341983&quot;:0,&quot;335559739&quot;:160,&quot;335559740&quot;:240}\">\u00a0<\/span><\/p>\n<p><span data-ccp-props=\"{&quot;201341983&quot;:0,&quot;335559739&quot;:160,&quot;335559740&quot;:240}\">\u00a0<\/span><\/p>\n<p>&nbsp;<\/p>\n","protected":false},"excerpt":{"rendered":"<p>&nbsp; \u00a0 Die\u00a0monatliche\u00a0Online-Sitzung\u00a0der Repr\u00e4sentation von Hamburg fand am\u00a025.Okt.2020\u00a0um 12:00 Uhr &nbsp; mitteleurop\u00e4ischer Zeit statt, an der\u00a0einige Mitglieder\u00a0der Repr\u00e4sentation von Hamburg\u00a0sowie eine Gruppe von\u00a0Hamburg lebenden Iranern und Kollegen\u00a0unserer Vereinigung\u00a0zur Verteidigung der Menschenrechte\u00a0im Iran\u00a0durch den Paltak-Raum\u00a0teilnahmen.<\/p><p><a class=\"more-link btn\" href=\"https:\/\/deutsch.bashariyat.org\/?p=3703\">Weiterlesen<\/a><\/p>\n","protected":false},"author":2,"featured_media":0,"comment_status":"closed","ping_status":"closed","sticky":false,"template":"","format":"standard","meta":{"footnotes":""},"categories":[1],"tags":[],"class_list":["post-3703","post","type-post","status-publish","format-standard","hentry","category-allgemein","item-wrap"],"_links":{"self":[{"href":"https:\/\/deutsch.bashariyat.org\/index.php?rest_route=\/wp\/v2\/posts\/3703","targetHints":{"allow":["GET"]}}],"collection":[{"href":"https:\/\/deutsch.bashariyat.org\/index.php?rest_route=\/wp\/v2\/posts"}],"about":[{"href":"https:\/\/deutsch.bashariyat.org\/index.php?rest_route=\/wp\/v2\/types\/post"}],"author":[{"embeddable":true,"href":"https:\/\/deutsch.bashariyat.org\/index.php?rest_route=\/wp\/v2\/users\/2"}],"replies":[{"embeddable":true,"href":"https:\/\/deutsch.bashariyat.org\/index.php?rest_route=%2Fwp%2Fv2%2Fcomments&post=3703"}],"version-history":[{"count":1,"href":"https:\/\/deutsch.bashariyat.org\/index.php?rest_route=\/wp\/v2\/posts\/3703\/revisions"}],"predecessor-version":[{"id":3704,"href":"https:\/\/deutsch.bashariyat.org\/index.php?rest_route=\/wp\/v2\/posts\/3703\/revisions\/3704"}],"wp:attachment":[{"href":"https:\/\/deutsch.bashariyat.org\/index.php?rest_route=%2Fwp%2Fv2%2Fmedia&parent=3703"}],"wp:term":[{"taxonomy":"category","embeddable":true,"href":"https:\/\/deutsch.bashariyat.org\/index.php?rest_route=%2Fwp%2Fv2%2Fcategories&post=3703"},{"taxonomy":"post_tag","embeddable":true,"href":"https:\/\/deutsch.bashariyat.org\/index.php?rest_route=%2Fwp%2Fv2%2Ftags&post=3703"}],"curies":[{"name":"wp","href":"https:\/\/api.w.org\/{rel}","templated":true}]}}