{"id":3719,"date":"2020-11-11T01:26:37","date_gmt":"2020-11-10T23:26:37","guid":{"rendered":"https:\/\/deutsch.bashariyat.org\/?p=3719"},"modified":"2020-11-11T01:26:37","modified_gmt":"2020-11-10T23:26:37","slug":"sitzung-des-ausschusses-fuer-die-verteidigung-der-rechte-iranischer-staemme-und-nationen-audio-bericht-vom-14-nov-2020","status":"publish","type":"post","link":"https:\/\/deutsch.bashariyat.org\/?p=3719","title":{"rendered":"Sitzung des Ausschusses f\u00fcr die Verteidigung der Rechte iranischer St\u00e4mme und Nationen Audio-Bericht vom 14.Nov.2020"},"content":{"rendered":"<p><span style=\"font-family: tahoma, arial, helvetica, sans-serif;\"><strong>D<\/strong>ie Sitzung de<\/span><span style=\"font-family: tahoma, arial, helvetica, sans-serif;\">s Ausschusses f\u00fcr die Verteidigung der Rechte iranischer St\u00e4mme und Nationen wurde am <span style=\"color: #ff0000;\">14.Nov.2020<\/span> um <span style=\"color: #ff0000;\">15 Uh<\/span>r mitteleurop\u00e4ischer Zeit von Mahnaz Ahmadi\u00a0 als Verantwortlicher unter Beteiligung von Ausschussmitgliedern, Delegation von Menschenrechtsaktivisten und anderen G\u00e4sten im\u00a0Palktalk\u00a0und Zoom-Cyberspace abgehalten.\u00a0<\/span><!--more--><\/p>\n<p><span style=\"font-family: tahoma, arial, helvetica, sans-serif;\">In diesem Treffen: Der Bericht und die Analyse der Rechteverletzungen der iranischen St\u00e4mme und Nationen im ,Nov.2020 der 25. Artikel der Allgemeinen Erkl\u00e4rung der Menschenrechte und ihr Vergleich mit der Verfassung der Islamischen Republik Iran, das Recht auf Leben, das Recht auf Staatsb\u00fcrgerschaft oder das \u00dcberleben des Regimes und am Ende dieses Treffens als Angelegenheit der freien Diskussion; Das Protestrecht im Gef\u00e4ngnis und in der Gesellschaft wurde diskutiert.\u00a0<\/span><\/p>\n<p><span style=\"font-family: tahoma, arial, helvetica, sans-serif;\" data-ccp-props=\"{&quot;201341983&quot;:0,&quot;335559739&quot;:160,&quot;335559740&quot;:259}\">\u00a0<\/span><\/p>\n<p><a href=\"https:\/\/deutsch.bashariyat.org\/wp-content\/uploads\/2019\/08\/photo_2019-07-29_23-52-44.jpg\"><img loading=\"lazy\" decoding=\"async\" class=\"size-thumbnail wp-image-2165\" src=\"https:\/\/deutsch.bashariyat.org\/wp-content\/uploads\/2019\/08\/photo_2019-07-29_23-52-44-150x150.jpg\" alt=\"\" width=\"150\" height=\"150\" data-id=\"2165\" \/><\/a><\/p>\n<p><span style=\"font-family: tahoma, arial, helvetica, sans-serif;\" data-ccp-props=\"{&quot;201341983&quot;:0,&quot;335559739&quot;:160,&quot;335559740&quot;:259}\">\u00a0<\/span><\/p>\n<p><span style=\"font-family: tahoma, arial, helvetica, sans-serif;\"><a href=\"http:\/\/azadegy.de\/jalasehaghvam11apr2020\/aliemamgholi.mp3\">Elnaz Asadi safa<\/a>: Der\u00a0Bericht\u00a0und die Analyse der\u00a0Rechteverletzung\u00a0der\u00a0iranischen\u00a0St\u00e4mme\u00a0und\u00a0Nationen\u00a0im\u00a0Mehr 1399\u00a0<\/span><\/p>\n<p><span style=\"font-family: tahoma, arial, helvetica, sans-serif;\"><a href=\"http:\/\/azadegy.de\/jalasehaghvam11apr2020\/aliemamgholi.mp3\">Rahman Noubovinezhad: Der 21. Artikel der Allgemeinen Erkl\u00e4rung der Menschenrechte und ihr Vergleich mit der Verfassung der Islamischen Republik Iran<\/a>\u00a0<\/span><\/p>\n<p><span style=\"font-family: tahoma, arial, helvetica, sans-serif;\">Teil II:\u00a0<\/span><\/p>\n<p><span style=\"font-family: tahoma, arial, helvetica, sans-serif;\">Shabnam\u00a0Rezavand\u00a0<\/span><\/p>\n<p><span style=\"font-family: tahoma, arial, helvetica, sans-serif;\">Nahid\u00a0Iuzi\u00a0<\/span><\/p>\n<p><span style=\"font-family: tahoma, arial, helvetica, sans-serif;\">Freie\u00a0Diskussion\u00a0mit\u00a0der Verwaltung von Naser\u00a0Nowroozo\u00a0Barkosaraei:\u00a0Das Recht auf Sicherheit und Wohlfahrt\u00a0<\/span><\/p>\n<p>\u00dcbersetzung :<\/p>\n<p>Ahmad Haji Ghader Marhomi<\/p>\n<p>Sahar Haji Ghader Marhomi<\/p>\n","protected":false},"excerpt":{"rendered":"<p>Die Sitzung des Ausschusses f\u00fcr die Verteidigung der Rechte iranischer St\u00e4mme und Nationen wurde am 14.Nov.2020 um 15 Uhr mitteleurop\u00e4ischer Zeit von Mahnaz Ahmadi\u00a0 als Verantwortlicher unter Beteiligung von Ausschussmitgliedern, Delegation von Menschenrechtsaktivisten und anderen G\u00e4sten im\u00a0Palktalk\u00a0und Zoom-Cyberspace abgehalten.\u00a0<\/p><p><a class=\"more-link btn\" href=\"https:\/\/deutsch.bashariyat.org\/?p=3719\">Weiterlesen<\/a><\/p>\n","protected":false},"author":2,"featured_media":0,"comment_status":"closed","ping_status":"closed","sticky":false,"template":"","format":"standard","meta":{"footnotes":""},"categories":[1],"tags":[],"class_list":["post-3719","post","type-post","status-publish","format-standard","hentry","category-allgemein","item-wrap"],"_links":{"self":[{"href":"https:\/\/deutsch.bashariyat.org\/index.php?rest_route=\/wp\/v2\/posts\/3719","targetHints":{"allow":["GET"]}}],"collection":[{"href":"https:\/\/deutsch.bashariyat.org\/index.php?rest_route=\/wp\/v2\/posts"}],"about":[{"href":"https:\/\/deutsch.bashariyat.org\/index.php?rest_route=\/wp\/v2\/types\/post"}],"author":[{"embeddable":true,"href":"https:\/\/deutsch.bashariyat.org\/index.php?rest_route=\/wp\/v2\/users\/2"}],"replies":[{"embeddable":true,"href":"https:\/\/deutsch.bashariyat.org\/index.php?rest_route=%2Fwp%2Fv2%2Fcomments&post=3719"}],"version-history":[{"count":1,"href":"https:\/\/deutsch.bashariyat.org\/index.php?rest_route=\/wp\/v2\/posts\/3719\/revisions"}],"predecessor-version":[{"id":3720,"href":"https:\/\/deutsch.bashariyat.org\/index.php?rest_route=\/wp\/v2\/posts\/3719\/revisions\/3720"}],"wp:attachment":[{"href":"https:\/\/deutsch.bashariyat.org\/index.php?rest_route=%2Fwp%2Fv2%2Fmedia&parent=3719"}],"wp:term":[{"taxonomy":"category","embeddable":true,"href":"https:\/\/deutsch.bashariyat.org\/index.php?rest_route=%2Fwp%2Fv2%2Fcategories&post=3719"},{"taxonomy":"post_tag","embeddable":true,"href":"https:\/\/deutsch.bashariyat.org\/index.php?rest_route=%2Fwp%2Fv2%2Ftags&post=3719"}],"curies":[{"name":"wp","href":"https:\/\/api.w.org\/{rel}","templated":true}]}}