{"id":3780,"date":"2020-11-11T22:19:13","date_gmt":"2020-11-11T20:19:13","guid":{"rendered":"https:\/\/deutsch.bashariyat.org\/?p=3780"},"modified":"2020-11-18T23:00:42","modified_gmt":"2020-11-18T21:00:42","slug":"einladung-zur-sitzung-skandinavischer-repraesentation-am-15-nov-2020","status":"publish","type":"post","link":"https:\/\/deutsch.bashariyat.org\/?p=3780","title":{"rendered":"Einladung zur Sitzung Skandinavischer Repr\u00e4sentation  am 15.Nov.2020"},"content":{"rendered":"<p>&nbsp;<\/p>\n<p style=\"text-align: center;\"><span style=\"color: #ff0000;\">Eine Ma\u00dfnahme f\u00fcr Bewusstsein und Gerechtigkeit im Iran<\/span><\/p>\n<p style=\"text-align: center;\"><span style=\"color: #ff0000;\">Vortrag, Fragen und Antworten, Diskussionen und Unterhalten<\/span><\/p>\n<p>&nbsp;<\/p>\n<p><strong>Referenten und das Thema der Vortr\u00e4ge:<\/strong><\/p>\n<p>&nbsp;<\/p>\n<p><strong>Mahmoud Havalat <\/strong><strong>\u00a0:<\/strong><\/p>\n<p>Bericht und Analyse der Menschenrechteverletzungen der Anh\u00e4nger Religionen im Okt.\/Nov. 2020<\/p>\n<p>&nbsp;<\/p>\n<p><strong>Hadi Dartomi <\/strong><strong>\u00a0:<\/strong><\/p>\n<p>\u00dcberpr\u00fcfung des Artikels 11 der Allgemeinen Erkl\u00e4rung der Menschenrechte Und dessen Vergleich mit der Verfassung der Islamischen Republik Iran<!--more--><\/p>\n<p>&nbsp;<\/p>\n<p><strong>Nouri Sharifi <\/strong><strong>\u00a0:<\/strong><\/p>\n<p>Jahrestag der Proteste im November 98<\/p>\n<p><strong>\u00a0<\/strong><\/p>\n<p><strong>Batool Farsi\u00a0 : <\/strong><\/p>\n<p>Die Familienmorde<\/p>\n<p><strong>Hani Rostamzadeh<\/strong> <strong>:<\/strong><\/p>\n<p>Die Wurzel der Verzweiflung in Generationen von Kindern<\/p>\n<p>&nbsp;<\/p>\n<p>Am Ende jedes Abschnitts finden Fragen und Antworten statt.<\/p>\n<p><strong>Die \u00f6ffentliche Diskussion<\/strong>(Unter der Leitung von Frau Niloufar Jalili)<strong>:<\/strong><\/p>\n<p>Probleme des Zentralismus im Iran<\/p>\n<p><strong>\u00a0<\/strong><\/p>\n<p>Die Planung und die Prognose f\u00fcr die Aktivit\u00e4ten des n\u00e4chsten Monats<\/p>\n<p>&nbsp;<\/p>\n<p><strong>Zeit:<\/strong><strong>\u00a0<\/strong>Sonntag, 15.Nov.2020 um 18 Uhr MEZ und 20:30 IRZ<\/p>\n<p><strong>Veranstaltungsort:<\/strong><\/p>\n<ul>\n<li>Paltalk Civic, Workplace\u00a0der Repr\u00e4sentation von Skandinavien<\/li>\n<\/ul>\n<p>Paltalk: View all<\/p>\n<p>Social Issues and Politics<\/p>\n<p>Human Rights<\/p>\n<p>Kanoon Defa az Hoghogh Bashar dar Iran Scandinavia<\/p>\n<ul>\n<li>Zoom:<\/li>\n<\/ul>\n<p>https:\/\/zoom.us\/j\/8057930858?pwd=b2RQaXNlWTBQejlLc1RjVkRmd3dPUT09<\/p>\n<p>&nbsp;<\/p>\n<p>Unsere Kollegen und Aktivisten, die uns bei diesem Treffen helfen:<\/p>\n<p><strong>Verantwortlich f\u00fcr die Sitzung:<\/strong> Hadi Dartomi<\/p>\n<p><strong>Sekret\u00e4r der Sitzung:<\/strong> Reza Abbasi Zamanabadi<\/p>\n<p><strong>Tonaufnahme:<\/strong> Hadi Dartomi, Ahmad Molazadeh<\/p>\n<p><strong>Admins:<\/strong> Reza Abbasi Zamanabadi, Mahmoud Havalat, Nazanin Tayyebi, Benjamin Rajabian<\/p>\n<p>&nbsp;<\/p>\n<p><strong>Vereinigung zur Verteidigung der Menschenrechte im Iran e.V.<\/strong><\/p>\n<p><strong>\u00a0<\/strong><\/p>\n<p><strong>Repr\u00e4sentation von Skandinavien<\/strong><\/p>\n<p><strong>\u00a0<\/strong><\/p>\n<p><strong>\u00a0<\/strong><\/p>\n<p><strong>\u00a0<\/strong><\/p>\n<p>Der \u00dcbersetzer: Mohammadhasan Hasanzadehmehrabadi<\/p>\n<p><strong>\u00a0<\/strong><\/p>\n<p><strong>Einladung zur Sitzung Skandinavischer Repr\u00e4sentation<\/strong><\/p>\n<p><strong>am 15.Nov.2020<\/strong><\/p>\n<p><strong>\u00a0<\/strong><\/p>\n<p>Eine Ma\u00dfnahme f\u00fcr Bewusstsein und Gerechtigkeit im Iran<\/p>\n<p>Vortrag, Fragen und Antworten, Diskussionen und Unterhalten<\/p>\n<p>&nbsp;<\/p>\n<p><strong>Referenten und das Thema der Vortr\u00e4ge:<\/strong><\/p>\n<p>&nbsp;<\/p>\n<p><strong>Mahmoud Havalat <\/strong><strong>\u00a0:<\/strong><\/p>\n<p>Bericht und Analyse der Menschenrechteverletzungen der Anh\u00e4nger Religionen im Okt.\/Nov. 2020<\/p>\n<p>&nbsp;<\/p>\n<p><strong>Hadi Dartomi <\/strong><strong>\u00a0:<\/strong><\/p>\n<p>\u00dcberpr\u00fcfung des Artikels 11 der Allgemeinen Erkl\u00e4rung der Menschenrechte Und dessen Vergleich mit der Verfassung der Islamischen Republik Iran<\/p>\n<p>&nbsp;<\/p>\n<p><strong>Nouri Sharifi <\/strong><strong>\u00a0:<\/strong><\/p>\n<p>Jahrestag der Proteste im November 98<\/p>\n<p><strong>\u00a0<\/strong><\/p>\n<p><strong>Batool Farsi\u00a0 : <\/strong><\/p>\n<p>Die Familienmorde<\/p>\n<p><strong>Hani Rostamzadeh<\/strong> <strong>:<\/strong><\/p>\n<p>Die Wurzel der Verzweiflung in Generationen von Kindern<\/p>\n<p>&nbsp;<\/p>\n<p>Am Ende jedes Abschnitts finden Fragen und Antworten statt.<\/p>\n<p><strong>Die \u00f6ffentliche Diskussion<\/strong>(Unter der Leitung von Frau Niloufar Jalili)<strong>:<\/strong><\/p>\n<p>Probleme des Zentralismus im Iran<\/p>\n<p><strong>\u00a0<\/strong><\/p>\n<p>Die Planung und die Prognose f\u00fcr die Aktivit\u00e4ten des n\u00e4chsten Monats<\/p>\n<p>&nbsp;<\/p>\n<p><strong>Zeit:<\/strong><strong>\u00a0<\/strong>Sonntag, 15.Nov.2020 um 18 Uhr MEZ und 20:30 IRZ<\/p>\n<p><strong>Veranstaltungsort:<\/strong><\/p>\n<ul>\n<li>Paltalk Civic, Workplace\u00a0der Repr\u00e4sentation von Skandinavien<\/li>\n<\/ul>\n<p>Paltalk: View all<\/p>\n<p>Social Issues and Politics<\/p>\n<p>Human Rights<\/p>\n<p>Kanoon Defa az Hoghogh Bashar dar Iran Scandinavia<\/p>\n<ul>\n<li>Zoom:<\/li>\n<\/ul>\n<p>https:\/\/zoom.us\/j\/8057930858?pwd=b2RQaXNlWTBQejlLc1RjVkRmd3dPUT09<\/p>\n<p>&nbsp;<\/p>\n<p>Unsere Kollegen und Aktivisten, die uns bei diesem Treffen helfen:<\/p>\n<p><strong>Verantwortlich f\u00fcr die Sitzung:<\/strong> Hadi Dartomi<\/p>\n<p><strong>Sekret\u00e4r der Sitzung:<\/strong> Reza Abbasi Zamanabadi<\/p>\n<p><strong>Tonaufnahme:<\/strong> Hadi Dartomi, Ahmad Molazadeh<\/p>\n<p><strong>Admins:<\/strong> Reza Abbasi Zamanabadi, Mahmoud Havalat, Nazanin Tayyebi, Benjamin Rajabian<\/p>\n<p>&nbsp;<\/p>\n<p><strong>Vereinigung zur Verteidigung der Menschenrechte im Iran e.V.<\/strong><\/p>\n<p><strong>\u00a0<\/strong><\/p>\n<p><strong>Repr\u00e4sentation von Skandinavien<\/strong><\/p>\n<p><strong>\u00a0<\/strong><\/p>\n<p><strong>\u00a0<\/strong><\/p>\n<p><strong>\u00a0<\/strong><\/p>\n<p>Der \u00dcbersetzer: Mohammadhasan Hasanzadehmehrabadi<\/p>\n","protected":false},"excerpt":{"rendered":"<p>&nbsp; Eine Ma\u00dfnahme f\u00fcr Bewusstsein und Gerechtigkeit im Iran Vortrag, Fragen und Antworten, Diskussionen und Unterhalten &nbsp; Referenten und das Thema der Vortr\u00e4ge: &nbsp; Mahmoud Havalat \u00a0: Bericht und Analyse der Menschenrechteverletzungen der Anh\u00e4nger Religionen im Okt.\/Nov. 2020 &nbsp; Hadi Dartomi \u00a0: \u00dcberpr\u00fcfung des Artikels 11 der Allgemeinen Erkl\u00e4rung der Menschenrechte Und dessen Vergleich mit &hellip; <\/p>\n<p><a class=\"more-link btn\" href=\"https:\/\/deutsch.bashariyat.org\/?p=3780\">Weiterlesen<\/a><\/p>\n","protected":false},"author":2,"featured_media":0,"comment_status":"closed","ping_status":"closed","sticky":false,"template":"","format":"standard","meta":{"footnotes":""},"categories":[1],"tags":[],"class_list":["post-3780","post","type-post","status-publish","format-standard","hentry","category-allgemein","item-wrap"],"_links":{"self":[{"href":"https:\/\/deutsch.bashariyat.org\/index.php?rest_route=\/wp\/v2\/posts\/3780","targetHints":{"allow":["GET"]}}],"collection":[{"href":"https:\/\/deutsch.bashariyat.org\/index.php?rest_route=\/wp\/v2\/posts"}],"about":[{"href":"https:\/\/deutsch.bashariyat.org\/index.php?rest_route=\/wp\/v2\/types\/post"}],"author":[{"embeddable":true,"href":"https:\/\/deutsch.bashariyat.org\/index.php?rest_route=\/wp\/v2\/users\/2"}],"replies":[{"embeddable":true,"href":"https:\/\/deutsch.bashariyat.org\/index.php?rest_route=%2Fwp%2Fv2%2Fcomments&post=3780"}],"version-history":[{"count":2,"href":"https:\/\/deutsch.bashariyat.org\/index.php?rest_route=\/wp\/v2\/posts\/3780\/revisions"}],"predecessor-version":[{"id":3782,"href":"https:\/\/deutsch.bashariyat.org\/index.php?rest_route=\/wp\/v2\/posts\/3780\/revisions\/3782"}],"wp:attachment":[{"href":"https:\/\/deutsch.bashariyat.org\/index.php?rest_route=%2Fwp%2Fv2%2Fmedia&parent=3780"}],"wp:term":[{"taxonomy":"category","embeddable":true,"href":"https:\/\/deutsch.bashariyat.org\/index.php?rest_route=%2Fwp%2Fv2%2Fcategories&post=3780"},{"taxonomy":"post_tag","embeddable":true,"href":"https:\/\/deutsch.bashariyat.org\/index.php?rest_route=%2Fwp%2Fv2%2Ftags&post=3780"}],"curies":[{"name":"wp","href":"https:\/\/api.w.org\/{rel}","templated":true}]}}