{"id":3792,"date":"2020-11-20T17:32:58","date_gmt":"2020-11-20T15:32:58","guid":{"rendered":"https:\/\/deutsch.bashariyat.org\/?p=3792"},"modified":"2020-11-21T20:18:43","modified_gmt":"2020-11-21T18:18:43","slug":"einladung-zur-sitzung-repraesentation-von-bremen-am-21-nov-2020","status":"publish","type":"post","link":"https:\/\/deutsch.bashariyat.org\/?p=3792","title":{"rendered":"Einladung zur Sitzung Repr\u00e4sentation von Bremen am 21.Nov.2020"},"content":{"rendered":"<p style=\"text-align: center;\"><span style=\"color: #ff0000; font-family: tahoma, arial, helvetica, sans-serif;\"><strong><span style=\"font-size: 14pt;\">Bitte begleiten sie uns<\/span>, <\/strong><span style=\"color: #000000;\">weil unsere Ziele sind :<\/span><\/span><\/p>\n<p style=\"text-align: center;\"><span style=\"font-family: tahoma, arial, helvetica, sans-serif;\">Untersuchung und Reflexion der Verletzungen der Rechte von Landsleuten in der Islamischen Republik Iran <\/span><\/p>\n<p style=\"text-align: center;\"><span style=\"font-size: 14pt; font-family: tahoma, arial, helvetica, sans-serif;\"><strong>Und das ist mit Ihrer Zusammenarbeit m\u00f6glich.<\/strong><\/span><\/p>\n<p style=\"text-align: center;\"><span style=\"font-family: tahoma, arial, helvetica, sans-serif;\">Samstag 21.Nov.2020 um 17:00 Uhr EMZ<\/span><\/p>\n<p><span style=\"font-family: tahoma, arial, helvetica, sans-serif;\"><a href=\"https:\/\/deutsch.bashariyat.org\/wp-content\/uploads\/2020\/11\/stempel-einladung-constanze-pro2.jpg\"><img loading=\"lazy\" decoding=\"async\" class=\"alignnone size-thumbnail wp-image-3690\" src=\"https:\/\/deutsch.bashariyat.org\/wp-content\/uploads\/2020\/11\/stempel-einladung-constanze-pro2-150x150.jpg\" alt=\"\" width=\"150\" height=\"150\" data-id=\"3690\" srcset=\"https:\/\/deutsch.bashariyat.org\/wp-content\/uploads\/2020\/11\/stempel-einladung-constanze-pro2-150x150.jpg 150w, https:\/\/deutsch.bashariyat.org\/wp-content\/uploads\/2020\/11\/stempel-einladung-constanze-pro2.jpg 236w\" sizes=\"auto, (max-width: 150px) 100vw, 150px\" \/><\/a><!--more--><\/span><\/p>\n<p><span style=\"font-family: tahoma, arial, helvetica, sans-serif;\"><strong>Im ersten Teil :<\/strong><\/span><\/p>\n<p><span style=\"font-family: tahoma, arial, helvetica, sans-serif;\">Ahmad Reza Irannezhad Kolo Alia:<\/span><\/p>\n<p><span style=\"font-family: tahoma, arial, helvetica, sans-serif;\">\u00a0Bericht und Analyse der\u00a0Menschenrechteverletzungen im Oct\/Nov 2020<\/span><\/p>\n<p><span style=\"font-family: tahoma, arial, helvetica, sans-serif;\"><strong><span style=\"color: #ff0000;\">Jamal Soltani:<\/span><\/strong><\/span><\/p>\n<p><span style=\"font-family: tahoma, arial, helvetica, sans-serif;\"><b>\u00a0Artikel 18 <\/b><b>\u00dcberpr\u00fcfung der Allgemeinen Erkl\u00e4rung der Menschenrechte Und vergleichen ihn mit der Verfassung der Islamischen Republik Iran<\/b><\/span><\/p>\n<p><span style=\"font-family: tahoma, arial, helvetica, sans-serif;\">Im zweiten Teil:<\/span><\/p>\n<p><span style=\"font-family: tahoma, arial, helvetica, sans-serif;\">Reza Chehrazi:<\/span><\/p>\n<p><span style=\"font-family: tahoma, arial, helvetica, sans-serif;\">Eine Erz\u00e4hlung aus dem letzten Jahr(Okt\/Aban)<\/span><\/p>\n<p><span style=\"font-family: tahoma, arial, helvetica, sans-serif;\">Atefe Kaje Nasiri Yazdi :<\/span><\/p>\n<p><span style=\"font-family: tahoma, arial, helvetica, sans-serif;\">Christen im Iran<\/span><\/p>\n<p><span style=\"font-family: tahoma, arial, helvetica, sans-serif;\">Am Ende jedes Abschnitts finden Fragen und Antworten statt.\u00a0<\/span><\/p>\n<p><span style=\"font-family: tahoma, arial, helvetica, sans-serif;\"><b>Die \u00f6ffentliche Diskussion\u00a0<\/b><\/span><\/p>\n<p><span style=\"font-family: tahoma, arial, helvetica, sans-serif;\">Das Recht auf Gleichheit( Frauen im Iran )<\/span><\/p>\n<p><span style=\"font-family: tahoma, arial, helvetica, sans-serif;\"><b>Veranstaltungsort<\/b><b>:<\/b><\/span><\/p>\n<p><span style=\"font-family: tahoma, arial, helvetica, sans-serif;\"><span style=\"color: #ff0000;\"><strong>\u00a0Paltalk<\/strong><\/span>\u00a0Civic,\u00a0Workplace\u00a0von Bremen\u00a0<\/span><\/p>\n<p><span style=\"font-family: tahoma, arial, helvetica, sans-serif;\">Paltalk; View all\u00a0<\/span><\/p>\n<p><span style=\"font-family: tahoma, arial, helvetica, sans-serif;\">Social\u00a0Issues\u00a0and Politics\u00a0<\/span><\/p>\n<p><span style=\"font-family: tahoma, arial, helvetica, sans-serif;\">Human Rights\u00a0<\/span><\/p>\n<p><span style=\"font-family: tahoma, arial, helvetica, sans-serif;\">Kanoon\u00a0Defa\u00a0az\u00a0Hoghogh\u00a0Bashar dar Iran, Bremen\u00a0<\/span><\/p>\n<p><span style=\"font-size: 14pt; color: #ff0000; font-family: tahoma, arial, helvetica, sans-serif;\"><strong>Zoom:<\/strong><\/span><\/p>\n<p><span style=\"font-family: tahoma, arial, helvetica, sans-serif;\"><a href=\"https:\/\/zoom.us\/j\/8057930858?pwd=b2RQaXNlWTBQejlLc1RjVkRmd3dPUT09\">Klicken Sie hier <\/a><br \/>\n<!--more--><b>Unsere Kollegen und Aktivisten, die uns bei diesem\u00a0<\/b><b>Treffen helfen:<\/b>\u00a0<\/span><\/p>\n<p><span style=\"font-family: tahoma, arial, helvetica, sans-serif;\"><b>Verantwortlich f\u00fcr die Sitzung:\u00a0<\/b>Hamed\u00a0Parnoush\u00a0<\/span><\/p>\n<p><span style=\"font-family: tahoma, arial, helvetica, sans-serif;\"><b>Sekret\u00e4r der Sitzung:\u00a0\u00a0<\/b>Ahmad Reza\u00a0Irannejad\u00a0<\/span><\/p>\n<p><span style=\"font-family: tahoma, arial, helvetica, sans-serif;\"><b>Admins:\u00a0<\/b>Reza Chahrazi,Khaje Nasiri,Masoud Zolfaghari<\/span><\/p>\n<p><span style=\"font-family: tahoma, arial, helvetica, sans-serif;\"><b>Vereinigung zur Verteidigung der Menschenrechte im I<\/b><b>ran<\/b>\u00a0<\/span><\/p>\n<p aria-level=\"1\"><span style=\"font-family: tahoma, arial, helvetica, sans-serif;\"><b>Repr\u00e4sentation von Bremen<\/b>\u00a0<\/span><\/p>\n<p aria-level=\"1\"><span style=\"font-family: tahoma, arial, helvetica, sans-serif;\">\u00dcbersetzen :<\/span><\/p>\n<p aria-level=\"1\"><span style=\"color: #3366ff; font-family: tahoma, arial, helvetica, sans-serif;\">Ahmad Haji Ghader Marhomi<\/span><\/p>\n<p aria-level=\"1\"><span style=\"color: #3366ff; font-family: tahoma, arial, helvetica, sans-serif;\">Sahar Haji Ghader Marhomi<\/span><\/p>\n","protected":false},"excerpt":{"rendered":"<p>Bitte begleiten sie uns, weil unsere Ziele sind : Untersuchung und Reflexion der Verletzungen der Rechte von Landsleuten in der Islamischen Republik Iran Und das ist mit Ihrer Zusammenarbeit m\u00f6glich. Samstag 21.Nov.2020 um 17:00 Uhr EMZ<\/p><p><a class=\"more-link btn\" href=\"https:\/\/deutsch.bashariyat.org\/?p=3792\">Weiterlesen<\/a><\/p>\n","protected":false},"author":2,"featured_media":0,"comment_status":"closed","ping_status":"closed","sticky":false,"template":"","format":"standard","meta":{"footnotes":""},"categories":[1],"tags":[],"class_list":["post-3792","post","type-post","status-publish","format-standard","hentry","category-allgemein","item-wrap"],"_links":{"self":[{"href":"https:\/\/deutsch.bashariyat.org\/index.php?rest_route=\/wp\/v2\/posts\/3792","targetHints":{"allow":["GET"]}}],"collection":[{"href":"https:\/\/deutsch.bashariyat.org\/index.php?rest_route=\/wp\/v2\/posts"}],"about":[{"href":"https:\/\/deutsch.bashariyat.org\/index.php?rest_route=\/wp\/v2\/types\/post"}],"author":[{"embeddable":true,"href":"https:\/\/deutsch.bashariyat.org\/index.php?rest_route=\/wp\/v2\/users\/2"}],"replies":[{"embeddable":true,"href":"https:\/\/deutsch.bashariyat.org\/index.php?rest_route=%2Fwp%2Fv2%2Fcomments&post=3792"}],"version-history":[{"count":2,"href":"https:\/\/deutsch.bashariyat.org\/index.php?rest_route=\/wp\/v2\/posts\/3792\/revisions"}],"predecessor-version":[{"id":3795,"href":"https:\/\/deutsch.bashariyat.org\/index.php?rest_route=\/wp\/v2\/posts\/3792\/revisions\/3795"}],"wp:attachment":[{"href":"https:\/\/deutsch.bashariyat.org\/index.php?rest_route=%2Fwp%2Fv2%2Fmedia&parent=3792"}],"wp:term":[{"taxonomy":"category","embeddable":true,"href":"https:\/\/deutsch.bashariyat.org\/index.php?rest_route=%2Fwp%2Fv2%2Fcategories&post=3792"},{"taxonomy":"post_tag","embeddable":true,"href":"https:\/\/deutsch.bashariyat.org\/index.php?rest_route=%2Fwp%2Fv2%2Ftags&post=3792"}],"curies":[{"name":"wp","href":"https:\/\/api.w.org\/{rel}","templated":true}]}}