{"id":3802,"date":"2020-11-22T15:28:11","date_gmt":"2020-11-22T13:28:11","guid":{"rendered":"https:\/\/deutsch.bashariyat.org\/?p=3802"},"modified":"2021-06-07T01:08:45","modified_gmt":"2021-06-06T23:08:45","slug":"einladung-zur-sitzung-des-verteidigungsausschuss-der-rechte-die-kinder-und-jugendliche-am27-nov-2020","status":"publish","type":"post","link":"https:\/\/deutsch.bashariyat.org\/?p=3802","title":{"rendered":"Einladung zur Sitzung des Verteidigungsausschuss der Rechte die Kinder und Jugendliche am27.Nov. 2020"},"content":{"rendered":"<p style=\"text-align: center;\"><span style=\"color: #ff0000; font-family: tahoma, arial, helvetica, sans-serif;\">Die Gl\u00fcckliche Kinder und Jugendliche,ist eine Reflexion von eine gesundheitliche Gesellschaft<\/span><\/p>\n<h1 class=\"post-title entry-title\" style=\"text-align: center;\"><span style=\"font-size: 14pt; font-family: tahoma, arial, helvetica, sans-serif;\">Verteidigungsausschuss der Rechte die Kinder und Jugendliche veranstalten:<\/span><\/h1>\n<p style=\"text-align: center;\"><span style=\"font-family: tahoma, arial, helvetica, sans-serif;\">\u00a0\u00a0Vortrag, Fragen und Antworten, Diskussionen und Unterhalten<\/span><\/p>\n<p><a href=\"https:\/\/deutsch.bashariyat.org\/wp-content\/uploads\/2020\/11\/5c4ff4e3-d080-4e21-86a0-aae3cf7ceb76.jpeg\"><img loading=\"lazy\" decoding=\"async\" class=\"aligncenter wp-image-3804 size-medium\" src=\"https:\/\/deutsch.bashariyat.org\/wp-content\/uploads\/2020\/11\/5c4ff4e3-d080-4e21-86a0-aae3cf7ceb76-300x169.jpeg\" alt=\"\" width=\"300\" height=\"169\" data-id=\"3804\" srcset=\"https:\/\/deutsch.bashariyat.org\/wp-content\/uploads\/2020\/11\/5c4ff4e3-d080-4e21-86a0-aae3cf7ceb76-300x169.jpeg 300w, https:\/\/deutsch.bashariyat.org\/wp-content\/uploads\/2020\/11\/5c4ff4e3-d080-4e21-86a0-aae3cf7ceb76-1024x576.jpeg 1024w, https:\/\/deutsch.bashariyat.org\/wp-content\/uploads\/2020\/11\/5c4ff4e3-d080-4e21-86a0-aae3cf7ceb76-768x432.jpeg 768w, https:\/\/deutsch.bashariyat.org\/wp-content\/uploads\/2020\/11\/5c4ff4e3-d080-4e21-86a0-aae3cf7ceb76.jpeg 1280w\" sizes=\"auto, (max-width: 300px) 100vw, 300px\" \/><\/a><\/p>\n<p>&nbsp;<\/p>\n<p><span style=\"font-family: tahoma, arial, helvetica, sans-serif;\">Referenten und das Thema der Vortr\u00e4ge:<\/span><\/p>\n<p><!--more--><\/p>\n<p><span style=\"font-family: tahoma, arial, helvetica, sans-serif;\"><strong>Azar Arhami:<\/strong><\/span><\/p>\n<p><span style=\"font-family: tahoma, arial, helvetica, sans-serif;\">Bericht und Analyse von Menschenrechteverletzungen im Okt\/Nov 2020<\/span><\/p>\n<p><span style=\"font-family: tahoma, arial, helvetica, sans-serif;\"><strong>Targol Ghafouri:<\/strong><\/span><\/p>\n<p><span style=\"font-family: tahoma, arial, helvetica, sans-serif;\">\u00dcberpr\u00fcfen der Artikel 3(\u00dcbereinkommen \u00fcber die Rechte des Kindes) und vergleichen ihn mit der Verfassung der Islamischen Republik Iran.<\/span><\/p>\n<p><span style=\"font-family: tahoma, arial, helvetica, sans-serif;\"><strong>Elahe Gerawand Alizadeh:<\/strong><\/span><\/p>\n<p><span style=\"font-family: tahoma, arial, helvetica, sans-serif;\">Internationaler Kindertag<\/span><\/p>\n<p><span style=\"font-family: tahoma, arial, helvetica, sans-serif;\"><strong>Hadi Dartomi:<\/strong><\/span><\/p>\n<p><span style=\"font-family: tahoma, arial, helvetica, sans-serif;\">Die Wurzeln der Gewalt und ihre Auswirkungen im Iran<\/span><\/p>\n<p><span style=\"font-family: tahoma, arial, helvetica, sans-serif;\"><strong>Masoumeh Bahmani Rad:<\/strong><\/span><\/p>\n<p><span style=\"font-family: tahoma, arial, helvetica, sans-serif;\">\u0650Der Beweisgrund der Erlassung die Ank\u00fcndigungen 1348(internationaler Kindertag)<\/span><\/p>\n<p><span style=\"font-family: tahoma, arial, helvetica, sans-serif;\">Am Ende jedes Abschnitts finden Fragen und Antworten statt.<\/span><\/p>\n<p><span style=\"font-family: tahoma, arial, helvetica, sans-serif;\"><span style=\"color: #ff0000;\"><strong>Die \u00f6ffentliche Diskussion: <\/strong><\/span>Leitung: (Herren <strong>Manochehr shafaei<\/strong>)<\/span><\/p>\n<p style=\"text-align: center;\"><span style=\"font-family: tahoma, arial, helvetica, sans-serif;\">Kinder und Kinderheit<\/span><\/p>\n<p><span style=\"font-family: tahoma, arial, helvetica, sans-serif;\"><strong>Zeit:\u00a0<\/strong>Freitag 27.Nov.2020 um 17:00 Uhr EMZ<\/span><\/p>\n<p><span style=\"font-family: tahoma, arial, helvetica, sans-serif;\"><strong>Veranstaltungsort<\/strong><strong>:<\/strong>\u00a0Paltalk Civic, Workplace des Verteidigungsausschuss der Rechte die Kinder und Jugendliche<\/span><\/p>\n<p><span style=\"font-family: tahoma, arial, helvetica, sans-serif;\">Paltalk; View all<\/span><\/p>\n<p><span style=\"font-family: tahoma, arial, helvetica, sans-serif;\">Social Issues and Politics<\/span><\/p>\n<p><span style=\"font-family: tahoma, arial, helvetica, sans-serif;\">Human Rights<\/span><\/p>\n<p><span style=\"font-family: tahoma, arial, helvetica, sans-serif;\">Kanoon Defa az Hoghogh Bashar dar Iran, Komitteh Koodak<\/span><\/p>\n<p>&nbsp;<\/p>\n<p><span style=\"font-family: tahoma, arial, helvetica, sans-serif;\">Unsere Kollegen und Aktivisten, die uns bei diesem Treffen helfen:<\/span><\/p>\n<p><span style=\"font-family: tahoma, arial, helvetica, sans-serif;\"><strong>Verantwortlich f\u00fcr die Sitzung:<\/strong> Samaneh Mohebbi<\/span><\/p>\n<p><span style=\"font-family: tahoma, arial, helvetica, sans-serif;\"><strong>Sekret\u00e4r der Sitzung:<\/strong>\u00a0Reza Veysanian<\/span><\/p>\n<p><span style=\"font-family: tahoma, arial, helvetica, sans-serif;\"><strong>Tonaufnahme:<\/strong> Hamidreza Adriyani, Hooman Sharitehrani<\/span><\/p>\n<p><span style=\"font-family: tahoma, arial, helvetica, sans-serif;\"><strong>Admins:<\/strong> Hadi Dartomi, Hamid Rezaei Azaryanei,Azar Arhami, ,Elahe Gravand Alizadeh<\/span><\/p>\n<p>&nbsp;<\/p>\n<p><span style=\"font-family: tahoma, arial, helvetica, sans-serif;\"><strong>Vereinigung zur Verteidigung der Menschenrechte im Iran<\/strong><\/span><\/p>\n<p><span style=\"font-family: tahoma, arial, helvetica, sans-serif;\"><strong>Ausschuss f\u00fcr der\u00a0<\/strong><strong>Rechte die Kinder und Jugendliche<\/strong><\/span><\/p>\n<p>&nbsp;<\/p>\n<p><span style=\"font-family: tahoma, arial, helvetica, sans-serif;\">\u00dcbersetzung :<\/span><\/p>\n<p><span style=\"font-family: tahoma, arial, helvetica, sans-serif;\">Ahmad Haji Ghader Marhomi<\/span><\/p>\n<p><span style=\"font-family: tahoma, arial, helvetica, sans-serif;\">Sahar Haji Ghader Marhomi<\/span><\/p>\n<p>&nbsp;<\/p>\n<p>&nbsp;<\/p>\n<p>&nbsp;<\/p>\n<p>&nbsp;<\/p>\n<p>&nbsp;<\/p>\n<p>&nbsp;<\/p>\n<p>&nbsp;<\/p>\n","protected":false},"excerpt":{"rendered":"<p>Die Gl\u00fcckliche Kinder und Jugendliche,ist eine Reflexion von eine gesundheitliche Gesellschaft Verteidigungsausschuss der Rechte die Kinder und Jugendliche veranstalten: \u00a0\u00a0Vortrag, Fragen und Antworten, Diskussionen und Unterhalten &nbsp; Referenten und das Thema der Vortr\u00e4ge:<\/p><p><a class=\"more-link btn\" href=\"https:\/\/deutsch.bashariyat.org\/?p=3802\">Weiterlesen<\/a><\/p>\n","protected":false},"author":2,"featured_media":0,"comment_status":"closed","ping_status":"closed","sticky":false,"template":"","format":"standard","meta":{"footnotes":""},"categories":[3],"tags":[],"class_list":["post-3802","post","type-post","status-publish","format-standard","hentry","category-kinderkonvention","item-wrap"],"_links":{"self":[{"href":"https:\/\/deutsch.bashariyat.org\/index.php?rest_route=\/wp\/v2\/posts\/3802","targetHints":{"allow":["GET"]}}],"collection":[{"href":"https:\/\/deutsch.bashariyat.org\/index.php?rest_route=\/wp\/v2\/posts"}],"about":[{"href":"https:\/\/deutsch.bashariyat.org\/index.php?rest_route=\/wp\/v2\/types\/post"}],"author":[{"embeddable":true,"href":"https:\/\/deutsch.bashariyat.org\/index.php?rest_route=\/wp\/v2\/users\/2"}],"replies":[{"embeddable":true,"href":"https:\/\/deutsch.bashariyat.org\/index.php?rest_route=%2Fwp%2Fv2%2Fcomments&post=3802"}],"version-history":[{"count":5,"href":"https:\/\/deutsch.bashariyat.org\/index.php?rest_route=\/wp\/v2\/posts\/3802\/revisions"}],"predecessor-version":[{"id":4693,"href":"https:\/\/deutsch.bashariyat.org\/index.php?rest_route=\/wp\/v2\/posts\/3802\/revisions\/4693"}],"wp:attachment":[{"href":"https:\/\/deutsch.bashariyat.org\/index.php?rest_route=%2Fwp%2Fv2%2Fmedia&parent=3802"}],"wp:term":[{"taxonomy":"category","embeddable":true,"href":"https:\/\/deutsch.bashariyat.org\/index.php?rest_route=%2Fwp%2Fv2%2Fcategories&post=3802"},{"taxonomy":"post_tag","embeddable":true,"href":"https:\/\/deutsch.bashariyat.org\/index.php?rest_route=%2Fwp%2Fv2%2Ftags&post=3802"}],"curies":[{"name":"wp","href":"https:\/\/api.w.org\/{rel}","templated":true}]}}