{"id":3816,"date":"2020-11-23T23:48:05","date_gmt":"2020-11-23T21:48:05","guid":{"rendered":"https:\/\/deutsch.bashariyat.org\/?p=3816"},"modified":"2020-11-23T23:48:05","modified_gmt":"2020-11-23T21:48:05","slug":"audio-sitzungsbericht-des-ausschusses-fuer-die-verteidigung-der-arbeit-und-der-arbeitnehmerrechte-vom-10-oct-2020","status":"publish","type":"post","link":"https:\/\/deutsch.bashariyat.org\/?p=3816","title":{"rendered":"Audio-Sitzungsbericht des Ausschusses f\u00fcr die Verteidigung der Arbeit und der Arbeitnehmerrechte vom  10.Oct.2020"},"content":{"rendered":"<p style=\"text-align: center;\"><span style=\"color: #ff0000; font-family: tahoma, arial, helvetica, sans-serif;\"><strong>\u00a0<\/strong><strong>fand am 10. Oct 2020 um 16:00 Uhr mitteleurop\u00e4ischer Zeit in Anwesenheit von Ausschussmitgliedern und einer Gruppe von Menschenrechtsaktivisten.<\/strong><\/span><\/p>\n<p><span style=\"font-family: tahoma, arial, helvetica, sans-serif;\"> In diesem Treffen, in Bezug auf die Meldung und Analyse von F\u00e4llen von Verletzungen der Arbeitsrechte im September 2016, die \u00dcberpr\u00fcfung von Artikel 2 der Allgemeinen Erkl\u00e4rung der Menschenrechte und den Vergleich mit der Verfassung der Islamischen Republik Iran, ein kurzer Blick auf den Organisatorismus der Arbeitnehmer nach 1957, Arbeitsproteste Es wurde diskutiert, dass Interessenten den Bericht des obigen Treffens aus den unten aufgezeichneten Dateien anh\u00f6ren k\u00f6nnen.<!--more--><\/span><\/p>\n<p>&nbsp;<\/p>\n<p><span style=\"font-family: tahoma, arial, helvetica, sans-serif;\">Farzad Darboui: \u00dcberpr\u00fcfen von Artikel 2 der Allgemeinen Erkl\u00e4rung der Menschenrechte und deren Vergleichen mit der Verfassung<\/span><\/p>\n<p><span style=\"font-family: tahoma, arial, helvetica, sans-serif;\"><strong><u>\u00a0<\/u><\/strong><\/span><\/p>\n<p>&nbsp;<\/p>\n<p><span style=\"font-family: tahoma, arial, helvetica, sans-serif;\">Mohammad Abutalebi:<\/span><\/p>\n<p><span style=\"font-family: tahoma, arial, helvetica, sans-serif;\">Ein kurzer Blick auf den Organisationismus der Arbeiter nach Iranischen Revolution<\/span><\/p>\n<p>&nbsp;<\/p>\n<p><span style=\"font-family: tahoma, arial, helvetica, sans-serif;\">Noori Irani:<\/span><\/p>\n<p><span style=\"font-family: tahoma, arial, helvetica, sans-serif;\"><strong>Ein Blick auf Situation der Sanit\u00e4rkr\u00e4fte im Islamischen Republik Iran<\/strong><\/span><\/p>\n<p><span style=\"font-family: tahoma, arial, helvetica, sans-serif;\"><strong>\u00a0<\/strong><\/span><\/p>\n<p><span style=\"font-family: tahoma, arial, helvetica, sans-serif;\"><strong>Die \u00f6ffentliche Diskussion<\/strong><strong>:<\/strong><\/span><\/p>\n<p><span style=\"font-family: tahoma, arial, helvetica, sans-serif;\">Menschenrechte im Iran<\/span><\/p>\n","protected":false},"excerpt":{"rendered":"<p>\u00a0fand am 10. Oct 2020 um 16:00 Uhr mitteleurop\u00e4ischer Zeit in Anwesenheit von Ausschussmitgliedern und einer Gruppe von Menschenrechtsaktivisten. In diesem Treffen, in Bezug auf die Meldung und Analyse von F\u00e4llen von Verletzungen der Arbeitsrechte im September 2016, die \u00dcberpr\u00fcfung von Artikel 2 der Allgemeinen Erkl\u00e4rung der Menschenrechte und den Vergleich mit der Verfassung der &hellip; <\/p>\n<p><a class=\"more-link btn\" href=\"https:\/\/deutsch.bashariyat.org\/?p=3816\">Weiterlesen<\/a><\/p>\n","protected":false},"author":2,"featured_media":0,"comment_status":"closed","ping_status":"closed","sticky":false,"template":"","format":"standard","meta":{"footnotes":""},"categories":[1],"tags":[],"class_list":["post-3816","post","type-post","status-publish","format-standard","hentry","category-allgemein","item-wrap"],"_links":{"self":[{"href":"https:\/\/deutsch.bashariyat.org\/index.php?rest_route=\/wp\/v2\/posts\/3816","targetHints":{"allow":["GET"]}}],"collection":[{"href":"https:\/\/deutsch.bashariyat.org\/index.php?rest_route=\/wp\/v2\/posts"}],"about":[{"href":"https:\/\/deutsch.bashariyat.org\/index.php?rest_route=\/wp\/v2\/types\/post"}],"author":[{"embeddable":true,"href":"https:\/\/deutsch.bashariyat.org\/index.php?rest_route=\/wp\/v2\/users\/2"}],"replies":[{"embeddable":true,"href":"https:\/\/deutsch.bashariyat.org\/index.php?rest_route=%2Fwp%2Fv2%2Fcomments&post=3816"}],"version-history":[{"count":1,"href":"https:\/\/deutsch.bashariyat.org\/index.php?rest_route=\/wp\/v2\/posts\/3816\/revisions"}],"predecessor-version":[{"id":3817,"href":"https:\/\/deutsch.bashariyat.org\/index.php?rest_route=\/wp\/v2\/posts\/3816\/revisions\/3817"}],"wp:attachment":[{"href":"https:\/\/deutsch.bashariyat.org\/index.php?rest_route=%2Fwp%2Fv2%2Fmedia&parent=3816"}],"wp:term":[{"taxonomy":"category","embeddable":true,"href":"https:\/\/deutsch.bashariyat.org\/index.php?rest_route=%2Fwp%2Fv2%2Fcategories&post=3816"},{"taxonomy":"post_tag","embeddable":true,"href":"https:\/\/deutsch.bashariyat.org\/index.php?rest_route=%2Fwp%2Fv2%2Ftags&post=3816"}],"curies":[{"name":"wp","href":"https:\/\/api.w.org\/{rel}","templated":true}]}}