{"id":3990,"date":"2020-12-30T03:16:52","date_gmt":"2020-12-30T01:16:52","guid":{"rendered":"https:\/\/deutsch.bashariyat.org\/?p=3990"},"modified":"2021-09-04T08:48:14","modified_gmt":"2021-09-04T06:48:14","slug":"einladung-zur-sitzung-der-repraesentation-von-niedersachsen-am-02-jan-2021","status":"publish","type":"post","link":"https:\/\/deutsch.bashariyat.org\/?p=3990","title":{"rendered":"Einladung zur Sitzung\u00a0 der Repr\u00e4sentation von Niedersachsen am 02.Jan.2021"},"content":{"rendered":"<p><a href=\"https:\/\/deutsch.bashariyat.org\/wp-content\/uploads\/2020\/11\/stempel-einladung-constanze-pro2.jpg\"><img loading=\"lazy\" decoding=\"async\" class=\"alignnone size-full wp-image-3690\" src=\"https:\/\/deutsch.bashariyat.org\/wp-content\/uploads\/2020\/11\/stempel-einladung-constanze-pro2.jpg\" alt=\"\" width=\"236\" height=\"236\" data-id=\"3690\" srcset=\"https:\/\/deutsch.bashariyat.org\/wp-content\/uploads\/2020\/11\/stempel-einladung-constanze-pro2.jpg 236w, https:\/\/deutsch.bashariyat.org\/wp-content\/uploads\/2020\/11\/stempel-einladung-constanze-pro2-150x150.jpg 150w\" sizes=\"auto, (max-width: 236px) 100vw, 236px\" \/><\/a><\/p>\n<p style=\"text-align: center;\"><span style=\"color: #ff0000;\"><strong>\u00a0<\/strong><\/span><\/p>\n<p style=\"text-align: center;\"><span style=\"color: #ff0000;\">Eine Bewegung f\u00fcr Bewusstsein und Gerechtigkeit im Iran<\/span><\/p>\n<p style=\"text-align: center;\"><span style=\"color: #ff0000;\"><strong>\u00a0<\/strong><\/span><\/p>\n<p style=\"text-align: center;\"><span style=\"color: #ff0000;\">Vortrag, Fragen und Antworten, Diskussionen und Unterhalten<\/span><\/p>\n<p>&nbsp;<\/p>\n<p style=\"text-align: center;\"><strong>Referenten und das Thema der Vortr\u00e4ge:<\/strong><!--more--><\/p>\n<p>\u00a0im ersten Teil:Einf\u00fchrung und geplante Programme durch die neue Leiterin der Agentur (Frau Mahsa Shafavi)<\/p>\n<p><strong>\u00a0Mahsa Shafavi<\/strong>Bericht und Analyse der Menschenrechteverletzungen der Anh\u00e4nger Religionen im Dezember \u00a02020<\/p>\n<p><strong>Fereshte Amirahmadi:<\/strong>\u00dcberpr\u00fcfung des Artikels 26 der Allgemeinen Erkl\u00e4rung der Menschenrechte Und dessen Vergleich mit der Verfassung der Islamischen Republik Iran<\/p>\n<p>&nbsp;<\/p>\n<p>Im zweiten Teil:<\/p>\n<p>&nbsp;<\/p>\n<p><strong>\u00a0Azadeh Qureshi: <\/strong><\/p>\n<p>Weltreligionstag<\/p>\n<p>&nbsp;<\/p>\n<p><strong>Ahmad Haji Ghader Marhomi:<\/strong><\/p>\n<p>Kinderrechte im Iran<\/p>\n<p>&nbsp;<\/p>\n<p>Ihre Meinungen, Ihre Fragen und Antworten am Ende jedes Abschnitts bringen uns unseren gemeinsamen Zielen n\u00e4her.<\/p>\n<p><strong>Die \u00f6ffentliche Diskussion <\/strong>(Unter der Leitung von Frau Elnaz Asadi Safa):<\/p>\n<p>Regierung und Religion<\/p>\n<p>&nbsp;<\/p>\n<p>Die Planung und die Prognose f\u00fcr die Aktivit\u00e4ten des n\u00e4chsten Monats<\/p>\n<p>&nbsp;<\/p>\n<p><strong>Zeit: <\/strong>Samstag, 02.Jan.2021, um 12:00 Uhr MEZ<\/p>\n<p><strong>Veranstaltungsort<\/strong><strong>:<\/strong> Paltalk Civic, Zoom<\/p>\n<p>Paltalk; View all<\/p>\n<p>Social, Issues and Politics<\/p>\n<p>Human Rights<\/p>\n<p>Kanoon Defa az Hoghogh Bashar dar Iran, Komitteh Adian<\/p>\n<p>&nbsp;<\/p>\n<p>Unsere Kollegen und Aktivisten, die uns bei diesem Treffen helfen:<\/p>\n<p><strong>Verantwortlich f\u00fcr die Sitzung:<\/strong> Azadeh Quereishi<\/p>\n<p><strong>Sekret\u00e4r\/in der Sitzung:<\/strong> Ahmad Haji Ghader Marhomi<\/p>\n<p><strong>Tonaufnahme:<\/strong> Farshid Afshari, Elnaz Asadi Safa<\/p>\n<p><strong>Admins:<\/strong> Mehran Fazelzadeh, Farshid Afshar, Mohammad Ali Mahloudzadeh Rahim Abadi<\/p>\n<p><strong>Vereinigung zur Verteidigung der Menschenrechte im Iran<\/strong><\/p>\n<p>Vertretung des Landes Niedersachsen<\/p>\n<p>&nbsp;<\/p>\n<p>\u00dcbersetzer :Jamal Soltani<\/p>\n","protected":false},"excerpt":{"rendered":"<p>\u00a0 Eine Bewegung f\u00fcr Bewusstsein und Gerechtigkeit im Iran \u00a0 Vortrag, Fragen und Antworten, Diskussionen und Unterhalten &nbsp; Referenten und das Thema der Vortr\u00e4ge:<\/p><p><a class=\"more-link btn\" href=\"https:\/\/deutsch.bashariyat.org\/?p=3990\">Weiterlesen<\/a><\/p>\n","protected":false},"author":2,"featured_media":0,"comment_status":"closed","ping_status":"closed","sticky":false,"template":"","format":"standard","meta":{"footnotes":""},"categories":[1],"tags":[],"class_list":["post-3990","post","type-post","status-publish","format-standard","hentry","category-allgemein","item-wrap"],"_links":{"self":[{"href":"https:\/\/deutsch.bashariyat.org\/index.php?rest_route=\/wp\/v2\/posts\/3990","targetHints":{"allow":["GET"]}}],"collection":[{"href":"https:\/\/deutsch.bashariyat.org\/index.php?rest_route=\/wp\/v2\/posts"}],"about":[{"href":"https:\/\/deutsch.bashariyat.org\/index.php?rest_route=\/wp\/v2\/types\/post"}],"author":[{"embeddable":true,"href":"https:\/\/deutsch.bashariyat.org\/index.php?rest_route=\/wp\/v2\/users\/2"}],"replies":[{"embeddable":true,"href":"https:\/\/deutsch.bashariyat.org\/index.php?rest_route=%2Fwp%2Fv2%2Fcomments&post=3990"}],"version-history":[{"count":4,"href":"https:\/\/deutsch.bashariyat.org\/index.php?rest_route=\/wp\/v2\/posts\/3990\/revisions"}],"predecessor-version":[{"id":4992,"href":"https:\/\/deutsch.bashariyat.org\/index.php?rest_route=\/wp\/v2\/posts\/3990\/revisions\/4992"}],"wp:attachment":[{"href":"https:\/\/deutsch.bashariyat.org\/index.php?rest_route=%2Fwp%2Fv2%2Fmedia&parent=3990"}],"wp:term":[{"taxonomy":"category","embeddable":true,"href":"https:\/\/deutsch.bashariyat.org\/index.php?rest_route=%2Fwp%2Fv2%2Fcategories&post=3990"},{"taxonomy":"post_tag","embeddable":true,"href":"https:\/\/deutsch.bashariyat.org\/index.php?rest_route=%2Fwp%2Fv2%2Ftags&post=3990"}],"curies":[{"name":"wp","href":"https:\/\/api.w.org\/{rel}","templated":true}]}}