{"id":3994,"date":"2021-01-02T19:23:05","date_gmt":"2021-01-02T17:23:05","guid":{"rendered":"https:\/\/deutsch.bashariyat.org\/?p=3994"},"modified":"2021-01-02T19:25:49","modified_gmt":"2021-01-02T17:25:49","slug":"audio-sprachbericht-der-sitzung-des-verteidigungsausschuss-saechsischen-anhalt-delegation-und-des-jugend-und-studentenausschusses-am-sonntag-20-dezember-2020","status":"publish","type":"post","link":"https:\/\/deutsch.bashariyat.org\/?p=3994","title":{"rendered":"Audio- sprachbericht\u00a0 der Sitzung des verteidigungsausschuss s\u00e4chsischen Anhalt-Delegation und des Jugend- und Studentenausschusses am Sonntag, 20. Dezember 2020"},"content":{"rendered":"<p>&nbsp;<\/p>\n<p><span style=\"font-size: 12pt; font-family: tahoma, arial, helvetica, sans-serif;\">Die Rede der Mitglieder der s\u00e4chsisch-anhaltischen Delegation und des Jugend- und Studentenausschusses fand am Sonntag, den 20. Dezember 2020 um 15:00 Uhr MEZ gemeinsam in Anwesenheit der Ausschussmitglieder und einer Gruppe von Menschenrechtsaktivisten und anderen<\/span><!--more--><\/p>\n<p><span style=\"font-size: 12pt; font-family: tahoma, arial, helvetica, sans-serif;\"> G\u00e4sten im Cyberspace von Paltak und Zoom statt.\u00a0 Verwandte Themen: Berichterstattung und Analyse von Menschenrechtsverletzungen im Iran im November 2020, \u00dcberpr\u00fcfung des 13. Ziels des UNESCO-Dokuments 2030 und Vergleich mit dem Recht der Islamischen Republik Iran, \u00dcberpr\u00fcfung der Pro-Kopf-Lesung unter iranischen Jugendlichen, \u00dcberpr\u00fcfung der Menschenrechte im Iran im Jahr 2020 und freie Diskussion\u00a0 Betrifft: Was bedeutet der Welttag der Menschenrechte?\u00a0 (Anl\u00e4sslich des 10. Dezember, dem Internationalen Tag der Menschenrechte). Es gab einen Vortrag und eine Diskussion, bei der Interessierte den Bericht des oben genannten Treffens aus den unten aufgef\u00fchrten Akten anh\u00f6ren k\u00f6nnen.<\/span><\/p>\n<p><span style=\"font-size: 12pt; font-family: tahoma, arial, helvetica, sans-serif;\"><strong>Reza Chehrazi<\/strong>: Beginn der Sitzung und Einf\u00fchrung<\/span><\/p>\n<p><span style=\"font-size: 12pt; font-family: tahoma, arial, helvetica, sans-serif;\"><strong>Benyamin Rajabian<\/strong>: : Bericht und Analyse der Menschenrechteverletzungen der Anh\u00e4nger Religionen im November\/Dezember 2020<\/span><\/p>\n<p><span style=\"font-size: 12pt; font-family: tahoma, arial, helvetica, sans-serif;\"><strong>Ali<\/strong> <strong>Mosayabi<\/strong>: \u00dcberpr\u00fcfung des 13. Ziels des UNESCO-Dokuments 2030 und Vergleich mit dem Recht der Islamischen Republik Iran<\/span><\/p>\n<p><span style=\"font-size: 12pt; font-family: tahoma, arial, helvetica, sans-serif;\"><strong>Niloufar Jalili<\/strong>: \u00dcberpr\u00fcfung der Pro-Kopf-Lesung unter iranischen Jugendlichen<\/span><\/p>\n<p><span style=\"font-size: 12pt; font-family: tahoma, arial, helvetica, sans-serif;\"><strong>Fatemeh Khosravani Ardakani<\/strong>: \u00dcberpr\u00fcfung der Menschenrechte im Iran im Jahr 2020<\/span><\/p>\n<p><span style=\"font-size: 12pt; font-family: tahoma, arial, helvetica, sans-serif;\"><strong>Die \u00f6ffentliche Diskussion<\/strong><strong> ( unter der Leitung von Reza Chehrazi):<\/strong><\/span><\/p>\n<p><span style=\"font-size: 12pt; font-family: tahoma, arial, helvetica, sans-serif;\"> Was bedeutet der Welttag der Menschenrechte?\u00a0 (Anl\u00e4sslich des 10. Dezember, dem Internationalen Tag der Menschenrechte)<\/span><\/p>\n","protected":false},"excerpt":{"rendered":"<p>&nbsp; Die Rede der Mitglieder der s\u00e4chsisch-anhaltischen Delegation und des Jugend- und Studentenausschusses fand am Sonntag, den 20. Dezember 2020 um 15:00 Uhr MEZ gemeinsam in Anwesenheit der Ausschussmitglieder und einer Gruppe von Menschenrechtsaktivisten und anderen<\/p><p><a class=\"more-link btn\" href=\"https:\/\/deutsch.bashariyat.org\/?p=3994\">Weiterlesen<\/a><\/p>\n","protected":false},"author":2,"featured_media":0,"comment_status":"closed","ping_status":"closed","sticky":false,"template":"","format":"standard","meta":{"footnotes":""},"categories":[1],"tags":[],"class_list":["post-3994","post","type-post","status-publish","format-standard","hentry","category-allgemein","item-wrap"],"_links":{"self":[{"href":"https:\/\/deutsch.bashariyat.org\/index.php?rest_route=\/wp\/v2\/posts\/3994","targetHints":{"allow":["GET"]}}],"collection":[{"href":"https:\/\/deutsch.bashariyat.org\/index.php?rest_route=\/wp\/v2\/posts"}],"about":[{"href":"https:\/\/deutsch.bashariyat.org\/index.php?rest_route=\/wp\/v2\/types\/post"}],"author":[{"embeddable":true,"href":"https:\/\/deutsch.bashariyat.org\/index.php?rest_route=\/wp\/v2\/users\/2"}],"replies":[{"embeddable":true,"href":"https:\/\/deutsch.bashariyat.org\/index.php?rest_route=%2Fwp%2Fv2%2Fcomments&post=3994"}],"version-history":[{"count":1,"href":"https:\/\/deutsch.bashariyat.org\/index.php?rest_route=\/wp\/v2\/posts\/3994\/revisions"}],"predecessor-version":[{"id":3995,"href":"https:\/\/deutsch.bashariyat.org\/index.php?rest_route=\/wp\/v2\/posts\/3994\/revisions\/3995"}],"wp:attachment":[{"href":"https:\/\/deutsch.bashariyat.org\/index.php?rest_route=%2Fwp%2Fv2%2Fmedia&parent=3994"}],"wp:term":[{"taxonomy":"category","embeddable":true,"href":"https:\/\/deutsch.bashariyat.org\/index.php?rest_route=%2Fwp%2Fv2%2Fcategories&post=3994"},{"taxonomy":"post_tag","embeddable":true,"href":"https:\/\/deutsch.bashariyat.org\/index.php?rest_route=%2Fwp%2Fv2%2Ftags&post=3994"}],"curies":[{"name":"wp","href":"https:\/\/api.w.org\/{rel}","templated":true}]}}