{"id":4051,"date":"2021-01-13T01:57:54","date_gmt":"2021-01-12T23:57:54","guid":{"rendered":"https:\/\/deutsch.bashariyat.org\/?p=4051"},"modified":"2021-01-15T01:58:09","modified_gmt":"2021-01-14T23:58:09","slug":"einladung-zur-sitzung-des-repraesentanz-von-ostasiatischen-laendern-im-iran-am-15-januar-2021","status":"publish","type":"post","link":"https:\/\/deutsch.bashariyat.org\/?p=4051","title":{"rendered":"Einladung zur Sitzung des Repr\u00e4sentanz von Ostasiatischen L\u00e4ndern im Iran am 15.Januar.2021"},"content":{"rendered":"<div id=\"attachment_3682\" style=\"width: 300px\" class=\"wp-caption alignnone\"><a href=\"https:\/\/deutsch.bashariyat.org\/wp-content\/uploads\/2020\/11\/stempel-einladung-76027-st235595a48ffe9c10_600x600.jpg\"><img loading=\"lazy\" decoding=\"async\" aria-describedby=\"caption-attachment-3682\" class=\"size-medium wp-image-3682\" src=\"https:\/\/deutsch.bashariyat.org\/wp-content\/uploads\/2020\/11\/stempel-einladung-76027-st235595a48ffe9c10_600x600-300x225.jpg\" alt=\"\" width=\"300\" height=\"225\" data-id=\"3682\" srcset=\"https:\/\/deutsch.bashariyat.org\/wp-content\/uploads\/2020\/11\/stempel-einladung-76027-st235595a48ffe9c10_600x600-300x225.jpg 300w, https:\/\/deutsch.bashariyat.org\/wp-content\/uploads\/2020\/11\/stempel-einladung-76027-st235595a48ffe9c10_600x600.jpg 600w\" sizes=\"auto, (max-width: 300px) 100vw, 300px\" \/><\/a><p id=\"caption-attachment-3682\" class=\"wp-caption-text\">Einladung<\/p><\/div>\n<p>&nbsp;<\/p>\n<p style=\"text-align: center;\"><span style=\"color: #ff0000;\"><strong>Vortrag, Fragen und Antworten, Diskussionen und Unterhalten<\/strong><\/span><\/p>\n<p style=\"text-align: center;\"><span style=\"color: #ff0000;\"><strong>Referenten und das Thema der Vortr\u00e4ge:<\/strong><\/span><\/p>\n<p>&nbsp;<\/p>\n<p><strong>Masoumeh Alijani:<\/strong><span id=\"more-3042\"><\/span><\/p>\n<p>Bericht und Analyse von Menschenrechtsverletzungen im Januar 2021<!--more--><span id=\"more-3897\"><\/span><\/p>\n<p>&nbsp;<\/p>\n<p><strong>Rahman Nobuvinezhad:<\/strong><\/p>\n<p>\u00dcberpr\u00fcfung von Artikel 26 der Allgemeinen Erkl\u00e4rung der Menschenrechte<\/p>\n<p>Und sein Vergleich mit der Verfassung der Islamischen Republik Iranischer<\/p>\n<p>&nbsp;<\/p>\n<p><strong>Najmah Falah:<\/strong><\/p>\n<p>&nbsp;<\/p>\n<p>Nicht gen\u00fcgende L\u00e4cheln (Weltlachtag)<\/p>\n<p>&nbsp;<\/p>\n<p><strong>Asad saiedi:<\/strong><\/p>\n<p>Tag der Religionsfreiheit<\/p>\n<p>&nbsp;<\/p>\n<p><strong>Mostafa Maryami :<\/strong><\/p>\n<p>Der Internationale Tag\u00a0<em>gegen<\/em>\u00a0Kolonialismus<\/p>\n<p>&nbsp;<\/p>\n<p>Am Ende jedes Abschnitts finden Fragen und Antworten statt.<\/p>\n<p><strong>Die \u00f6ffentliche Diskussion( Mohammad Abutalebi):<\/strong><\/p>\n<p>Recht auf Staatsb\u00fcrgerschaft( Koffer mit Geld f\u00fcr sie und normalem Brot f\u00fcr uns<\/p>\n<p>&nbsp;<\/p>\n<p><strong>Zeit:<\/strong><\/p>\n<p><strong>Freitag 15. Dez.2020, um 14:00 Uhr MEZ<\/strong><\/p>\n<p><strong>Veranstaltungsort:<\/strong><\/p>\n<ul>\n<li><strong>Paltalk\u00a0<\/strong><strong>View all<\/strong><\/li>\n<\/ul>\n<p><strong>Paltalk: view all<\/strong><\/p>\n<p><strong>Social Issues and Politics<\/strong><\/p>\n<p><strong>Human Rights<\/strong><\/p>\n<p><strong>Kanoon defa az hoghoghe bashar dar Iran<\/strong><\/p>\n<p>&nbsp;<\/p>\n<p><strong>Zoom:\u00a0<\/strong><\/p>\n<p><a href=\"https:\/\/zoom.us\/j\/8057930858?pwd=RXFFUDBSUVVzcitNR1cxbFAwckpEQT09\">Klicken Sie hier<\/a><\/p>\n<p>&nbsp;<\/p>\n<p>&nbsp;<\/p>\n<p>Vorsitz: Mohamad Abotalebi<\/p>\n<p>Sekret\u00e4r der Sitzung: Melika Ahmadi Sabzevari<\/p>\n<p>Tonaufnahme: Abolfazl Parvizi<\/p>\n<p>Administrator:<br \/>\nFarzad Darbouie, Mohammad Aboutalebi, Abolfazl Parvizi,Najmah Taghinezhad<\/p>\n<p>&nbsp;<\/p>\n<p>Zentrum f\u00fcr die Verteidigung der Menschenrechte im Iran<\/p>\n<p>Vertretung ostasiatischer L\u00e4nder<\/p>\n<p>&nbsp;<\/p>\n<p>\u00dcbersetzung :<\/p>\n<p>&nbsp;<\/p>\n<p>Ahmad Haji Ghader Marhomi<\/p>\n<p>Sahar\u00a0 Haji Ghader Marhomi<\/p>\n","protected":false},"excerpt":{"rendered":"<p>&nbsp; Vortrag, Fragen und Antworten, Diskussionen und Unterhalten Referenten und das Thema der Vortr\u00e4ge: &nbsp; Masoumeh Alijani: Bericht und Analyse von Menschenrechtsverletzungen im Januar 2021<\/p><p><a class=\"more-link btn\" href=\"https:\/\/deutsch.bashariyat.org\/?p=4051\">Weiterlesen<\/a><\/p>\n","protected":false},"author":2,"featured_media":0,"comment_status":"closed","ping_status":"closed","sticky":false,"template":"","format":"standard","meta":{"footnotes":""},"categories":[75],"tags":[],"class_list":["post-4051","post","type-post","status-publish","format-standard","hentry","category-einladung","item-wrap"],"_links":{"self":[{"href":"https:\/\/deutsch.bashariyat.org\/index.php?rest_route=\/wp\/v2\/posts\/4051","targetHints":{"allow":["GET"]}}],"collection":[{"href":"https:\/\/deutsch.bashariyat.org\/index.php?rest_route=\/wp\/v2\/posts"}],"about":[{"href":"https:\/\/deutsch.bashariyat.org\/index.php?rest_route=\/wp\/v2\/types\/post"}],"author":[{"embeddable":true,"href":"https:\/\/deutsch.bashariyat.org\/index.php?rest_route=\/wp\/v2\/users\/2"}],"replies":[{"embeddable":true,"href":"https:\/\/deutsch.bashariyat.org\/index.php?rest_route=%2Fwp%2Fv2%2Fcomments&post=4051"}],"version-history":[{"count":1,"href":"https:\/\/deutsch.bashariyat.org\/index.php?rest_route=\/wp\/v2\/posts\/4051\/revisions"}],"predecessor-version":[{"id":4052,"href":"https:\/\/deutsch.bashariyat.org\/index.php?rest_route=\/wp\/v2\/posts\/4051\/revisions\/4052"}],"wp:attachment":[{"href":"https:\/\/deutsch.bashariyat.org\/index.php?rest_route=%2Fwp%2Fv2%2Fmedia&parent=4051"}],"wp:term":[{"taxonomy":"category","embeddable":true,"href":"https:\/\/deutsch.bashariyat.org\/index.php?rest_route=%2Fwp%2Fv2%2Fcategories&post=4051"},{"taxonomy":"post_tag","embeddable":true,"href":"https:\/\/deutsch.bashariyat.org\/index.php?rest_route=%2Fwp%2Fv2%2Ftags&post=4051"}],"curies":[{"name":"wp","href":"https:\/\/api.w.org\/{rel}","templated":true}]}}