{"id":4058,"date":"2021-01-17T00:58:33","date_gmt":"2021-01-16T22:58:33","guid":{"rendered":"https:\/\/deutsch.bashariyat.org\/?p=4058"},"modified":"2021-01-20T17:06:57","modified_gmt":"2021-01-20T15:06:57","slug":"sitzung-des-ausschusses-fuer-die-verteidigung-der-rechte-iranischer-staemme-und-nationen-audio-bericht-vom-9-januar-2021","status":"publish","type":"post","link":"https:\/\/deutsch.bashariyat.org\/?p=4058","title":{"rendered":"Sitzung des Ausschusses f\u00fcr die Verteidigung der Rechte iranischer St\u00e4mme und Nationen Audio-Bericht vom 9.Januar.2021"},"content":{"rendered":"<h1 class=\"post-title entry-title\"><\/h1>\n<div class=\"entry-content clearfix\">\n<p><strong>D<\/strong>ie Sitzung des Ausschusses f\u00fcr die Verteidigung der Rechte iranischer St\u00e4mme und Nationen wurde am 09.Januar .2021 um 14:00 Uhr mitteleurop\u00e4ischer Zeit von Mahnaz Ahmadi\u00a0 als Verantwortlicher unter Beteiligung von Ausschussmitgliedern, Delegation von Menschenrechtsaktivisten( Elnaz Asadisafa-Neda Forughi-Rahman Nobovinezhad-Mohammad Abutalebi-Farhang Vali -NaserNowruzi-Barko Saraei-Abolfazl Parwizi-Hamidreza Chenari-Seid Farid Heibatollahi-Mahmood Hawalat -Mehran Fazelzadeh\u00a0 Habibabadi-MOhammad Ali Mahmoodzade Rahimabadi-Hamid Rezaei Azaryani) und anderen G\u00e4sten (Amir Niloo hat \u00fcber Asylsuchende und Fl\u00fcchtlinge in der Corona- und Nach-Corona-Krise gesprochen) im Palktalk und Zoom-Cyberspace abgehalten.Und am Ende dieses Treffens als Angelegenheit der freien Diskussion; Die Rechte der iranischen Nationen im Laufe der Jahre wurde diskutiert.<\/p>\n<p><img loading=\"lazy\" decoding=\"async\" class=\"aligncenter\" src=\"https:\/\/i1.wp.com\/bashariyat.org\/wp-content\/uploads\/2021\/01\/Unavngivet-25.png?resize=652.5%2C166&amp;ssl=1\" width=\"786\" height=\"200\" \/><\/p>\n<\/div>\n<p><!--more--><\/p>\n<p>&nbsp;<\/p>\n<div class=\"entry-content clearfix\">\n<p>Wir bedanken uns zum schluss bei Damen und Herren :<span style=\"color: #ff0000;\">Manuchehr shafaei<\/span>-Mostafa Haji Ghader Marhomi-Halimeh Hassan Souri-Ahmad Haji Ghader Marhomi-Sahar Haji Ghader Marhom-Nouri Sharifi-Shabnam Rezavand-Hashem Rezaei-Hani Rostamzadeh-Vahid Hassanzadeh-Mohammad Hassanzadeh-Alireza Jahanbakhsh-Hamid Reza Tabrizi-Reza Abassi Zamanabadi-Mehran Ahangar und Ahmad Mollazadeh ,dass die wirklich aktiv und wirksam sind.<\/p>\n<\/div>\n<p>&nbsp;<\/p>\n<p>Falls Sie nicht in der Besprechung\u00a0 waren,k\u00f6nnen Sie es sich hier anh\u00f6ren :<\/p>\n<div class=\"entry-content clearfix\">\n<p>&nbsp;<\/p>\n<p><a href=\"http:\/\/azadegy.de\/01.2021\/09.01.2021jalase.aghvam\/mohammadabutalebi.mohammadabutalebi.mp3\">Mohammad Abutalebi:<\/a> Der Bericht und die Analyse der Rechteverletzung der iranischen St\u00e4mme und Nationen im Dezember 2020<\/p>\n<p><a href=\"http:\/\/azadegy.de\/01.2021\/09.01.2021jalase.aghvam\/mahmoudhavalat.mp3\">Mahmud havalat: Der 1. Artikel der Allgemeinen Erkl\u00e4rung der Menschenrechte und ihr Vergleich mit der Verfassung der Islamischen Republik Iran<\/a><\/p>\n<p>Teil II:<\/p>\n<p>Farhang Vali<a href=\"http:\/\/azadegy.de\/01.2021\/09.01.2021jalase.aghvam\/farhangvali.mp3\">:Hinrichtungen in den vergangenen Monaten in Sistan und Belutschistan<\/a><\/p>\n<\/div>\n<p>Amir Niloo :<a href=\"http:\/\/azadegy.de\/01.2021\/09.01.2021jalase.aghvam\/amirniloo.mp3\">Asylsuchende und Fl\u00fcchtlinge in der Corona- und Nach-Corona-Krise<\/a><\/p>\n<div class=\"entry-content clearfix\">\n<p>Freie Diskussion mit der Verwaltung vonRahman nobuvi Nezhad:\u00a0<a href=\"http:\/\/azadegy.de\/01.2021\/09.01.2021jalase.aghvam\/bahseazad.mp3\">Die Rechte der iranischen Nationen im Laufe der Jahre wurde diskutiert.\u00a0<\/a><\/p>\n<\/div>\n<p>&nbsp;<\/p>\n<p>&nbsp;<\/p>\n<p>&nbsp;<\/p>\n<div class=\"entry-content clearfix\">\n<p>Ahmad Haji Ghader Marhomi<\/p>\n<p>Sahar Haji Ghader Marhomi<\/p>\n<\/div>\n","protected":false},"excerpt":{"rendered":"<p>Die Sitzung des Ausschusses f\u00fcr die Verteidigung der Rechte iranischer St\u00e4mme und Nationen wurde am 09.Januar .2021 um 14:00 Uhr mitteleurop\u00e4ischer Zeit von Mahnaz Ahmadi\u00a0 als Verantwortlicher unter Beteiligung von Ausschussmitgliedern, Delegation von Menschenrechtsaktivisten( Elnaz Asadisafa-Neda Forughi-Rahman Nobovinezhad-Mohammad Abutalebi-Farhang Vali -NaserNowruzi-Barko Saraei-Abolfazl Parwizi-Hamidreza Chenari-Seid Farid Heibatollahi-Mahmood Hawalat -Mehran Fazelzadeh\u00a0 Habibabadi-MOhammad Ali Mahmoodzade Rahimabadi-Hamid Rezaei Azaryani) &hellip; <\/p>\n<p><a class=\"more-link btn\" href=\"https:\/\/deutsch.bashariyat.org\/?p=4058\">Weiterlesen<\/a><\/p>\n","protected":false},"author":2,"featured_media":0,"comment_status":"closed","ping_status":"closed","sticky":false,"template":"","format":"standard","meta":{"footnotes":""},"categories":[8],"tags":[],"class_list":["post-4058","post","type-post","status-publish","format-standard","hentry","category-ethnische-konvention","item-wrap"],"_links":{"self":[{"href":"https:\/\/deutsch.bashariyat.org\/index.php?rest_route=\/wp\/v2\/posts\/4058","targetHints":{"allow":["GET"]}}],"collection":[{"href":"https:\/\/deutsch.bashariyat.org\/index.php?rest_route=\/wp\/v2\/posts"}],"about":[{"href":"https:\/\/deutsch.bashariyat.org\/index.php?rest_route=\/wp\/v2\/types\/post"}],"author":[{"embeddable":true,"href":"https:\/\/deutsch.bashariyat.org\/index.php?rest_route=\/wp\/v2\/users\/2"}],"replies":[{"embeddable":true,"href":"https:\/\/deutsch.bashariyat.org\/index.php?rest_route=%2Fwp%2Fv2%2Fcomments&post=4058"}],"version-history":[{"count":5,"href":"https:\/\/deutsch.bashariyat.org\/index.php?rest_route=\/wp\/v2\/posts\/4058\/revisions"}],"predecessor-version":[{"id":4072,"href":"https:\/\/deutsch.bashariyat.org\/index.php?rest_route=\/wp\/v2\/posts\/4058\/revisions\/4072"}],"wp:attachment":[{"href":"https:\/\/deutsch.bashariyat.org\/index.php?rest_route=%2Fwp%2Fv2%2Fmedia&parent=4058"}],"wp:term":[{"taxonomy":"category","embeddable":true,"href":"https:\/\/deutsch.bashariyat.org\/index.php?rest_route=%2Fwp%2Fv2%2Fcategories&post=4058"},{"taxonomy":"post_tag","embeddable":true,"href":"https:\/\/deutsch.bashariyat.org\/index.php?rest_route=%2Fwp%2Fv2%2Ftags&post=4058"}],"curies":[{"name":"wp","href":"https:\/\/api.w.org\/{rel}","templated":true}]}}