{"id":4115,"date":"2021-01-17T07:11:15","date_gmt":"2021-01-17T05:11:15","guid":{"rendered":"https:\/\/deutsch.bashariyat.org\/?p=4115"},"modified":"2021-02-05T07:15:28","modified_gmt":"2021-02-05T05:15:28","slug":"einladung-zur-sitzung-des-verteidigungsausschuss-von-kindern-und-jugendlichen-am-22-januar-2021","status":"publish","type":"post","link":"https:\/\/deutsch.bashariyat.org\/?p=4115","title":{"rendered":"Einladung zur Sitzung\u00a0 des Verteidigungsausschuss von Kindern und Jugendlichen am 22. Januar 2021"},"content":{"rendered":"<p><a href=\"https:\/\/deutsch.bashariyat.org\/wp-content\/uploads\/2020\/11\/stempel-einladung-constanze-pro2.jpg\"><img loading=\"lazy\" decoding=\"async\" class=\"alignnone size-full wp-image-3690\" src=\"https:\/\/deutsch.bashariyat.org\/wp-content\/uploads\/2020\/11\/stempel-einladung-constanze-pro2.jpg\" alt=\"\" width=\"236\" height=\"236\" data-id=\"3690\" srcset=\"https:\/\/deutsch.bashariyat.org\/wp-content\/uploads\/2020\/11\/stempel-einladung-constanze-pro2.jpg 236w, https:\/\/deutsch.bashariyat.org\/wp-content\/uploads\/2020\/11\/stempel-einladung-constanze-pro2-150x150.jpg 150w\" sizes=\"auto, (max-width: 236px) 100vw, 236px\" \/><\/a><\/p>\n<p style=\"text-align: center;\"><span style=\"color: #000000;\">Gl\u00fcckliche Kinder und Jugendliche spiegeln die Gesundheit der Gesellschaft wider<\/span><\/p>\n<p style=\"text-align: center;\"><span style=\"color: #ff0000;\">\u00a0Eine Bewegung f\u00fcr Bewusstsein und Gerechtigkeit im Iran<\/span><\/p>\n<p style=\"text-align: center;\"><span style=\"color: #000000;\">Vortrag, Fragen und Antworten, Diskussionen und Unterhalten<\/span><\/p>\n<p>&nbsp;<\/p>\n<p><strong>Referenten und das Thema der Vortr\u00e4ge<\/strong><strong>:<\/strong><\/p>\n<p>&nbsp;<\/p>\n<p>&nbsp;<\/p>\n<p><strong>Azar Arhami:<\/strong><\/p>\n<p>&nbsp;<\/p>\n<p>Meldung und Analyse von F\u00e4llen gegen die Rechte von Kindern und Jugendlichen im Januar 1999<!--more--><\/p>\n<p>&nbsp;<\/p>\n<p><strong>Hooman Sheri Tehrani:<\/strong><\/p>\n<p><strong>\u00a0<\/strong><\/p>\n<p>Analyse von Artikel 5 der Konvention \u00fcber die Rechte des Kindes<\/p>\n<p>Und sein Vergleich mit der Verfassung der Islamischen Republik Iran<\/p>\n<p>&nbsp;<\/p>\n<p>&nbsp;<\/p>\n<p><strong>Zohreh Hagh Ba Ali:<\/strong><\/p>\n<p>&nbsp;<\/p>\n<p>Hinrichtung des Kindes<\/p>\n<p>&nbsp;<\/p>\n<p><strong>\u00a0Samaneh Mohebbi:<\/strong><\/p>\n<p>&nbsp;<\/p>\n<p>Selbstmord von Kindern<\/p>\n<p>&nbsp;<\/p>\n<p><strong>Shokoofeh Dehbozorgi: <\/strong><\/p>\n<p>&nbsp;<\/p>\n<p>Warum erfolgte die Ank\u00fcndigung 1372 (sie vermissen alles\u00a0 von der Wiege bis Grab)<\/p>\n<p>&nbsp;<\/p>\n<p>Ihre Meinungen, Ihre Fragen und Antworten am Ende jedes Abschnitts bringen uns unseren gemeinsamen Zielen n\u00e4her.<\/p>\n<p><strong>\u00a0<\/strong><\/p>\n<p><strong>Die \u00f6ffentliche Diskussion:<\/strong><\/p>\n<p>Rehabilitation oder Hinrichtung von Kindern;\u00a0 welcher ?<\/p>\n<p>&nbsp;<\/p>\n<p>Die Planung und die Prognose f\u00fcr die Aktivit\u00e4ten des n\u00e4chsten Monats<\/p>\n<p><strong>Zeit<\/strong>: Freitag, 22. Januar 2021 um 17:00 Uhr mitteleurop\u00e4ischer Zeit<\/p>\n<p><strong>Veranstaltungsort<\/strong>: Paltak Cyberspace, Ausschuss f\u00fcr die Verteidigung von Kindern und Jugendlichen<\/p>\n<p>Paltalk;\u00a0 Alle ansehen<\/p>\n<p>Soziales, Themen und Politik<\/p>\n<p>Menschenrechte<\/p>\n<p>Kanoon Defae az hoghogh bashar Dr. Iran, Komitteh Koodak<\/p>\n<p>Und Zoom den Cyberspace<\/p>\n<p>https:\/\/zoom.us\/j\/8057930858?pwd=RXFFUDBSUVVzcitNR1cxbFAwckpEQT09<\/p>\n<p>Unsere Kollegen und Aktivisten, die uns bei diesem Treffen helfen:<\/p>\n<p><strong>Verantwortlich f\u00fcr die Sitzung<\/strong>: Lida Ashjai<\/p>\n<p><strong>Sekret\u00e4r\/in der Sitzung<\/strong>: Reza Visanian<\/p>\n<p><strong>Tonaufnahme<\/strong>: Hooman Sheri Tehrani, Hamid Reza Azariani<\/p>\n<p><strong>Admins<\/strong>: Hamid Rezaei Azariani, Azar Arhami, Elahe Geravand Alizadeh, Hadi Dartoomi<\/p>\n<p>Vereinigung zur Verteidigung der Menschenrechte im Iran<\/p>\n<p>Ausschuss zur Verteidigung der Rechte des Kindes und des Jugendlichen<\/p>\n<p>\u00dcbersetzerin: Faezeh Rezaei<\/p>\n","protected":false},"excerpt":{"rendered":"<p>Gl\u00fcckliche Kinder und Jugendliche spiegeln die Gesundheit der Gesellschaft wider \u00a0Eine Bewegung f\u00fcr Bewusstsein und Gerechtigkeit im Iran Vortrag, Fragen und Antworten, Diskussionen und Unterhalten &nbsp; Referenten und das Thema der Vortr\u00e4ge: &nbsp; &nbsp; Azar Arhami: &nbsp; Meldung und Analyse von F\u00e4llen gegen die Rechte von Kindern und Jugendlichen im Januar 1999<\/p><p><a class=\"more-link btn\" href=\"https:\/\/deutsch.bashariyat.org\/?p=4115\">Weiterlesen<\/a><\/p>\n","protected":false},"author":2,"featured_media":0,"comment_status":"closed","ping_status":"closed","sticky":false,"template":"","format":"standard","meta":{"footnotes":""},"categories":[75],"tags":[],"class_list":["post-4115","post","type-post","status-publish","format-standard","hentry","category-einladung","item-wrap"],"_links":{"self":[{"href":"https:\/\/deutsch.bashariyat.org\/index.php?rest_route=\/wp\/v2\/posts\/4115","targetHints":{"allow":["GET"]}}],"collection":[{"href":"https:\/\/deutsch.bashariyat.org\/index.php?rest_route=\/wp\/v2\/posts"}],"about":[{"href":"https:\/\/deutsch.bashariyat.org\/index.php?rest_route=\/wp\/v2\/types\/post"}],"author":[{"embeddable":true,"href":"https:\/\/deutsch.bashariyat.org\/index.php?rest_route=\/wp\/v2\/users\/2"}],"replies":[{"embeddable":true,"href":"https:\/\/deutsch.bashariyat.org\/index.php?rest_route=%2Fwp%2Fv2%2Fcomments&post=4115"}],"version-history":[{"count":1,"href":"https:\/\/deutsch.bashariyat.org\/index.php?rest_route=\/wp\/v2\/posts\/4115\/revisions"}],"predecessor-version":[{"id":4116,"href":"https:\/\/deutsch.bashariyat.org\/index.php?rest_route=\/wp\/v2\/posts\/4115\/revisions\/4116"}],"wp:attachment":[{"href":"https:\/\/deutsch.bashariyat.org\/index.php?rest_route=%2Fwp%2Fv2%2Fmedia&parent=4115"}],"wp:term":[{"taxonomy":"category","embeddable":true,"href":"https:\/\/deutsch.bashariyat.org\/index.php?rest_route=%2Fwp%2Fv2%2Fcategories&post=4115"},{"taxonomy":"post_tag","embeddable":true,"href":"https:\/\/deutsch.bashariyat.org\/index.php?rest_route=%2Fwp%2Fv2%2Ftags&post=4115"}],"curies":[{"name":"wp","href":"https:\/\/api.w.org\/{rel}","templated":true}]}}