{"id":4117,"date":"2021-02-03T07:16:02","date_gmt":"2021-02-03T05:16:02","guid":{"rendered":"https:\/\/deutsch.bashariyat.org\/?p=4117"},"modified":"2021-02-05T07:20:26","modified_gmt":"2021-02-05T05:20:26","slug":"einladung-zur-sitzung-der-schweiz-repraesentation-am-14-feb-2021","status":"publish","type":"post","link":"https:\/\/deutsch.bashariyat.org\/?p=4117","title":{"rendered":"Einladung zur Sitzung der Schweiz Repr\u00e4sentation am 14.Feb.2021"},"content":{"rendered":"<div id=\"attachment_3682\" style=\"width: 300px\" class=\"wp-caption alignnone\"><a href=\"https:\/\/deutsch.bashariyat.org\/wp-content\/uploads\/2020\/11\/stempel-einladung-76027-st235595a48ffe9c10_600x600.jpg\"><img loading=\"lazy\" decoding=\"async\" aria-describedby=\"caption-attachment-3682\" class=\"size-medium wp-image-3682\" src=\"https:\/\/deutsch.bashariyat.org\/wp-content\/uploads\/2020\/11\/stempel-einladung-76027-st235595a48ffe9c10_600x600-300x225.jpg\" alt=\"\" width=\"300\" height=\"225\" data-id=\"3682\" srcset=\"https:\/\/deutsch.bashariyat.org\/wp-content\/uploads\/2020\/11\/stempel-einladung-76027-st235595a48ffe9c10_600x600-300x225.jpg 300w, https:\/\/deutsch.bashariyat.org\/wp-content\/uploads\/2020\/11\/stempel-einladung-76027-st235595a48ffe9c10_600x600.jpg 600w\" sizes=\"auto, (max-width: 300px) 100vw, 300px\" \/><\/a><p id=\"caption-attachment-3682\" class=\"wp-caption-text\">Einladung<\/p><\/div>\n<p style=\"text-align: center;\"><span style=\"color: #ff0000;\">Schweiz Repr\u00e4sentation zusammentragt\u00a0<\/span><\/p>\n<p style=\"text-align: center;\"><span style=\"color: #ff0000;\">Vortrag, Fragen und Antworten, Diskussionen und Unterhalten<\/span><\/p>\n<p><strong>Referenten und Vortr\u00e4ge:<\/strong><\/p>\n<p>Farhang Vali:<\/p>\n<p><strong>Bericht der Menschenrechtsverletzungen im Iran f\u00fcr Monat Feb<\/strong><\/p>\n<p>&nbsp;<\/p>\n<p>Firozeh Dedbozorgi:<\/p>\n<p><strong>\u00dcberpr\u00fcfung des Artikels 29 der Allgemeinen Erkl\u00e4rung der Menschenrechte und dessen Vergleich mit der Verfassung der Islamischen Republik Iran <\/strong><!--more--><\/p>\n<p>Mehran Ahangar:<\/p>\n<p><strong>Zerst\u00f6rung von Volksh\u00e4usern durch die Islamische Republik<\/strong><\/p>\n<p>&nbsp;<\/p>\n<p>Rasool Pourazad:<\/p>\n<p><strong>Jugend und das Problem der Arbeitslosigkeit<\/strong><\/p>\n<p><strong>\u00a0<\/strong><\/p>\n<p>Pouria Talebzadeh:<\/p>\n<p><strong>Das Recht auf Bildung von Kindern<\/strong><\/p>\n<p><strong>\u00a0<\/strong><\/p>\n<p>Am Ende jedes Abschnitts finden Fragen und Antworten statt<\/p>\n<p>die \u00f6ffentliche Diskussion (Hamid Rashidi):<\/p>\n<p><strong>Recht auf Lebenssicherheit (Aleinerziehender bei Coronakriese)<\/strong><\/p>\n<p><strong>\u00a0<\/strong><\/p>\n<p>Zeit: Sontag, 14.Feb. 2021 um 13:00 Uhr MEZ<\/p>\n<p>Paltalk Civic, Workplace von Paltalk ; View all<\/p>\n<p>Social, Issues and Politics<\/p>\n<p>Human Rights<\/p>\n<p>Kanoon Defa az Hoghogh Bashar dar Iran Namayandegi switzerland<\/p>\n<p><a href=\"https:\/\/zoom.us\/j\/8057930858?pwd=b2RQaXNlWTBQejlLc1RjVkRmd3dPUT09\"><strong><br \/>\n<\/strong><strong>https:\/\/zoom.us\/j\/8057930858?pwd=b2RQaXNlWTBQejlLc1RjVkRmd3dPUT09<\/strong><\/a><\/p>\n<p>&nbsp;<\/p>\n<p><strong>Unsere Kollegen und Aktivisten, die uns bei diesem Treffen helfen:<\/strong><\/p>\n<p>Verantwortlich f\u00fcr die Sitzung<strong>: <\/strong>\u00a0<strong>Mehrdad Zeganeh<\/strong><\/p>\n<p>Sekret\u00e4rin\/er<strong>:<\/strong> <strong>Hadi Jafarpour<\/strong><\/p>\n<p>Admins<strong>:\u00a0 Hamid Rashidi, Fardin Vali, Hadi Jafarpour<\/strong><\/p>\n<p>Tonaufnahme: <strong>Hadi Jafarpour, Fardin Vali<\/strong><\/p>\n<p><strong>Vereinigung zur Verteidigung der Menschenrechte im Iran Schweiz Repr\u00e4sentation<\/strong><\/p>\n","protected":false},"excerpt":{"rendered":"<p>Schweiz Repr\u00e4sentation zusammentragt\u00a0 Vortrag, Fragen und Antworten, Diskussionen und Unterhalten Referenten und Vortr\u00e4ge: Farhang Vali: Bericht der Menschenrechtsverletzungen im Iran f\u00fcr Monat Feb &nbsp; Firozeh Dedbozorgi: \u00dcberpr\u00fcfung des Artikels 29 der Allgemeinen Erkl\u00e4rung der Menschenrechte und dessen Vergleich mit der Verfassung der Islamischen Republik Iran<\/p><p><a class=\"more-link btn\" href=\"https:\/\/deutsch.bashariyat.org\/?p=4117\">Weiterlesen<\/a><\/p>\n","protected":false},"author":2,"featured_media":0,"comment_status":"closed","ping_status":"closed","sticky":false,"template":"","format":"standard","meta":{"footnotes":""},"categories":[75],"tags":[],"class_list":["post-4117","post","type-post","status-publish","format-standard","hentry","category-einladung","item-wrap"],"_links":{"self":[{"href":"https:\/\/deutsch.bashariyat.org\/index.php?rest_route=\/wp\/v2\/posts\/4117","targetHints":{"allow":["GET"]}}],"collection":[{"href":"https:\/\/deutsch.bashariyat.org\/index.php?rest_route=\/wp\/v2\/posts"}],"about":[{"href":"https:\/\/deutsch.bashariyat.org\/index.php?rest_route=\/wp\/v2\/types\/post"}],"author":[{"embeddable":true,"href":"https:\/\/deutsch.bashariyat.org\/index.php?rest_route=\/wp\/v2\/users\/2"}],"replies":[{"embeddable":true,"href":"https:\/\/deutsch.bashariyat.org\/index.php?rest_route=%2Fwp%2Fv2%2Fcomments&post=4117"}],"version-history":[{"count":1,"href":"https:\/\/deutsch.bashariyat.org\/index.php?rest_route=\/wp\/v2\/posts\/4117\/revisions"}],"predecessor-version":[{"id":4118,"href":"https:\/\/deutsch.bashariyat.org\/index.php?rest_route=\/wp\/v2\/posts\/4117\/revisions\/4118"}],"wp:attachment":[{"href":"https:\/\/deutsch.bashariyat.org\/index.php?rest_route=%2Fwp%2Fv2%2Fmedia&parent=4117"}],"wp:term":[{"taxonomy":"category","embeddable":true,"href":"https:\/\/deutsch.bashariyat.org\/index.php?rest_route=%2Fwp%2Fv2%2Fcategories&post=4117"},{"taxonomy":"post_tag","embeddable":true,"href":"https:\/\/deutsch.bashariyat.org\/index.php?rest_route=%2Fwp%2Fv2%2Ftags&post=4117"}],"curies":[{"name":"wp","href":"https:\/\/api.w.org\/{rel}","templated":true}]}}