{"id":4165,"date":"2021-02-12T02:34:21","date_gmt":"2021-02-12T00:34:21","guid":{"rendered":"https:\/\/deutsch.bashariyat.org\/?p=4165"},"modified":"2021-02-22T18:12:45","modified_gmt":"2021-02-22T16:12:45","slug":"yousof-tabatabaeonezhad-imam-von-isfahan-und-lizenzierung-wieder-fuer-bekannte-kriminelle","status":"publish","type":"post","link":"https:\/\/deutsch.bashariyat.org\/?p=4165","title":{"rendered":"Yousof Tabatabaeonezhad, Imam von Isfahan und  Lizenzierung wieder f\u00fcr bekannte Kriminelle!"},"content":{"rendered":"<p><span style=\"font-family: tahoma, arial, helvetica, sans-serif;\">Sechs Jahre\u00a0sind\u00a0seit\u00a0der\u00a0Trag\u00f6die\u00a0der\u00a0S\u00e4ureanschl\u00e4ge\u00a0vergangen, es\u00a0wurden\u00a0keine\u00a0Verbrecher\u00a0f\u00fcr\u00a0schuldig\u00a0befunden, und\u00a0niemand\u00a0wurde\u00a0vor\u00a0Gericht\u00a0gestellt. Der\u00a0einzige\u00a0festgenommene\u00a0T\u00e4ter\u00a0war Aria Jafari,\u00a0einer\u00a0Fotografer\u00a0der\u00a0Nachrichtenagentur\u00a0ISNA, die\u00a0verhaftet\u00a0wurde,\u00a0weil\u00a0er Fotos von\u00a0einem\u00a0Protest\u00a0gegen\u00a0S\u00e4ureangriffe\u00a0gemacht\u00a0hatte!\u00a0<\/span><\/p>\n<p><img loading=\"lazy\" decoding=\"async\" class=\"aligncenter\" src=\"https:\/\/iranawareness.files.wordpress.com\/2018\/08\/01a37-221724_624.jpg\" alt=\"Quellbild anzeigen\" width=\"497\" height=\"301\" \/><!--more--><\/p>\n<p><span style=\"font-family: tahoma, arial, helvetica, sans-serif;\">Aber die\u00a0Hauptt\u00e4ter\u00a0sind\u00a0die Sicherheit, und\u00a0sie\u00a0wurden\u00a0zweifellos\u00a0in\u00a0dieser\u00a0Hinsicht\u00a0belohnt,\u00a0denn\u00a0die\u00a0Politik, die\u00a0iranische\u00a0Frauenbewegung\u00a0zum\u00a0Schweigen\u00a0zu\u00a0bringen\u00a0und\u00a0sie\u00a0bei\u00a0jeder\u00a0Gelegenheit\u00a0und\u00a0mit\u00a0jeder\u00a0Entschuldigung\u00a0zu\u00a0unterdr\u00fccken,\u00a0ist\u00a0ein\u00a0Prozess, der\u00a0mit\u00a0dem\u00a0Aufkommen\u00a0der\u00a0Islamischen\u00a0Republik\u00a0beginnt\u00a0und\u00a0weitergeht,\u00a0einschlie\u00dflich\u00a0des\u00a0obligatorischen\u00a0Hijab, der\u00a0einer\u00a0der\u00a0gr\u00f6\u00dften\u00a0Gr\u00fcnde\u00a0f\u00fcr\u00a0die\u00a0Aus\u00fcbung\u00a0dieser\u00a0menschenfeindlichen\u00a0Politik\u00a0ist.\u00a0<\/span><\/p>\n<p><span style=\"font-family: tahoma, arial, helvetica, sans-serif;\" data-ccp-props=\"{&quot;201341983&quot;:0,&quot;335559739&quot;:160,&quot;335559740&quot;:259}\">\u00a0<\/span><\/p>\n<p><span style=\"font-family: tahoma, arial, helvetica, sans-serif;\">Immer\u00a0wieder\u00a0und\u00a0gleichzeitig\u00a0mit\u00a0dem\u00a0Jahrestag\u00a0der\u00a0tragischen\u00a0und\u00a0bitteren\u00a0Trag\u00f6die, die auf\u00a0Befehl\u00a0des Imams von Isfahan\u00a0ver\u00fcbt\u00a0wurde,\u00a0ruft\u00a0Yousef\u00a0Tabatabainejad, der Imam von Isfahan, in\u00a0Treffen\u00a0mit\u00a0Milit\u00e4r\u00a0und\u00a0Sicherheitskr\u00e4ften\u00a0offen\u00a0dazu\u00a0auf, die Umwelt\u00a0f\u00fcr\u00a0Frauen\u00a0zu\u00a0&#8222;unsicher&#8220;\u00a0zu\u00a0machen,\u00a0ohne\u00a0sich\u00a0um die\u00a0Folgen\u00a0zu\u00a0k\u00fcmmern, und\u00a0andere\u00a0Imamen\u00a0haben\u00a0\u00e4hnliche\u00a0Befehle\u00a0erlassen, die\u00a0ihm\u00a0folgen.\u00a0<\/span><\/p>\n<p><span style=\"font-family: tahoma, arial, helvetica, sans-serif;\">\u00a0 \u00a0 \u00a0 \u00a0 \u00a0 \u00a0\u00a0\u00a0 \u00a0 \u00a0 \u00a0 \u00a0 \u00a0 \u00a0 \u00a0 \u00a0 \u00a0 \u00a0 \u00a0 \u00a0 \u00a0 \u00a0 \u00a0 \u00a0 \u00a0 \u00a0 \u00a0 \u00a0 \u00a0 \u00a0 \u00a0 \u00a0 \u00a0 \u00a0 \u00a0 \u00a0 \u00a0 \u00a0 \u00a0 \u00a0 \u00a0 \u00a0 \u00a0 \u00a0 \u00a0 \u00a0 \u00a0 \u00a0 \u00a0 \u00a0 \u00a0 \u00a0\u00a0<\/span><\/p>\n<p><span style=\"font-family: tahoma, arial, helvetica, sans-serif;\">Und jetzt: Trotz der Tatsache, dass Sicherheitskr\u00e4fte die kleinsten Stra\u00dfenproteste unterdr\u00fccken, die Demonstranten identifizieren und sie den Todesgerichten \u00fcberlassen, haben sie im Laufe der Jahre ihre Unf\u00e4higkeit zum Ausdruck gebracht, die T\u00e4ter der schrecklichen Trag\u00f6die zu identifizieren und einzuf\u00fchren, weil die iranische Regierung ihr Verbrechen immer versteckt hat, und im Jahr 2014 leugneten, versteckten und nannten sie die T\u00e4ter von S\u00e4ureangriffen auf Frauen, die mit den &#8222;ausl\u00e4ndischen Geheimdiensten&#8220; verbunden waren.\u00a0<\/span><\/p>\n<p><span style=\"font-family: tahoma, arial, helvetica, sans-serif;\">Um\u00a0eine\u00a0Wiederholung\u00a0der\u00a0bitteren\u00a0Trag\u00f6die\u00a0der\u00a0Vergangenheit\u00a0und\u00a0gem\u00e4\u00df\u00a0den\u00a0Abs\u00e4tzen\u00a06 und 7 von\u00a0Artikel\u00a02 des\u00a0\u00dcbereinkommens\u00a0zur\u00a0Beseitigung\u00a0der\u00a0Diskriminierung\u00a0der Frau,\u00a0dem\u00a0f\u00fcnften\u00a0Ziel der UNESCO-Ausgabe\u00a02030,\u00a0zu\u00a0verhindern,\u00a0fordern\u00a0unsere\u00a0Kolleginnen\u00a0und\u00a0Kollegen\u00a0alle\u00a0freiheitsorientierten\u00a0und\u00a0Menschenrechtsgruppen\u00a0auf,\u00a0sich\u00a0zu\u00a0\u00e4u\u00dfern,\u00a0denn\u00a0der\u00a0freie\u00a0Mann\u00a0wurde\u00a0geboren\u00a0und muss\u00a0sicher\u00a0leben.\u00a0<\/span><\/p>\n<p>Ahmad Haji Ghader Marhomi<\/p>\n<p>Sahar Haji Ghader Marhomi<\/p>\n<div id=\"post-4117\" class=\"clearfix post post-4117 type-post status-publish format-standard hentry category-einladung item-wrap\">\n<div class=\"entry clearfix\">\n<div class=\"entry-content clearfix\">\n<p><span style=\"color: #ff0000;\"><strong>Vereinigung zur Verteidigung der Menschenrechte im Iran\u00a0<\/strong><\/span><\/p>\n<\/div>\n<\/div>\n<\/div>\n<div class=\"entry-author\">\n<div class=\"row\"><\/div>\n<\/div>\n","protected":false},"excerpt":{"rendered":"<p>Sechs Jahre\u00a0sind\u00a0seit\u00a0der\u00a0Trag\u00f6die\u00a0der\u00a0S\u00e4ureanschl\u00e4ge\u00a0vergangen, es\u00a0wurden\u00a0keine\u00a0Verbrecher\u00a0f\u00fcr\u00a0schuldig\u00a0befunden, und\u00a0niemand\u00a0wurde\u00a0vor\u00a0Gericht\u00a0gestellt. Der\u00a0einzige\u00a0festgenommene\u00a0T\u00e4ter\u00a0war Aria Jafari,\u00a0einer\u00a0Fotografer\u00a0der\u00a0Nachrichtenagentur\u00a0ISNA, die\u00a0verhaftet\u00a0wurde,\u00a0weil\u00a0er Fotos von\u00a0einem\u00a0Protest\u00a0gegen\u00a0S\u00e4ureangriffe\u00a0gemacht\u00a0hatte!\u00a0<\/p><p><a class=\"more-link btn\" href=\"https:\/\/deutsch.bashariyat.org\/?p=4165\">Weiterlesen<\/a><\/p>\n","protected":false},"author":2,"featured_media":0,"comment_status":"closed","ping_status":"closed","sticky":false,"template":"","format":"standard","meta":{"footnotes":""},"categories":[13],"tags":[],"class_list":["post-4165","post","type-post","status-publish","format-standard","hentry","category-menshenrecht","item-wrap"],"_links":{"self":[{"href":"https:\/\/deutsch.bashariyat.org\/index.php?rest_route=\/wp\/v2\/posts\/4165","targetHints":{"allow":["GET"]}}],"collection":[{"href":"https:\/\/deutsch.bashariyat.org\/index.php?rest_route=\/wp\/v2\/posts"}],"about":[{"href":"https:\/\/deutsch.bashariyat.org\/index.php?rest_route=\/wp\/v2\/types\/post"}],"author":[{"embeddable":true,"href":"https:\/\/deutsch.bashariyat.org\/index.php?rest_route=\/wp\/v2\/users\/2"}],"replies":[{"embeddable":true,"href":"https:\/\/deutsch.bashariyat.org\/index.php?rest_route=%2Fwp%2Fv2%2Fcomments&post=4165"}],"version-history":[{"count":4,"href":"https:\/\/deutsch.bashariyat.org\/index.php?rest_route=\/wp\/v2\/posts\/4165\/revisions"}],"predecessor-version":[{"id":4187,"href":"https:\/\/deutsch.bashariyat.org\/index.php?rest_route=\/wp\/v2\/posts\/4165\/revisions\/4187"}],"wp:attachment":[{"href":"https:\/\/deutsch.bashariyat.org\/index.php?rest_route=%2Fwp%2Fv2%2Fmedia&parent=4165"}],"wp:term":[{"taxonomy":"category","embeddable":true,"href":"https:\/\/deutsch.bashariyat.org\/index.php?rest_route=%2Fwp%2Fv2%2Fcategories&post=4165"},{"taxonomy":"post_tag","embeddable":true,"href":"https:\/\/deutsch.bashariyat.org\/index.php?rest_route=%2Fwp%2Fv2%2Ftags&post=4165"}],"curies":[{"name":"wp","href":"https:\/\/api.w.org\/{rel}","templated":true}]}}