{"id":4193,"date":"2021-02-15T21:36:37","date_gmt":"2021-02-15T19:36:37","guid":{"rendered":"https:\/\/deutsch.bashariyat.org\/?p=4193"},"modified":"2021-02-25T21:54:46","modified_gmt":"2021-02-25T19:54:46","slug":"einladung-zur-sitzung-der-oesterreich-repraesentation-am-17-feb-2021","status":"publish","type":"post","link":"https:\/\/deutsch.bashariyat.org\/?p=4193","title":{"rendered":"Einladung zur Sitzung der \u00d6sterreich Repr\u00e4sentation am 17.Feb.2021"},"content":{"rendered":"<p><a href=\"https:\/\/deutsch.bashariyat.org\/wp-content\/uploads\/2020\/11\/stempel-einladung-constanze-pro2.jpg\"><img loading=\"lazy\" decoding=\"async\" class=\"alignnone size-full wp-image-3690\" src=\"https:\/\/deutsch.bashariyat.org\/wp-content\/uploads\/2020\/11\/stempel-einladung-constanze-pro2.jpg\" alt=\"\" width=\"236\" height=\"236\" data-id=\"3690\" srcset=\"https:\/\/deutsch.bashariyat.org\/wp-content\/uploads\/2020\/11\/stempel-einladung-constanze-pro2.jpg 236w, https:\/\/deutsch.bashariyat.org\/wp-content\/uploads\/2020\/11\/stempel-einladung-constanze-pro2-150x150.jpg 150w\" sizes=\"auto, (max-width: 236px) 100vw, 236px\" \/><\/a><\/p>\n<p style=\"text-align: center;\">\u00d6sterreich Repr\u00e4sentation zusammentragt<\/p>\n<p style=\"text-align: center;\">Der Gast der Sitzung<\/p>\n<p><strong>Manouchehr Shafaei<\/strong><\/p>\n<p><strong><em>Gr\u00fcnder des VVM.Iran e.V<\/em><\/strong><\/p>\n<p>&nbsp;<\/p>\n<p>Das Thema der Sitzung:<\/p>\n<p><strong>Ein \u00dcberblick \u00fcber Erinnerungen Mitglieder <\/strong><\/p>\n<p><strong>VVM.Iran e.V<\/strong><\/p>\n<p><strong>\u00a0<\/strong><\/p>\n<p>Zeit: Mittwoch, 17.Feb. 2021 um 17:00 Uhr MEZ<\/p>\n<p>Veranstaltungsort: ZOOM<\/p>\n<p><strong>Unsere Kollegen und Aktivisten, die uns bei diesem Treffen helfen:<\/strong><\/p>\n<p>Verantwortlich f\u00fcr die Sitzung<strong>: Shabnam Rezavand<\/strong><\/p>\n<p>Sekret\u00e4r der Sitzung<strong>:<\/strong> <strong>Raha Farahmand<\/strong><\/p>\n<p>Admins<strong>:\u00a0 Naser Nourouzi, Behrooz Shokrinasab<\/strong><\/p>\n<p><strong>Vereinigung zur Verteidigung der Menschenrechte im Iran<\/strong><\/p>\n<p><strong>\u00d6sterreich Repr\u00e4sentation<\/strong><\/p>\n<p>&nbsp;<\/p>\n<p>&nbsp;<\/p>\n<p>&nbsp;<\/p>\n","protected":false},"excerpt":{"rendered":"<p>\u00d6sterreich Repr\u00e4sentation zusammentragt Der Gast der Sitzung Manouchehr Shafaei Gr\u00fcnder des VVM.Iran e.V &nbsp; Das Thema der Sitzung: Ein \u00dcberblick \u00fcber Erinnerungen Mitglieder VVM.Iran e.V \u00a0 Zeit: Mittwoch, 17.Feb. 2021 um 17:00 Uhr MEZ Veranstaltungsort: ZOOM Unsere Kollegen und Aktivisten, die uns bei diesem Treffen helfen: Verantwortlich f\u00fcr die Sitzung: Shabnam Rezavand Sekret\u00e4r der Sitzung: &hellip; <\/p>\n<p><a class=\"more-link btn\" href=\"https:\/\/deutsch.bashariyat.org\/?p=4193\">Weiterlesen<\/a><\/p>\n","protected":false},"author":2,"featured_media":0,"comment_status":"closed","ping_status":"closed","sticky":false,"template":"","format":"standard","meta":{"footnotes":""},"categories":[1],"tags":[],"class_list":["post-4193","post","type-post","status-publish","format-standard","hentry","category-allgemein","item-wrap"],"_links":{"self":[{"href":"https:\/\/deutsch.bashariyat.org\/index.php?rest_route=\/wp\/v2\/posts\/4193","targetHints":{"allow":["GET"]}}],"collection":[{"href":"https:\/\/deutsch.bashariyat.org\/index.php?rest_route=\/wp\/v2\/posts"}],"about":[{"href":"https:\/\/deutsch.bashariyat.org\/index.php?rest_route=\/wp\/v2\/types\/post"}],"author":[{"embeddable":true,"href":"https:\/\/deutsch.bashariyat.org\/index.php?rest_route=\/wp\/v2\/users\/2"}],"replies":[{"embeddable":true,"href":"https:\/\/deutsch.bashariyat.org\/index.php?rest_route=%2Fwp%2Fv2%2Fcomments&post=4193"}],"version-history":[{"count":1,"href":"https:\/\/deutsch.bashariyat.org\/index.php?rest_route=\/wp\/v2\/posts\/4193\/revisions"}],"predecessor-version":[{"id":4195,"href":"https:\/\/deutsch.bashariyat.org\/index.php?rest_route=\/wp\/v2\/posts\/4193\/revisions\/4195"}],"wp:attachment":[{"href":"https:\/\/deutsch.bashariyat.org\/index.php?rest_route=%2Fwp%2Fv2%2Fmedia&parent=4193"}],"wp:term":[{"taxonomy":"category","embeddable":true,"href":"https:\/\/deutsch.bashariyat.org\/index.php?rest_route=%2Fwp%2Fv2%2Fcategories&post=4193"},{"taxonomy":"post_tag","embeddable":true,"href":"https:\/\/deutsch.bashariyat.org\/index.php?rest_route=%2Fwp%2Fv2%2Ftags&post=4193"}],"curies":[{"name":"wp","href":"https:\/\/api.w.org\/{rel}","templated":true}]}}