{"id":4196,"date":"2021-02-23T21:56:09","date_gmt":"2021-02-23T19:56:09","guid":{"rendered":"https:\/\/deutsch.bashariyat.org\/?p=4196"},"modified":"2021-02-25T22:00:09","modified_gmt":"2021-02-25T20:00:09","slug":"einladung-zur-sitzung-der-repraesentation-von-hessen-am-28-feb-2021","status":"publish","type":"post","link":"https:\/\/deutsch.bashariyat.org\/?p=4196","title":{"rendered":"Einladung zur Sitzung der Repr\u00e4sentation von Hessen  am 28.Feb.2021"},"content":{"rendered":"<div id=\"attachment_3682\" style=\"width: 300px\" class=\"wp-caption alignleft\"><a href=\"https:\/\/deutsch.bashariyat.org\/wp-content\/uploads\/2020\/11\/stempel-einladung-76027-st235595a48ffe9c10_600x600.jpg\"><img loading=\"lazy\" decoding=\"async\" aria-describedby=\"caption-attachment-3682\" class=\"size-medium wp-image-3682\" src=\"https:\/\/deutsch.bashariyat.org\/wp-content\/uploads\/2020\/11\/stempel-einladung-76027-st235595a48ffe9c10_600x600-300x225.jpg\" alt=\"\" width=\"300\" height=\"225\" data-id=\"3682\" srcset=\"https:\/\/deutsch.bashariyat.org\/wp-content\/uploads\/2020\/11\/stempel-einladung-76027-st235595a48ffe9c10_600x600-300x225.jpg 300w, https:\/\/deutsch.bashariyat.org\/wp-content\/uploads\/2020\/11\/stempel-einladung-76027-st235595a48ffe9c10_600x600.jpg 600w\" sizes=\"auto, (max-width: 300px) 100vw, 300px\" \/><\/a><p id=\"caption-attachment-3682\" class=\"wp-caption-text\">Einladung<\/p><\/div>\n<p>&nbsp;<\/p>\n<p>&nbsp;<\/p>\n<p style=\"text-align: center;\"><span style=\"color: #ff0000;\">Repr\u00e4sentation von Hessen zusammentr\u00e4gt\u00a0<\/span><\/p>\n<p style=\"text-align: center;\"><span style=\"color: #ff0000;\">Vortrag, Fragen und Antworten, Diskussionen und Unterhalten<\/span><\/p>\n<p>&nbsp;<\/p>\n<p>&nbsp;<\/p>\n<p>&nbsp;<\/p>\n<p>&nbsp;<\/p>\n<p>&nbsp;<\/p>\n<p><strong>Referenten und das Thema der Vortr\u00e4ge:<\/strong><\/p>\n<p><strong>Shahintaj Fathzadeh <\/strong><strong>:<\/strong><\/p>\n<p>Bericht und Analyse der Menschenrechteverletzungen im Jan.\/Feb.21<!--more--><\/p>\n<p>&nbsp;<\/p>\n<p><strong>Ghazaleh Nazemi<\/strong> <strong>\u00a0<\/strong><strong>:<\/strong><\/p>\n<p>\u00dcberpr\u00fcfung des Artikels 7 der Allgemeinen Erkl\u00e4rung der Menschenrechte Und dessen Vergleich mit der Verfassung der Islamischen Republik Iran<\/p>\n<p><strong>\u00a0<\/strong><\/p>\n<p><strong>Roya Ravari <\/strong><strong>\u00a0:<\/strong><\/p>\n<p>Die Einschr\u00e4nkungen der Frauen in der Gesellschaft<\/p>\n<p>&nbsp;<\/p>\n<p><strong>Davoud Vahidi <\/strong><strong>\u00a0:<\/strong><\/p>\n<p>Die F\u00e4lle des Staatsterrorismus au\u00dferhalb des Irans<\/p>\n<p>&nbsp;<\/p>\n<p><strong>Behnam Ghorbanzadeh <\/strong><strong>\u00a0:<\/strong><\/p>\n<p>Der Rassismus<\/p>\n<p>&nbsp;<\/p>\n<p>Am Ende jedes Abschnitts finden Fragen und Antworten statt.<\/p>\n<p><strong>Die \u00f6ffentliche Diskussion :<\/strong><\/p>\n<p>Das Recht auf soziale Sicherheit<\/p>\n<p>&nbsp;<\/p>\n<p><strong>Zeit:\u00a0<\/strong>Sonntag, 28.Feb.2021 um 18:00 Uhr MEZ<\/p>\n<p><strong>Veranstaltungsort:<\/strong>\u00a0Paltalk Civic, Workplace<strong>\u00a0<\/strong>der Repr\u00e4sentation von Hessen<\/p>\n<p>Paltalk; View all<\/p>\n<p>Social, Issues and Politics<\/p>\n<p>Human Rights<\/p>\n<p>Kanoon Defa az Hoghogh Bashar dar Iran.hessen<\/p>\n<p>&nbsp;<\/p>\n<p>Zoom: <a href=\"https:\/\/zoom.us\/j\/8057930858?pwd=b2RQaXNlWTBQejlLc1RjVkRmd3dPUT09\"><strong>https:\/\/zoom.us\/j\/8057930858?pwd=b2RQaXNlWTBQejlLc1RjVkRmd3dPUT09<\/strong><\/a><\/p>\n<p>&nbsp;<\/p>\n<p>Unsere Kollegen und Aktivisten, die uns bei diesem Treffen helfen:<\/p>\n<p>&nbsp;<\/p>\n<p><strong>Verantwortlich f\u00fcr die Sitzung:<\/strong> Farhad Nasiri<\/p>\n<p><strong>Sekret\u00e4rin\/er der Sitzung:<\/strong> Ghazaleh Nazemi<\/p>\n<p><strong>Tonaufnahme:<\/strong> Rasoul Abbasi Zamanabadi<\/p>\n<p><strong>Admins:<\/strong> Farhad Nasiri, Rasoul Abbasi Zamanabadi, Houman Sheri Tehrani<\/p>\n<p>&nbsp;<\/p>\n<p><strong>Vereinigung zur Verteidigung der Menschenrechte im Iran<\/strong><\/p>\n<p><strong>\u00a0<\/strong><\/p>\n<p><strong>Die Repr\u00e4sentation von Hessen<\/strong><\/p>\n<p><strong>\u00a0<\/strong><\/p>\n<p><strong>\u00a0<\/strong><\/p>\n<p><strong>\u00a0<\/strong><\/p>\n<p>Der \u00dcbersetzer: Mohammadhasan Hasanzadehmehrabadi<\/p>\n<p>&nbsp;<\/p>\n","protected":false},"excerpt":{"rendered":"<p>&nbsp; &nbsp; Repr\u00e4sentation von Hessen zusammentr\u00e4gt\u00a0 Vortrag, Fragen und Antworten, Diskussionen und Unterhalten &nbsp; &nbsp; &nbsp; &nbsp; &nbsp; Referenten und das Thema der Vortr\u00e4ge: Shahintaj Fathzadeh : Bericht und Analyse der Menschenrechteverletzungen im Jan.\/Feb.21<\/p><p><a class=\"more-link btn\" href=\"https:\/\/deutsch.bashariyat.org\/?p=4196\">Weiterlesen<\/a><\/p>\n","protected":false},"author":2,"featured_media":0,"comment_status":"closed","ping_status":"closed","sticky":false,"template":"","format":"standard","meta":{"footnotes":""},"categories":[1],"tags":[],"class_list":["post-4196","post","type-post","status-publish","format-standard","hentry","category-allgemein","item-wrap"],"_links":{"self":[{"href":"https:\/\/deutsch.bashariyat.org\/index.php?rest_route=\/wp\/v2\/posts\/4196","targetHints":{"allow":["GET"]}}],"collection":[{"href":"https:\/\/deutsch.bashariyat.org\/index.php?rest_route=\/wp\/v2\/posts"}],"about":[{"href":"https:\/\/deutsch.bashariyat.org\/index.php?rest_route=\/wp\/v2\/types\/post"}],"author":[{"embeddable":true,"href":"https:\/\/deutsch.bashariyat.org\/index.php?rest_route=\/wp\/v2\/users\/2"}],"replies":[{"embeddable":true,"href":"https:\/\/deutsch.bashariyat.org\/index.php?rest_route=%2Fwp%2Fv2%2Fcomments&post=4196"}],"version-history":[{"count":1,"href":"https:\/\/deutsch.bashariyat.org\/index.php?rest_route=\/wp\/v2\/posts\/4196\/revisions"}],"predecessor-version":[{"id":4197,"href":"https:\/\/deutsch.bashariyat.org\/index.php?rest_route=\/wp\/v2\/posts\/4196\/revisions\/4197"}],"wp:attachment":[{"href":"https:\/\/deutsch.bashariyat.org\/index.php?rest_route=%2Fwp%2Fv2%2Fmedia&parent=4196"}],"wp:term":[{"taxonomy":"category","embeddable":true,"href":"https:\/\/deutsch.bashariyat.org\/index.php?rest_route=%2Fwp%2Fv2%2Fcategories&post=4196"},{"taxonomy":"post_tag","embeddable":true,"href":"https:\/\/deutsch.bashariyat.org\/index.php?rest_route=%2Fwp%2Fv2%2Ftags&post=4196"}],"curies":[{"name":"wp","href":"https:\/\/api.w.org\/{rel}","templated":true}]}}