{"id":4244,"date":"2021-02-28T21:08:28","date_gmt":"2021-02-28T19:08:28","guid":{"rendered":"https:\/\/deutsch.bashariyat.org\/?p=4244"},"modified":"2021-03-06T21:15:29","modified_gmt":"2021-03-06T19:15:29","slug":"audio-bericht-ueber-die-letzte-rede-der-landesvertretung-nordrhein-westfalen-donnerstag-18-februar-2021","status":"publish","type":"post","link":"https:\/\/deutsch.bashariyat.org\/?p=4244","title":{"rendered":"Audio-Bericht \u00fcber die letzte Rede der Landesvertretung Nordrhein-Westfalen Donnerstag, 18. Februar 2021"},"content":{"rendered":"<p><span style=\"font-family: tahoma, arial, helvetica, sans-serif;\"><span class=\"TextRun SCXW135767281 BCX8\" lang=\"DE-DE\" xml:lang=\"DE-DE\" data-contrast=\"auto\"><span class=\"NormalTextRun SCXW135767281 BCX8\">\u00a0Die letzte Rede der Repr\u00e4sentanz Nordrhein-Westfalen fand am Donnerstag, 18. Februar 2021, um 19:00 Uhr mitteleurop\u00e4ischer Zeit in\u00a0<\/span><span class=\"NormalTextRun SpellingErrorV2 SCXW135767281 BCX8\">Paltalk<\/span><span class=\"NormalTextRun SCXW135767281 BCX8\">\u00a0und Zoom, Repr\u00e4sentanz Nordrhein-Westfalen, mit einer Gruppe von Menschenrechtsaktivisten und anderen G\u00e4sten statt. H\u00f6ren Sie sich den Audiobericht der obigen Sitzung \u00fcber die folgenden Audiodateien an.\u00a0 Es ist zu beachten, dass ab n\u00e4chstem Monat die Vertretungen Nordrhein-Westfalen, Hessen und Baden-W\u00fcrttemberg zusammengelegt werden und am letzten Sonntag im Monat um 18:00 Uhr Vortr\u00e4ge im Namen Mittel- und S\u00fcddeutschlands gehalten werden.\u00a0<\/span><\/span><span class=\"EOP SCXW135767281 BCX8\" data-ccp-props=\"{&quot;201341983&quot;:0,&quot;335559739&quot;:200,&quot;335559740&quot;:276}\">\u00a0<\/span><\/span><\/p>\n<p><img decoding=\"async\" class=\"aligncenter\" src=\"https:\/\/i0.wp.com\/bashariyat.org\/wp-content\/uploads\/2021\/02\/Untitled-33.png?resize=652.5%2C173&amp;ssl=1\" \/><!--more--><\/p>\n<p>&nbsp;<\/p>\n<p><a style=\"color: #9538c5; outline: 0px;\" href=\"http:\/\/azadegy.de\/02.2021\/18.02.2021.jalase.nord.rain.vesfalen\/Samaneh%20Mohebi.mp3\"><span data-contrast=\"auto\">Sitzungsleiter:\u00a0<\/span><b><span data-contrast=\"auto\">Samaneh\u00a0Mohebbi<\/span><\/b><span data-contrast=\"auto\">\u00a0<\/span><span data-ccp-props=\"{&quot;201341983&quot;:0,&quot;335559739&quot;:200,&quot;335559740&quot;:276}\">\u00a0<\/span><\/a><\/p>\n<p><a href=\"http:\/\/azadegy.de\/02.2021\/18.02.2021.jalase.nord.rain.vesfalen\/Azar%20Erhami.mp3\"><span data-contrast=\"auto\">1)\u00a0<\/span><b><span data-contrast=\"auto\">Azar\u00a0Arhami<\/span><\/b><span data-contrast=\"auto\">: Fallbericht und Analyse Verletzung de<\/span><span data-contrast=\"auto\">r Menschenrechte im Januar<\/span><span data-contrast=\"auto\">.<\/span><span data-ccp-props=\"{&quot;201341983&quot;:0,&quot;335559739&quot;:200,&quot;335559740&quot;:276}\">\u00a0<\/span><\/a><\/p>\n<p><a href=\"http:\/\/azadegy.de\/02.2021\/18.02.2021.jalase.nord.rain.vesfalen\/Somayeh%20Hosein%20Zadeh%20Sani.mp3\"><span data-contrast=\"auto\">2)\u00a0<\/span><b><span data-contrast=\"auto\">Somayeh\u00a0Hosseinzadeh\u00a0Sani<\/span><\/b><span data-contrast=\"auto\">: Eine \u00dcberpr\u00fcfung der Konvention zum Klimawandel und deren Vergleich mit der Verfassung der Islamischen Republik Iran.<\/span><span data-ccp-props=\"{&quot;201341983&quot;:0,&quot;335559739&quot;:200,&quot;335559740&quot;:276}\">\u00a0<\/span><\/a><\/p>\n<p><a href=\"http:\/\/azadegy.de\/02.2021\/18.02.2021.jalase.nord.rain.vesfalen\/Karim%20Naseri.mp3\"><span data-contrast=\"auto\">3) <\/span><b><span data-contrast=\"auto\">Karim\u00a0Naseri:<\/span><\/b><span data-contrast=\"auto\">\u00a0Revolution 5<\/span><span data-contrast=\"auto\">7<\/span><span data-ccp-props=\"{&quot;201341983&quot;:0,&quot;335559739&quot;:200,&quot;335559740&quot;:276}\">\u00a0<\/span><\/a><\/p>\n<p><a href=\"http:\/\/azadegy.de\/02.2021\/18.02.2021.jalase.nord.rain.vesfalen\/Hamid%20Rezaei%20Azariani.mp3\"><span data-contrast=\"auto\">4) <\/span><b><span data-contrast=\"auto\">Hamid Rezaei\u00a0Azariani:<\/span><\/b><span data-contrast=\"auto\">\u00a0Verbo<\/span><span data-contrast=\"auto\">tener Sport f\u00fcr Frauen im Iran<\/span><span data-ccp-props=\"{&quot;201341983&quot;:0,&quot;335559739&quot;:200,&quot;335559740&quot;:276}\">\u00a0<\/span><\/a><\/p>\n<p><a href=\"http:\/\/azadegy.de\/02.2021\/18.02.2021.jalase.nord.rain.vesfalen\/Bahse%20Azad.mp3\"><span data-contrast=\"auto\">5) Freie Diskussion mit dem Management von <\/span><b><span data-contrast=\"auto\">Hamid Rezaei\u00a0Azariani<\/span><\/b><span data-contrast=\"auto\">: Recht auf Leben und Lebenssicherheit (Situation der Einwanderer im Iran und Europa).\u00a0<\/span><span data-ccp-props=\"{&quot;201341983&quot;:0,&quot;335559739&quot;:200,&quot;335559740&quot;:276}\">\u00a0<\/span><\/a><\/p>\n<p><span data-contrast=\"auto\">Sitzungssekret\u00e4r:\u00a0<\/span><b><span data-contrast=\"auto\">Mehrnoosh\u00a0Imani\u00a0Chegni<\/span><\/b><span data-ccp-props=\"{&quot;201341983&quot;:0,&quot;335559739&quot;:200,&quot;335559740&quot;:276}\">\u00a0<\/span><\/p>\n<p><span data-contrast=\"auto\">Administrator:\u00a0<\/span><b><span data-contrast=\"auto\">Hamid Rezaei\u00a0Azariani, Azar\u00a0Arhami, Samaneh Mo<\/span><\/b><b><span data-contrast=\"auto\">hebbi<\/span><\/b><span data-ccp-props=\"{&quot;201341983&quot;:0,&quot;335559739&quot;:200,&quot;335559740&quot;:276}\">\u00a0<\/span><\/p>\n<p><span data-contrast=\"auto\">Audioaufnahme und -bearbeitung:\u00a0<\/span><b><span data-contrast=\"auto\">Mahmoud\u00a0Ghafourian\u00a0Pirnia, Hamid Rezaei\u00a0Azariani<\/span><\/b><span data-ccp-props=\"{&quot;201341983&quot;:0,&quot;335559739&quot;:200,&quot;335559740&quot;:276}\">\u00a0<\/span><\/p>\n<p><span data-ccp-props=\"{&quot;201341983&quot;:0,&quot;335559739&quot;:200,&quot;335559740&quot;:276}\">\u00a0<\/span><\/p>\n<p><span data-ccp-props=\"{&quot;201341983&quot;:0,&quot;335559739&quot;:200,&quot;335559740&quot;:276}\">\u00a0<\/span><\/p>\n<p><span data-ccp-props=\"{&quot;201341983&quot;:0,&quot;335559739&quot;:200,&quot;335559740&quot;:276}\">\u00a0<\/span><\/p>\n<p><span data-contrast=\"auto\">\u00dcbersetzerin:\u00a0Faezeh\u00a0Rezaei<\/span><span data-ccp-props=\"{&quot;201341983&quot;:0,&quot;335559739&quot;:200,&quot;335559740&quot;:276}\">\u00a0<\/span><\/p>\n<p>&nbsp;<\/p>\n","protected":false},"excerpt":{"rendered":"<p>\u00a0Die letzte Rede der Repr\u00e4sentanz Nordrhein-Westfalen fand am Donnerstag, 18. Februar 2021, um 19:00 Uhr mitteleurop\u00e4ischer Zeit in\u00a0Paltalk\u00a0und Zoom, Repr\u00e4sentanz Nordrhein-Westfalen, mit einer Gruppe von Menschenrechtsaktivisten und anderen G\u00e4sten statt. H\u00f6ren Sie sich den Audiobericht der obigen Sitzung \u00fcber die folgenden Audiodateien an.\u00a0 Es ist zu beachten, dass ab n\u00e4chstem Monat die Vertretungen Nordrhein-Westfalen, Hessen &hellip; <\/p>\n<p><a class=\"more-link btn\" href=\"https:\/\/deutsch.bashariyat.org\/?p=4244\">Weiterlesen<\/a><\/p>\n","protected":false},"author":2,"featured_media":0,"comment_status":"closed","ping_status":"closed","sticky":false,"template":"","format":"standard","meta":{"footnotes":""},"categories":[1],"tags":[],"class_list":["post-4244","post","type-post","status-publish","format-standard","hentry","category-allgemein","item-wrap"],"_links":{"self":[{"href":"https:\/\/deutsch.bashariyat.org\/index.php?rest_route=\/wp\/v2\/posts\/4244","targetHints":{"allow":["GET"]}}],"collection":[{"href":"https:\/\/deutsch.bashariyat.org\/index.php?rest_route=\/wp\/v2\/posts"}],"about":[{"href":"https:\/\/deutsch.bashariyat.org\/index.php?rest_route=\/wp\/v2\/types\/post"}],"author":[{"embeddable":true,"href":"https:\/\/deutsch.bashariyat.org\/index.php?rest_route=\/wp\/v2\/users\/2"}],"replies":[{"embeddable":true,"href":"https:\/\/deutsch.bashariyat.org\/index.php?rest_route=%2Fwp%2Fv2%2Fcomments&post=4244"}],"version-history":[{"count":1,"href":"https:\/\/deutsch.bashariyat.org\/index.php?rest_route=\/wp\/v2\/posts\/4244\/revisions"}],"predecessor-version":[{"id":4245,"href":"https:\/\/deutsch.bashariyat.org\/index.php?rest_route=\/wp\/v2\/posts\/4244\/revisions\/4245"}],"wp:attachment":[{"href":"https:\/\/deutsch.bashariyat.org\/index.php?rest_route=%2Fwp%2Fv2%2Fmedia&parent=4244"}],"wp:term":[{"taxonomy":"category","embeddable":true,"href":"https:\/\/deutsch.bashariyat.org\/index.php?rest_route=%2Fwp%2Fv2%2Fcategories&post=4244"},{"taxonomy":"post_tag","embeddable":true,"href":"https:\/\/deutsch.bashariyat.org\/index.php?rest_route=%2Fwp%2Fv2%2Ftags&post=4244"}],"curies":[{"name":"wp","href":"https:\/\/api.w.org\/{rel}","templated":true}]}}