{"id":4312,"date":"2021-03-20T00:59:48","date_gmt":"2021-03-19T22:59:48","guid":{"rendered":"https:\/\/deutsch.bashariyat.org\/?p=4312"},"modified":"2021-09-04T08:42:54","modified_gmt":"2021-09-04T06:42:54","slug":"einladung-zum-treffen-der-norddeutschen-regionalvertreter-21-maerz-2021","status":"publish","type":"post","link":"https:\/\/deutsch.bashariyat.org\/?p=4312","title":{"rendered":"Einladung zum Treffen der norddeutschen Regionalvertreter &#8211; 21. M\u00e4rz 2021"},"content":{"rendered":"<p><a href=\"https:\/\/deutsch.bashariyat.org\/wp-content\/uploads\/2020\/11\/stempel-einladung-constanze-pro2.jpg\"><img loading=\"lazy\" decoding=\"async\" class=\"alignnone size-full wp-image-3690\" src=\"https:\/\/deutsch.bashariyat.org\/wp-content\/uploads\/2020\/11\/stempel-einladung-constanze-pro2.jpg\" alt=\"\" width=\"236\" height=\"236\" data-id=\"3690\" srcset=\"https:\/\/deutsch.bashariyat.org\/wp-content\/uploads\/2020\/11\/stempel-einladung-constanze-pro2.jpg 236w, https:\/\/deutsch.bashariyat.org\/wp-content\/uploads\/2020\/11\/stempel-einladung-constanze-pro2-150x150.jpg 150w\" sizes=\"auto, (max-width: 236px) 100vw, 236px\" \/><\/a><\/p>\n<p style=\"text-align: center;\"><span style=\"color: #ff0000;\">\u00a0\u00a0\u00a0\u00a0\u00a0\u00a0\u00a0\u00a0\u00a0 Vortrag, Fragen und Antworten, Diskussionen und Unterhaltung<\/span><\/p>\n<p>&nbsp;<\/p>\n<p style=\"text-align: center;\"><strong>Referenten und das Thema der Vorlesung:<\/strong><\/p>\n<p><strong>\u00a0<\/strong><\/p>\n<p><strong>Fereshte Amirahmadi:<\/strong> Meldung und Analyse von F\u00e4llen von Menschenrechtsverletzungen im Februar 2021<!--more--><\/p>\n<p><strong>\u00a0<\/strong><strong>Zohreh haghbaali:<\/strong> \u00dcberpr\u00fcfung des \u00dcbereinkommens \u00fcber die Nichtdiskriminierung im Bildungswesen (1967) und Vergleich mit der Verfassung der Islamischen Republik Iran<\/p>\n<p><strong>\u00a0<\/strong><strong>Mahsa shafavi:<\/strong> Krisenmanagement oder Managementkrise<\/p>\n<p><strong>\u00a0<\/strong><strong>Mohamad hasan hasanzade mehrabadi: <\/strong>Menschenrechte im Iran<\/p>\n<p><strong>\u00a0Masoud zolfaghari:<\/strong> Rechte von Anh\u00e4ngern anderer Religionen<\/p>\n<p><strong>Hosin solymanian:<\/strong> Kulturerbe und Denkm\u00e4ler<\/p>\n<p><span style=\"color: #0000ff;\"><strong>Frei Diskutieren(<\/strong><\/span> Verwaltet von Abbas Monfared <span style=\"color: #3366ff;\">)<\/span> :<strong>Das Recht auf Arbeitsplatzsicherheit und soziale Wohlfahrt<\/strong><\/p>\n<p>&nbsp;<\/p>\n<p><span style=\"color: #ff0000;\"><strong>Zeit:<\/strong><\/span> Samstag, 21. M\u00e4rz 2021 um 12 Uhr mitteleurop\u00e4ischer Zeit<\/p>\n<p>&nbsp;<\/p>\n<p><strong>Zoom:<\/strong><\/p>\n<p><a href=\"https:\/\/zoom.us\/j\/8057930858?pwd=b2RQaXNlWTBQejlLc1RjVkRmd3dPUT09\">https:\/\/zoom.us\/j\/8057930858?pwd=b2RQaXNlWTBQejlLc1RjVkRmd3dPUT09<\/a><\/p>\n<p>&nbsp;<\/p>\n<p>Youtube:<\/p>\n<p><a href=\"https:\/\/www.youtube.com\/channel\/UCcEgwhyDjX8eJAgN0KgEoMw\">https:\/\/www.youtube.com\/channel\/UCcEgwhyDjX8eJAgN0KgEoMw<\/a><\/p>\n<p>&nbsp;<\/p>\n<p><strong>Paltalk<\/strong><\/p>\n<p>Social Issues and Politics<\/p>\n<p>Human Rights<\/p>\n<p>Kanoon Defa az Hoqoq Bashar dar Iran<\/p>\n<p>&nbsp;<\/p>\n<p style=\"text-align: center;\"><strong>Unsere Kollegen und Aktivisten, die uns bei diesem Treffen helfen:<\/strong><\/p>\n<p><strong>\u00a0<\/strong><\/p>\n<p>Verantwortlich f\u00fcr die Sitzung<strong>:Touraj\u00a0Tafakori ardebili<\/strong><\/p>\n<p>Sekret\u00e4r\/in der Sitzung<strong>:Saied esmail hashemi<\/strong><\/p>\n<p>Tonaufnahme <strong>:Elnaze asadi safa,Ebrahime fadakar,Hosin solymanian,Marya heri<\/strong><\/p>\n<p>Admins<strong>:<\/strong> <strong>Mohamad hasan hasanzade mehrabadi,Mohamad ali mahmodzade<\/strong><\/p>\n<p><strong>\u00a0<\/strong><\/p>\n<p><strong>\u00a0<\/strong><\/p>\n<p><strong>\u00a0<\/strong><\/p>\n<p style=\"text-align: center;\"><strong>Vereinigung zur Verteidigung der Menschenrechte im Iran<\/strong><\/p>\n<p style=\"text-align: center;\"><strong>\u00a0Vertretung der norddeutschen Region<\/strong><\/p>\n<p><strong>\u00a0<\/strong><\/p>\n<p><strong>\u00a0<\/strong><\/p>\n<p>\u00dcbersetzer:Jamal soltani<\/p>\n","protected":false},"excerpt":{"rendered":"<p>\u00a0\u00a0\u00a0\u00a0\u00a0\u00a0\u00a0\u00a0\u00a0 Vortrag, Fragen und Antworten, Diskussionen und Unterhaltung &nbsp; Referenten und das Thema der Vorlesung: \u00a0 Fereshte Amirahmadi: Meldung und Analyse von F\u00e4llen von Menschenrechtsverletzungen im Februar 2021<\/p><p><a class=\"more-link btn\" href=\"https:\/\/deutsch.bashariyat.org\/?p=4312\">Weiterlesen<\/a><\/p>\n","protected":false},"author":2,"featured_media":0,"comment_status":"closed","ping_status":"closed","sticky":false,"template":"","format":"standard","meta":{"footnotes":""},"categories":[75],"tags":[],"class_list":["post-4312","post","type-post","status-publish","format-standard","hentry","category-einladung","item-wrap"],"_links":{"self":[{"href":"https:\/\/deutsch.bashariyat.org\/index.php?rest_route=\/wp\/v2\/posts\/4312","targetHints":{"allow":["GET"]}}],"collection":[{"href":"https:\/\/deutsch.bashariyat.org\/index.php?rest_route=\/wp\/v2\/posts"}],"about":[{"href":"https:\/\/deutsch.bashariyat.org\/index.php?rest_route=\/wp\/v2\/types\/post"}],"author":[{"embeddable":true,"href":"https:\/\/deutsch.bashariyat.org\/index.php?rest_route=\/wp\/v2\/users\/2"}],"replies":[{"embeddable":true,"href":"https:\/\/deutsch.bashariyat.org\/index.php?rest_route=%2Fwp%2Fv2%2Fcomments&post=4312"}],"version-history":[{"count":4,"href":"https:\/\/deutsch.bashariyat.org\/index.php?rest_route=\/wp\/v2\/posts\/4312\/revisions"}],"predecessor-version":[{"id":4989,"href":"https:\/\/deutsch.bashariyat.org\/index.php?rest_route=\/wp\/v2\/posts\/4312\/revisions\/4989"}],"wp:attachment":[{"href":"https:\/\/deutsch.bashariyat.org\/index.php?rest_route=%2Fwp%2Fv2%2Fmedia&parent=4312"}],"wp:term":[{"taxonomy":"category","embeddable":true,"href":"https:\/\/deutsch.bashariyat.org\/index.php?rest_route=%2Fwp%2Fv2%2Fcategories&post=4312"},{"taxonomy":"post_tag","embeddable":true,"href":"https:\/\/deutsch.bashariyat.org\/index.php?rest_route=%2Fwp%2Fv2%2Ftags&post=4312"}],"curies":[{"name":"wp","href":"https:\/\/api.w.org\/{rel}","templated":true}]}}