{"id":4377,"date":"2021-03-01T14:05:46","date_gmt":"2021-03-01T12:05:46","guid":{"rendered":"https:\/\/deutsch.bashariyat.org\/?p=4377"},"modified":"2021-03-30T15:01:12","modified_gmt":"2021-03-30T13:01:12","slug":"sitzung-des-ausschusses-fuer-die-verteidigung-der-rechte-iranischer-staemme-und-nationen-audio-bericht-vom-13-feb-2021","status":"publish","type":"post","link":"https:\/\/deutsch.bashariyat.org\/?p=4377","title":{"rendered":"Sitzung des Ausschusses f\u00fcr die Verteidigung der Rechte iranischer St\u00e4mme und Nationen Audio-Bericht vom 13.Feb.2021"},"content":{"rendered":"<p><strong>D<\/strong>ie Sitzung des Ausschusses f\u00fcr die Verteidigung der Rechte iranischer St\u00e4mme und Nationen wurde am 13.Feb.2021 um 15 Uhr mitteleurop\u00e4ischer Zeit von Karim Naseri als Verantwortlicher unter Beteiligung von Ausschussmitgliedern, Delegation von Menschenrechtsaktivisten und anderen G\u00e4sten im Palktalk und Zoom-Cyberspace abgehalten.\u00a0<span id=\"more-3719\"><\/span><\/p>\n<p>In diesem Treffen: Der Bericht und die Analyse der Rechteverletzungen der iranischen St\u00e4mme und Nationen im ,Jan.2021 der 2. Artikel der Allgemeinen Erkl\u00e4rung der Menschenrechte und ihr Vergleich mit der Verfassung der Islamischen Republik Iran, Umfangreiche Verhaftungen in Kurdistan,Menschenrechte und Muttersprache und am Ende dieses Treffens als Angelegenheit der freien Diskussion; <strong>Ethnische Rechte im Laufe der Jahre (Teil II)\u00a0<\/strong> wurde diskutiert.<\/p>\n<p><img decoding=\"async\" class=\"aligncenter\" src=\"https:\/\/i2.wp.com\/bashariyat.org\/wp-content\/uploads\/2021\/02\/Untitled-20.png?resize=652.5%2C134&amp;ssl=1\" \/><\/p>\n<p><strong><a href=\"http:\/\/azadegy.de\/02.2021\/13.02.2021.jalase.aghvam\/aryantavasoli.mp3\">Arian Tavasoli<\/a> :<\/strong><span class=\"Apple-converted-space\">\u00a0<\/span>Berichte zur Verletzungen von Nationen-Rechte im Iran<span class=\"Apple-converted-space\">\u00a0(Nov\/Dez 2020)<\/span><span id=\"more-4028\"><\/span><span id=\"more-4375\"><\/span><!--more--><\/p>\n<p><strong><a href=\"http:\/\/azadegy.de\/02.2021\/13.02.2021.jalase.aghvam\/rostamzadeh.mp3\">Hani Rostamzadeh<\/a> :<\/strong>analysieren Ziele 2 f\u00fcr nachhaltige Entwicklung UNESCO und vergleichen mit Iranischem Verfassungsgesetz<\/p>\n<ul>\n<li><span style=\"color: #ff0000;\">TEIL\u00a0 II<\/span><\/li>\n<\/ul>\n<p><strong><a href=\"http:\/\/azadegy.de\/02.2021\/13.02.2021.jalase.aghvam\/saharghaderi.mp3\">Sahar Haji Ghader Marhomi<\/a> :<\/strong>Umfangreiche Verhaftungen in Kurdistan<\/p>\n<div id=\"tw-container\" class=\"YQaNob\" data-cp=\"1\" data-is-ver=\"false\" data-nnttsvi=\"1\" data-sm=\"1\" data-sugg-time=\"500\" data-sugg-url=\"https:\/\/clients1.google.com\/complete\/search\" data-uilc=\"fa\">\n<div id=\"tw-ob\" class=\"tw-src-rtl\">\n<div class=\"oSioSc\">\n<div id=\"tw-target\">\n<div id=\"kAz1tf\" class=\"g9WsWb\">\n<div class=\"iYB33c\">\n<div id=\"tw-tmenu\" class=\"tw-menu\"><strong><a href=\"http:\/\/azadegy.de\/02.2021\/13.02.2021.jalase.aghvam\/mostafaghaderi.mp3\">Mostafa Haji Ghader Marhomi<\/a> :<\/strong>Menschenrechte und Muttersprache<\/div>\n<div><\/div>\n<\/div>\n<\/div>\n<\/div>\n<\/div>\n<\/div>\n<div id=\"tw-images\">\n<p><strong><a href=\"http:\/\/azadegy.de\/02.2021\/13.02.2021.jalase.aghvam\/bahseazad.mp3\">die \u00f6ffentliche Diskussion<\/a> :<\/strong> <strong>Ethnische Rechte im Laufe der Jahre (Teil II) <\/strong>(Geleitet bei Herrn Rahman Nobouvinezhad)<\/p>\n<\/div>\n<\/div>\n<p>&nbsp;<\/p>\n<div id=\"tw-container\" class=\"YQaNob\" data-cp=\"1\" data-is-ver=\"false\" data-nnttsvi=\"1\" data-sm=\"1\" data-sugg-time=\"500\" data-sugg-url=\"https:\/\/clients1.google.com\/complete\/search\" data-uilc=\"fa\">\n<div id=\"tw-images\">\n<p>\u00dcbersetzung :<\/p>\n<p>Halimeh Hassansouri<\/p>\n<p>Mostafa Haji Ghader Marhomi<\/p>\n<\/div>\n<div class=\"dURPtb\"><\/div>\n<\/div>\n","protected":false},"excerpt":{"rendered":"<p>Die Sitzung des Ausschusses f\u00fcr die Verteidigung der Rechte iranischer St\u00e4mme und Nationen wurde am 13.Feb.2021 um 15 Uhr mitteleurop\u00e4ischer Zeit von Karim Naseri als Verantwortlicher unter Beteiligung von Ausschussmitgliedern, Delegation von Menschenrechtsaktivisten und anderen G\u00e4sten im Palktalk und Zoom-Cyberspace abgehalten.\u00a0 In diesem Treffen: Der Bericht und die Analyse der Rechteverletzungen der iranischen St\u00e4mme und &hellip; <\/p>\n<p><a class=\"more-link btn\" href=\"https:\/\/deutsch.bashariyat.org\/?p=4377\">Weiterlesen<\/a><\/p>\n","protected":false},"author":2,"featured_media":0,"comment_status":"closed","ping_status":"closed","sticky":false,"template":"","format":"standard","meta":{"footnotes":""},"categories":[11],"tags":[],"class_list":["post-4377","post","type-post","status-publish","format-standard","hentry","category-sitzungsberichte","item-wrap"],"_links":{"self":[{"href":"https:\/\/deutsch.bashariyat.org\/index.php?rest_route=\/wp\/v2\/posts\/4377","targetHints":{"allow":["GET"]}}],"collection":[{"href":"https:\/\/deutsch.bashariyat.org\/index.php?rest_route=\/wp\/v2\/posts"}],"about":[{"href":"https:\/\/deutsch.bashariyat.org\/index.php?rest_route=\/wp\/v2\/types\/post"}],"author":[{"embeddable":true,"href":"https:\/\/deutsch.bashariyat.org\/index.php?rest_route=\/wp\/v2\/users\/2"}],"replies":[{"embeddable":true,"href":"https:\/\/deutsch.bashariyat.org\/index.php?rest_route=%2Fwp%2Fv2%2Fcomments&post=4377"}],"version-history":[{"count":2,"href":"https:\/\/deutsch.bashariyat.org\/index.php?rest_route=\/wp\/v2\/posts\/4377\/revisions"}],"predecessor-version":[{"id":4394,"href":"https:\/\/deutsch.bashariyat.org\/index.php?rest_route=\/wp\/v2\/posts\/4377\/revisions\/4394"}],"wp:attachment":[{"href":"https:\/\/deutsch.bashariyat.org\/index.php?rest_route=%2Fwp%2Fv2%2Fmedia&parent=4377"}],"wp:term":[{"taxonomy":"category","embeddable":true,"href":"https:\/\/deutsch.bashariyat.org\/index.php?rest_route=%2Fwp%2Fv2%2Fcategories&post=4377"},{"taxonomy":"post_tag","embeddable":true,"href":"https:\/\/deutsch.bashariyat.org\/index.php?rest_route=%2Fwp%2Fv2%2Ftags&post=4377"}],"curies":[{"name":"wp","href":"https:\/\/api.w.org\/{rel}","templated":true}]}}