{"id":5721,"date":"2022-03-19T01:27:56","date_gmt":"2022-03-18T23:27:56","guid":{"rendered":"https:\/\/deutsch.bashariyat.org\/?p=5721"},"modified":"2022-03-20T01:32:54","modified_gmt":"2022-03-19T23:32:54","slug":"audio-sitzungsbericht-des-ausschusses-fuer-die-verteidigung-der-arbeit-und-der-arbeitnehmerrechte-vom-05-maerz-2022","status":"publish","type":"post","link":"https:\/\/deutsch.bashariyat.org\/?p=5721","title":{"rendered":"Audio-Sitzungsbericht des Ausschusses f\u00fcr die Verteidigung der Arbeit und der Arbeitnehmerrechte vom 05.M\u00e4rz.2022"},"content":{"rendered":"<h1><span style=\"font-size: 12pt;\">Fand am 05.M\u00e4rz.2022 um 16:00 Uhr mitteleurop\u00e4ischer Zeit in Anwesenheit von Ausschussmitgliedern und einer Gruppe von Menschenrechtsaktivisten.<\/span><\/h1>\n<p>&nbsp;<\/p>\n<div class=\"embed-container\"><iframe loading=\"lazy\" title=\"\u062c\u0644\u0633\u0647 \u0633\u062e\u0646\u0631\u0627\u0646\u06cc \u06a9\u0645\u06cc\u062a\u0647 \u062f\u0641\u0627\u0639 \u0627\u0632 \u062d\u0642\u0648\u0642 \u06a9\u0627\u0631 \u0648 \u06a9\u0627\u0631\u06af\u0631 \u06f0\u06f5 \u0645\u0627\u0631\u0633 \u06f2\u06f0\u06f2\u06f2\" width=\"1170\" height=\"658\" src=\"https:\/\/www.youtube.com\/embed\/OnjwDI0X-w0?feature=oembed\" frameborder=\"0\" allow=\"accelerometer; autoplay; clipboard-write; encrypted-media; gyroscope; picture-in-picture; web-share\" referrerpolicy=\"strict-origin-when-cross-origin\" allowfullscreen><\/iframe><\/div>\n<p>&nbsp;<\/p>\n<p><a href=\"http:\/\/azadegy.de\/03.2022\/05.03.2022.Kargar\/1.Start-Mehrnoush-Imani-Chegani.mp3\">Anfang der Sitzung:Mehrnoosh Imanichegeni<\/a><!--more--><\/p>\n<p><a href=\"http:\/\/azadegy.de\/03.2022\/05.03.2022.Kargar\/2.Amir-Hosein-Fani.mp3\"><strong>Amir Hossein Fani<\/strong> : Berichterstattung und Analyse der F\u00e4lle von Arbeits- und Arbeitsrechtsverletzungen im Februar 2022<\/a><\/p>\n<p><a href=\"http:\/\/azadegy.de\/03.2022\/05.03.2022.Kargar\/3.Mehdi-Afsharzadeh.mp3\"><strong>Mehdi Afscharzadeh\u00a0<\/strong>:\u00dcbereinkommen \u00fcber das Verbot und dringende Ma\u00dfnahmen zur Beseitigung der schlimmsten Formen der Kinderarbeit Vergleich mit der Verfassung der Islamischen Republik Iran<\/a><\/p>\n<p><a href=\"http:\/\/azadegy.de\/03.2022\/05.03.2022.Kargar\/4.Paria-Torabi.mp3\"><strong>Parya Torabi<\/strong>\u00a0: Arbeitslose ausgebildete<\/a><\/p>\n<p><a href=\"http:\/\/azadegy.de\/03.2022\/05.03.2022.Kargar\/5.Mahnaz-Torabi.mp3\"><strong>Mahnaz Torabi<\/strong>:Arbeiterproteste im Iran<\/a><\/p>\n<p><a href=\"http:\/\/azadegy.de\/03.2022\/05.03.2022.Kargar\/6.Sadegh-Faroukhi-Ghasre-Asemi.mp3\"><strong>Sadegh Farokhighasrasemi<\/strong>:Cyberspace &amp; Business<\/a><\/p>\n<p><a href=\"http:\/\/azadegy.de\/03.2022\/05.03.2022.Kargar\/7.Free-Discussion.mp3\"><strong>Die \u00f6ffentliche Diskussion<\/strong>:Das Recht auf Nahrung, Kleidung und Unterkunft<\/a><\/p>\n<p>&nbsp;<\/p>\n<h1><\/h1>\n<h1>Fand am 05.M\u00e4rz.2022 um 16:00 Uhr mitteleurop\u00e4ischer Zeit in Anwesenheit von Ausschussmitgliedern und einer Gruppe von Menschenrechtsaktivisten.<\/h1>\n<p>&nbsp;<\/p>\n<p>&nbsp;<\/p>\n<p>&nbsp;<\/p>\n<p>&nbsp;<\/p>\n<p>&nbsp;<\/p>\n<p>&nbsp;<\/p>\n<p>&nbsp;<\/p>\n<p>&nbsp;<\/p>\n<p>&nbsp;<\/p>\n<p>&nbsp;<\/p>\n<p>&nbsp;<\/p>\n<p><strong>Amir Hossein Fani<\/strong> : Berichterstattung und Analyse der F\u00e4lle von Arbeits- und Arbeitsrechtsverletzungen im Februar 2022<\/p>\n<p><strong>Mehdi Afscharzadeh\u00a0<\/strong>:\u00dcbereinkommen \u00fcber das Verbot und dringende Ma\u00dfnahmen zur Beseitigung der schlimmsten Formen der Kinderarbeit Vergleich mit der Verfassung der Islamischen Republik Iran<\/p>\n<p><strong>Parya Torabi<\/strong>\u00a0: Arbeitslose ausgebildete<\/p>\n<p><strong>Mahnaz Torabi<\/strong>:Arbeiterproteste im Iran<\/p>\n<p><strong>Sadegh Farokhighasrasemi<\/strong>:Cyberspace &amp; Business<\/p>\n<p><strong>Die \u00f6ffentliche Diskussion<\/strong>:Das Recht auf Nahrung, Kleidung und Unterkunft<\/p>\n<p>&nbsp;<\/p>\n","protected":false},"excerpt":{"rendered":"<p>Fand am 05.M\u00e4rz.2022 um 16:00 Uhr mitteleurop\u00e4ischer Zeit in Anwesenheit von Ausschussmitgliedern und einer Gruppe von Menschenrechtsaktivisten. &nbsp; &nbsp; Anfang der Sitzung:Mehrnoosh Imanichegeni<\/p><p><a class=\"more-link btn\" href=\"https:\/\/deutsch.bashariyat.org\/?p=5721\">Weiterlesen<\/a><\/p>\n","protected":false},"author":2,"featured_media":0,"comment_status":"closed","ping_status":"closed","sticky":false,"template":"","format":"standard","meta":{"footnotes":""},"categories":[11],"tags":[],"class_list":["post-5721","post","type-post","status-publish","format-standard","hentry","category-sitzungsberichte","item-wrap"],"_links":{"self":[{"href":"https:\/\/deutsch.bashariyat.org\/index.php?rest_route=\/wp\/v2\/posts\/5721","targetHints":{"allow":["GET"]}}],"collection":[{"href":"https:\/\/deutsch.bashariyat.org\/index.php?rest_route=\/wp\/v2\/posts"}],"about":[{"href":"https:\/\/deutsch.bashariyat.org\/index.php?rest_route=\/wp\/v2\/types\/post"}],"author":[{"embeddable":true,"href":"https:\/\/deutsch.bashariyat.org\/index.php?rest_route=\/wp\/v2\/users\/2"}],"replies":[{"embeddable":true,"href":"https:\/\/deutsch.bashariyat.org\/index.php?rest_route=%2Fwp%2Fv2%2Fcomments&post=5721"}],"version-history":[{"count":1,"href":"https:\/\/deutsch.bashariyat.org\/index.php?rest_route=\/wp\/v2\/posts\/5721\/revisions"}],"predecessor-version":[{"id":5722,"href":"https:\/\/deutsch.bashariyat.org\/index.php?rest_route=\/wp\/v2\/posts\/5721\/revisions\/5722"}],"wp:attachment":[{"href":"https:\/\/deutsch.bashariyat.org\/index.php?rest_route=%2Fwp%2Fv2%2Fmedia&parent=5721"}],"wp:term":[{"taxonomy":"category","embeddable":true,"href":"https:\/\/deutsch.bashariyat.org\/index.php?rest_route=%2Fwp%2Fv2%2Fcategories&post=5721"},{"taxonomy":"post_tag","embeddable":true,"href":"https:\/\/deutsch.bashariyat.org\/index.php?rest_route=%2Fwp%2Fv2%2Ftags&post=5721"}],"curies":[{"name":"wp","href":"https:\/\/api.w.org\/{rel}","templated":true}]}}