{"id":5723,"date":"2022-03-20T02:32:22","date_gmt":"2022-03-20T00:32:22","guid":{"rendered":"https:\/\/deutsch.bashariyat.org\/?p=5723"},"modified":"2022-09-05T00:14:20","modified_gmt":"2022-09-04T23:14:20","slug":"einladung-zur-setzung-des-verteidigungsausschuss-des-kinder-jugendliche-rechte-im-iran-verteidigen-am-26-maer-2022","status":"publish","type":"post","link":"https:\/\/deutsch.bashariyat.org\/?p=5723","title":{"rendered":"Einladung zur Setzung des Verteidigungsausschuss des Kinder &#038; Jugendliche-Rechte im Iran verteidigen am 26.M\u00e4r.2022"},"content":{"rendered":"<p><a href=\"https:\/\/deutsch.bashariyat.org\/wp-content\/uploads\/2020\/11\/stempel-einladung-constanze-pro2.jpg\"><img loading=\"lazy\" decoding=\"async\" class=\"alignnone size-full wp-image-3690\" src=\"https:\/\/deutsch.bashariyat.org\/wp-content\/uploads\/2020\/11\/stempel-einladung-constanze-pro2.jpg\" alt=\"\" width=\"236\" height=\"236\" data-id=\"3690\" srcset=\"https:\/\/deutsch.bashariyat.org\/wp-content\/uploads\/2020\/11\/stempel-einladung-constanze-pro2.jpg 236w, https:\/\/deutsch.bashariyat.org\/wp-content\/uploads\/2020\/11\/stempel-einladung-constanze-pro2-150x150.jpg 150w\" sizes=\"auto, (max-width: 236px) 100vw, 236px\" \/><\/a><\/p>\n<p style=\"text-align: center;\"><span data-contrast=\"none\">Verteidigungsausschuss<\/span><span data-contrast=\"none\">\u00a0des Teenager und Kinder-Rechte\u00a0<\/span><span data-contrast=\"none\">im<\/span><span data-contrast=\"none\">\u00a0Iran\u00a0<\/span><span data-contrast=\"none\">zusammentragt<\/span><\/p>\n<p style=\"text-align: center;\">\u00a0Vortrag,\u00a0Fragen\u00a0und\u00a0Antworten,\u00a0Diskussionen<\/p>\n<p style=\"text-align: center;\"><b><span data-contrast=\"none\">Referenten<\/span><\/b><b><span data-contrast=\"none\">\u00a0und\u00a0<\/span><\/b><b><span data-contrast=\"none\">Vortr\u00e4ge<\/span><\/b><\/p>\n<p><b><span data-contrast=\"none\">Amirhosein Karimi:<\/span><\/b><span data-ccp-props=\"{&quot;201341983&quot;:0,&quot;335559739&quot;:160,&quot;335559740&quot;:259}\">\u00a0<\/span><span data-contrast=\"none\">Berichterstattung<\/span><span data-contrast=\"none\">\u00a0und Analyse der Rechte des\u00a0<\/span><span data-contrast=\"none\">Kindes<\/span><span data-contrast=\"none\">\u00a0und der\u00a0<\/span><span data-contrast=\"none\">Jugendlichen<\/span><span data-contrast=\"none\"> am\u00a0 02.2022<\/span><span id=\"more-5388\"><\/span><span id=\"more-5585\"><\/span><span id=\"more-5635\"><\/span><!--more--><\/p>\n<p><strong>Abuzar Khadami:<\/strong>\u00dcberpr\u00fcfung von Artikel 22 der Konvention \u00fcber die Rechte des Kindes<br \/>\nVergleich mit der Verfassung der Islamischen Republik Iran<strong><br \/>\n<\/strong><span id=\"more-5126\"><\/span><\/p>\n<p><strong>Najmeh Shirvani:<\/strong>Das Bewusstsein des Kindes f\u00fcr seine Rechte<\/p>\n<p><strong>Padrik Sependa:<\/strong>Inhaftierte Kinder<\/p>\n<p><strong>Parya Torabi<\/strong> :Tabuisierung der sexuellen Probleme von Kindern<\/p>\n<p style=\"text-align: center;\">Am Ende jedes Abschnitts finden Fragen und Antworten statt<\/p>\n<p><strong>\u00a0Die\u00a0\u00f6ffentliche Diskussion<\/strong>:Recht auf soziale Dienste (Kinder mit Autismus)<\/p>\n<p>&nbsp;<\/p>\n<p><span data-contrast=\"none\"><strong>Zeit<\/strong>:Freitag<\/span><span data-contrast=\"none\">,<\/span><span data-contrast=\"none\">25.M\u00e4r. <\/span><span data-contrast=\"none\">2022, 19:00 Uhr MEZ<\/span><span data-ccp-props=\"{&quot;201341983&quot;:0,&quot;335559739&quot;:160,&quot;335559740&quot;:259}\">\u00a0<\/span><\/p>\n<p><strong>Veranstaltungsort:<\/strong><\/p>\n<ul>\n<li>Zoom :<a href=\"https:\/\/zoom.us\/j\/8057930858?pwd=OTB2U2xEYkd3UlgxRUY5WG43ZlM5dz09\">Klicken Sie bitte<\/a><\/li>\n<li>YouTube :<a href=\"https:\/\/www.youtube.com\/channel\/UCcEgwhyDjX8eJAgN0KgEoMw\">Klicken Sie bitte<\/a><\/li>\n<li>App der Vereinigung<\/li>\n<\/ul>\n<p>&nbsp;<\/p>\n<p>Kanoon Defa az Hoghogh Bashar dar Iran, Komitteh koodak<\/p>\n<p>&nbsp;<\/p>\n<p><b><span data-contrast=\"none\">Unsere<\/span><\/b><b><span data-contrast=\"none\">\u00a0<\/span><\/b><b><span data-contrast=\"none\">Kollegen<\/span><\/b><b><span data-contrast=\"none\">\u00a0und\u00a0<\/span><\/b><b><span data-contrast=\"none\">Aktivisten<\/span><\/b><b><span data-contrast=\"none\">, die\u00a0<\/span><\/b><b><span data-contrast=\"none\">uns<\/span><\/b><b><span data-contrast=\"none\">\u00a0<\/span><\/b><b><span data-contrast=\"none\">bei<\/span><\/b><b><span data-contrast=\"none\">\u00a0<\/span><\/b><b><span data-contrast=\"none\">diesem<\/span><\/b><b><span data-contrast=\"none\">\u00a0<\/span><\/b><b><span data-contrast=\"none\">Treffen<\/span><\/b><b><span data-contrast=\"none\">\u00a0<\/span><\/b><b><span data-contrast=\"none\">helfen<\/span><\/b><b><span data-contrast=\"none\">:<\/span><\/b><span data-ccp-props=\"{&quot;201341983&quot;:0,&quot;335559739&quot;:160,&quot;335559740&quot;:259}\">\u00a0<\/span><\/p>\n<p><span data-ccp-props=\"{&quot;201341983&quot;:0,&quot;335559739&quot;:160,&quot;335559740&quot;:259}\">\u00a0<\/span><span data-contrast=\"none\">Verantwortlich<\/span><span data-contrast=\"none\">\u00a0<\/span><span data-contrast=\"none\">f\u00fcr<\/span><span data-contrast=\"none\">\u00a0die\u00a0<\/span><span data-contrast=\"none\">Sitzung<\/span><b><span data-contrast=\"none\">: Shahla Shahsavani<\/span><\/b><\/p>\n<p><span data-contrast=\"none\">Sekret\u00e4r<\/span><span data-contrast=\"none\">\u00a0der\u00a0<\/span><span data-contrast=\"none\">Sitzung<\/span><b><span data-contrast=\"none\">:Mohamadhasan Hasanzadehmehrabadi<\/span><\/b><\/p>\n<p>Verantwortlich f\u00fcr die Aufzeichnung und Bearbeitung von Audio in der Sitzung:<b>Pouya Hesabi-Amirhosein Karimi-Hamid Rezaei Azaryani<\/b><\/p>\n<p><span data-contrast=\"none\">Admins<\/span><b><span data-contrast=\"none\">:<strong>Mehdi Afsharzadeh-Azar ErhamiMina Aghabeigi-Hamid Rezaei Azaryani<\/strong><\/span><\/b><\/p>\n<p><span data-ccp-props=\"{&quot;201341983&quot;:0,&quot;335559739&quot;:160,&quot;335559740&quot;:259}\">\u00a0<\/span><\/p>\n<p style=\"text-align: center;\"><b><span data-contrast=\"none\">Vereinigung zur Verteidigung der Menschenrechte im Iran<\/span><\/b><span data-ccp-props=\"{&quot;201341983&quot;:0,&quot;335559739&quot;:160,&quot;335559740&quot;:259}\">\u00a0<\/span><\/p>\n<p style=\"text-align: center;\"><b><span data-contrast=\"none\">\u00a0des Teenager und Kinder-Rechte<\/span><\/b><span data-ccp-props=\"{&quot;201341983&quot;:0,&quot;335559739&quot;:160,&quot;335559740&quot;:259}\">\u00a0<\/span><\/p>\n<p>&nbsp;<\/p>\n<p><span data-ccp-props=\"{&quot;201341983&quot;:0,&quot;335559739&quot;:160,&quot;335559740&quot;:259}\">\u00a0<\/span><\/p>\n<p><strong>Der \u00dcbersetzer<\/strong>:<\/p>\n<p>Amirhosein Karimi<\/p>\n","protected":false},"excerpt":{"rendered":"<p>Verteidigungsausschuss\u00a0des Teenager und Kinder-Rechte\u00a0im\u00a0Iran\u00a0zusammentragt \u00a0Vortrag,\u00a0Fragen\u00a0und\u00a0Antworten,\u00a0Diskussionen Referenten\u00a0und\u00a0Vortr\u00e4ge Amirhosein Karimi:\u00a0Berichterstattung\u00a0und Analyse der Rechte des\u00a0Kindes\u00a0und der\u00a0Jugendlichen am\u00a0 02.2022<\/p><p><a class=\"more-link btn\" href=\"https:\/\/deutsch.bashariyat.org\/?p=5723\">Weiterlesen<\/a><\/p>\n","protected":false},"author":2,"featured_media":0,"comment_status":"closed","ping_status":"closed","sticky":false,"template":"","format":"standard","meta":{"footnotes":""},"categories":[75],"tags":[],"class_list":["post-5723","post","type-post","status-publish","format-standard","hentry","category-einladung","item-wrap"],"_links":{"self":[{"href":"https:\/\/deutsch.bashariyat.org\/index.php?rest_route=\/wp\/v2\/posts\/5723","targetHints":{"allow":["GET"]}}],"collection":[{"href":"https:\/\/deutsch.bashariyat.org\/index.php?rest_route=\/wp\/v2\/posts"}],"about":[{"href":"https:\/\/deutsch.bashariyat.org\/index.php?rest_route=\/wp\/v2\/types\/post"}],"author":[{"embeddable":true,"href":"https:\/\/deutsch.bashariyat.org\/index.php?rest_route=\/wp\/v2\/users\/2"}],"replies":[{"embeddable":true,"href":"https:\/\/deutsch.bashariyat.org\/index.php?rest_route=%2Fwp%2Fv2%2Fcomments&post=5723"}],"version-history":[{"count":3,"href":"https:\/\/deutsch.bashariyat.org\/index.php?rest_route=\/wp\/v2\/posts\/5723\/revisions"}],"predecessor-version":[{"id":6295,"href":"https:\/\/deutsch.bashariyat.org\/index.php?rest_route=\/wp\/v2\/posts\/5723\/revisions\/6295"}],"wp:attachment":[{"href":"https:\/\/deutsch.bashariyat.org\/index.php?rest_route=%2Fwp%2Fv2%2Fmedia&parent=5723"}],"wp:term":[{"taxonomy":"category","embeddable":true,"href":"https:\/\/deutsch.bashariyat.org\/index.php?rest_route=%2Fwp%2Fv2%2Fcategories&post=5723"},{"taxonomy":"post_tag","embeddable":true,"href":"https:\/\/deutsch.bashariyat.org\/index.php?rest_route=%2Fwp%2Fv2%2Ftags&post=5723"}],"curies":[{"name":"wp","href":"https:\/\/api.w.org\/{rel}","templated":true}]}}