{"id":5743,"date":"2022-03-27T00:56:23","date_gmt":"2022-03-26T22:56:23","guid":{"rendered":"https:\/\/deutsch.bashariyat.org\/?p=5743"},"modified":"2022-03-27T00:56:23","modified_gmt":"2022-03-26T22:56:23","slug":"audio-und-videobericht-der-online-sitzung-des-verteidigungsausschuss-der-anhaenger-der-religionen-rechte-im-iran-am-13-03-22","status":"publish","type":"post","link":"https:\/\/deutsch.bashariyat.org\/?p=5743","title":{"rendered":"Audio- und Videobericht der Online-Sitzung des Verteidigungsausschuss der Anh\u00e4nger der Religionen-Rechte im Iran am 13.03.22"},"content":{"rendered":"<p>Das Treffen des Komitees zur Verteidigung der Rechte von Anh\u00e4ngern der Religionen im Iran fand am Sonntag, den 13.03.2022, um 17:00 Uhr mitteleurop\u00e4ischer Zeit in Anwesenheit einer Gruppe von Menschenrechtsaktivisten und anderen G\u00e4sten durch den Cyberspace von Zum, YouTube und App f\u00fcr die Verteidigung der Menschenrechte im Iran statt. Die Redner und die Reihenfolge ihrer Rede sind :Amin Balwardibahman :Anfang der Sitzung Mehrnoosh Imanichegeni :Bericht und Analyse der Menschenrechteverletzungen der Anh\u00e4nger Religionen im Feb.2022 Maryam Eftekhar :\u00dcberpr\u00fcfung von Ziel 3 des UNESCO-Dokuments 2030 und es mit der Verfassung der Islamischen Republik Iran zu vergleichen Shahnaz karimzadeh:Leben im Schatten der Repression Akbar Mohamadi :Religionen in der Verfassung der Islamischen Republik Iran Esfandyar Sangari : Sucht im Iran Die \u00f6ffentliche Diskussion :Das Recht auf Leben.<\/p>\n<p>Unsere Kollegen und Aktivisten, die uns bei diesem Treffen helfen:<strong>Verantwortlich f\u00fcr die Sitzung:<\/strong> Karim Naseri,<strong>Sekret\u00e4r\/in der Sitzung:<\/strong> Maryam Eftekhar,<strong>Tonaufnahme:<\/strong> Karim Naseri,<strong>Admins:<\/strong>\u00a0Rasoul Abbasizamanabadi, Maryam Eftekhar, Arsha Kechoian<\/p>\n<div class=\"embed-container\"><iframe loading=\"lazy\" title=\"\u062c\u0644\u0633\u0647 \u0633\u062e\u0646\u0631\u0627\u0646\u06cc \u06a9\u0645\u06cc\u062a\u0647 \u062f\u0641\u0627\u0639 \u0627\u0632 \u062d\u0642\u0648\u0642 \u067e\u06cc\u0631\u0648\u0627\u0646 \u0627\u062f\u06cc\u0627\u0646 \u06f1\u06f3 \u0645\u0627\u0631\u0633 \u06f2\u06f0\u06f2\u06f2\" width=\"1170\" height=\"658\" src=\"https:\/\/www.youtube.com\/embed\/Y2J9etKaeTg?feature=oembed\" frameborder=\"0\" allow=\"accelerometer; autoplay; clipboard-write; encrypted-media; gyroscope; picture-in-picture; web-share\" referrerpolicy=\"strict-origin-when-cross-origin\" allowfullscreen><\/iframe><\/div>\n<p><!--more--><\/p>\n<p><a href=\"http:\/\/azadegy.de\/03.2022\/13.03.2022.Adyan\/1-Start.mp3\">Amin Balwardibahman :Anfang der Sitzung\u00a0<\/a><\/p>\n<p><a href=\"http:\/\/azadegy.de\/03.2022\/13.03.2022.Adyan\/2-Mehrnoosh.Imani.Chegini.mp3\"><strong>Mehrnoosh Imanichegeni\u00a0<\/strong><strong>:<\/strong>Bericht und Analyse der Menschenrechteverletzungen der Anh\u00e4nger Religionen im Feb.2022<\/a><span id=\"more-4743\"><\/span><\/p>\n<p><a href=\"http:\/\/azadegy.de\/03.2022\/13.03.2022.Adyan\/3-Maryam.Eftekhar.mp3\"><strong>Maryam Eftekhar :<\/strong>\u00dcberpr\u00fcfung von Ziel 3 des UNESCO-Dokuments 2030 und es mit der Verfassung der Islamischen Republik Iran zu vergleichen<\/a><span id=\"more-5709\"><\/span><\/p>\n<p><a href=\"http:\/\/azadegy.de\/03.2022\/13.03.2022.Adyan\/4-Shahnaz.Karimzadeh.mp3\"><b>Shahnaz karimzadeh<\/b>:Leben im Schatten der Repression<\/a><\/p>\n<p><a href=\"http:\/\/azadegy.de\/03.2022\/13.03.2022.Adyan\/6-Akbar.Mohammadi.mp3\"><strong>Akbar Mohamadi\u00a0<\/strong><strong>:<\/strong>Religionen in der Verfassung der Islamischen Republik Iran<\/a><\/p>\n<p><a href=\"http:\/\/azadegy.de\/03.2022\/13.03.2022.Adyan\/6-Akbar.Mohammadi.mp3\"><strong>Esfandyar Sangari<\/strong>\u00a0: Sucht im Iran<\/a><\/p>\n<p><a href=\"http:\/\/azadegy.de\/03.2022\/13.03.2022.Adyan\/7-Bahs.Azad.mp3\"><strong>Die \u00f6ffentliche Diskussion<\/strong>\u00a0<strong>:Das Recht auf Leben<\/strong><\/a><\/p>\n<p>&nbsp;<\/p>\n<p>&nbsp;<\/p>\n","protected":false},"excerpt":{"rendered":"<p>Das Treffen des Komitees zur Verteidigung der Rechte von Anh\u00e4ngern der Religionen im Iran fand am Sonntag, den 13.03.2022, um 17:00 Uhr mitteleurop\u00e4ischer Zeit in Anwesenheit einer Gruppe von Menschenrechtsaktivisten und anderen G\u00e4sten durch den Cyberspace von Zum, YouTube und App f\u00fcr die Verteidigung der Menschenrechte im Iran statt. Die Redner und die Reihenfolge ihrer &hellip; <\/p>\n<p><a class=\"more-link btn\" href=\"https:\/\/deutsch.bashariyat.org\/?p=5743\">Weiterlesen<\/a><\/p>\n","protected":false},"author":2,"featured_media":0,"comment_status":"closed","ping_status":"closed","sticky":false,"template":"","format":"standard","meta":{"footnotes":""},"categories":[68],"tags":[],"class_list":["post-5743","post","type-post","status-publish","format-standard","hentry","category-monatlicher-bericht","item-wrap"],"_links":{"self":[{"href":"https:\/\/deutsch.bashariyat.org\/index.php?rest_route=\/wp\/v2\/posts\/5743","targetHints":{"allow":["GET"]}}],"collection":[{"href":"https:\/\/deutsch.bashariyat.org\/index.php?rest_route=\/wp\/v2\/posts"}],"about":[{"href":"https:\/\/deutsch.bashariyat.org\/index.php?rest_route=\/wp\/v2\/types\/post"}],"author":[{"embeddable":true,"href":"https:\/\/deutsch.bashariyat.org\/index.php?rest_route=\/wp\/v2\/users\/2"}],"replies":[{"embeddable":true,"href":"https:\/\/deutsch.bashariyat.org\/index.php?rest_route=%2Fwp%2Fv2%2Fcomments&post=5743"}],"version-history":[{"count":1,"href":"https:\/\/deutsch.bashariyat.org\/index.php?rest_route=\/wp\/v2\/posts\/5743\/revisions"}],"predecessor-version":[{"id":5744,"href":"https:\/\/deutsch.bashariyat.org\/index.php?rest_route=\/wp\/v2\/posts\/5743\/revisions\/5744"}],"wp:attachment":[{"href":"https:\/\/deutsch.bashariyat.org\/index.php?rest_route=%2Fwp%2Fv2%2Fmedia&parent=5743"}],"wp:term":[{"taxonomy":"category","embeddable":true,"href":"https:\/\/deutsch.bashariyat.org\/index.php?rest_route=%2Fwp%2Fv2%2Fcategories&post=5743"},{"taxonomy":"post_tag","embeddable":true,"href":"https:\/\/deutsch.bashariyat.org\/index.php?rest_route=%2Fwp%2Fv2%2Ftags&post=5743"}],"curies":[{"name":"wp","href":"https:\/\/api.w.org\/{rel}","templated":true}]}}