{"id":5747,"date":"2022-03-23T01:07:38","date_gmt":"2022-03-22T23:07:38","guid":{"rendered":"https:\/\/deutsch.bashariyat.org\/?p=5747"},"modified":"2022-03-29T01:59:56","modified_gmt":"2022-03-28T23:59:56","slug":"audiobericht-des-europa-repraesentation-am-23-maerz-2022","status":"publish","type":"post","link":"https:\/\/deutsch.bashariyat.org\/?p=5747","title":{"rendered":"Audiobericht des Europa Repr\u00e4sentation am 13.Feb.2022"},"content":{"rendered":"<p>Der Sitzung des Europa Repr\u00e4sentation fand am Samstag, den 13.02. 2021 , um 16:00 Uhr MEZ mit der Delegation und eine Gruppe von Menschenrechtsaktivisten und andere G\u00e4ste auf Live auf dem Youtube und\u00a0 Zoom\u00a0 demstatt. Die Enthusiasten k\u00f6nnen das obige Treffen aus den aufgezeichneten Dateien unter der Anh\u00f6rung h\u00f6ren und schauen.<\/p>\n<div class=\"embed-container\"><iframe loading=\"lazy\" title=\"\u062c\u0644\u0633\u0647 \u0633\u062e\u0646\u0631\u0627\u0646\u06cc \u0646\u0645\u0627\u06cc\u0646\u062f\u06af\u06cc \u0645\u0646\u0637\u0642\u0647 \u0627\u0631\u0648\u067e\u0627 \u06f1\u06f3 \u0641\u0648\u0631\u06cc\u0647\u06f2\u06f0\u06f2\u06f2\" width=\"1170\" height=\"658\" src=\"https:\/\/www.youtube.com\/embed\/PHI_a6oK0lY?feature=oembed\" frameborder=\"0\" allow=\"accelerometer; autoplay; clipboard-write; encrypted-media; gyroscope; picture-in-picture; web-share\" referrerpolicy=\"strict-origin-when-cross-origin\" allowfullscreen><\/iframe><\/div>\n<p><!--more--><\/p>\n<p><a href=\"http:\/\/azadegy.de\/02.2022\/13.02.2022.europa\/1-Start.mp3\">Anfang der Sitzung:Mehrdad Yeganeh<\/a><\/p>\n<div id=\"post-5132\" class=\"clearfix post post-5132 type-post status-publish format-standard hentry category-einladung item-wrap\">\n<div class=\"entry clearfix\">\n<div class=\"entry-content clearfix\">\n<p><a href=\"http:\/\/azadegy.de\/02.2022\/13.02.2022.europa\/2-Nadia.Mosharaf.mp3\"><strong>Nazanin Fani<\/strong>: Bericht und Analyse der Menschenrechteverletzungen im Februar.22<\/a><\/p>\n<\/div>\n<\/div>\n<\/div>\n<p><a href=\"http:\/\/azadegy.de\/02.2022\/13.02.2022.europa\/3-Firouzeh.Dehbozorgi.mp3\"><strong>Firoozeh Dehbozorgi :<\/strong>Ziel 10 \u00dcberpr\u00fcfung des UNESCO-Dokuments 2030 und es mit der Verfassung der Islamischen Republik Iran zu vergleichen<\/a><\/p>\n<div id=\"post-5132\" class=\"clearfix post post-5132 type-post status-publish format-standard hentry category-einladung item-wrap\">\n<div class=\"entry clearfix\">\n<div class=\"entry-content clearfix\">\n<p><a href=\"http:\/\/azadegy.de\/02.2022\/13.02.2022.europa\/5-Parichehr.sohrabi.mp3\"><strong>Parichehr Sohrabi<\/strong>: Unvollst\u00e4ndigkeit der Frauen<\/a><\/p>\n<p><a href=\"http:\/\/azadegy.de\/02.2022\/13.02.2022.europa\/5-Parichehr.sohrabi.mp3http:\/\/azadegy.de\/02.2022\/13.02.2022.europa\/6-Sanaz.Tanhaei.mp3\"><strong>Welttag der Muttersprache ;Sanaz Tanhaei :<\/strong><\/a><\/p>\n<p><a href=\"http:\/\/azadegy.de\/02.2022\/13.02.2022.europa\/7-Bahs.azad.mp3\"><strong>Die \u00d6ffentliche Diskussion:Das Recht auf soziale Gerechtigkeit<\/strong><\/a><\/p>\n<\/div>\n<\/div>\n<\/div>\n","protected":false},"excerpt":{"rendered":"<p>Der Sitzung des Europa Repr\u00e4sentation fand am Samstag, den 13.02. 2021 , um 16:00 Uhr MEZ mit der Delegation und eine Gruppe von Menschenrechtsaktivisten und andere G\u00e4ste auf Live auf dem Youtube und\u00a0 Zoom\u00a0 demstatt. Die Enthusiasten k\u00f6nnen das obige Treffen aus den aufgezeichneten Dateien unter der Anh\u00f6rung h\u00f6ren und schauen.<\/p><p><a class=\"more-link btn\" href=\"https:\/\/deutsch.bashariyat.org\/?p=5747\">Weiterlesen<\/a><\/p>\n","protected":false},"author":2,"featured_media":0,"comment_status":"closed","ping_status":"closed","sticky":false,"template":"","format":"standard","meta":{"footnotes":""},"categories":[11],"tags":[],"class_list":["post-5747","post","type-post","status-publish","format-standard","hentry","category-sitzungsberichte","item-wrap"],"_links":{"self":[{"href":"https:\/\/deutsch.bashariyat.org\/index.php?rest_route=\/wp\/v2\/posts\/5747","targetHints":{"allow":["GET"]}}],"collection":[{"href":"https:\/\/deutsch.bashariyat.org\/index.php?rest_route=\/wp\/v2\/posts"}],"about":[{"href":"https:\/\/deutsch.bashariyat.org\/index.php?rest_route=\/wp\/v2\/types\/post"}],"author":[{"embeddable":true,"href":"https:\/\/deutsch.bashariyat.org\/index.php?rest_route=\/wp\/v2\/users\/2"}],"replies":[{"embeddable":true,"href":"https:\/\/deutsch.bashariyat.org\/index.php?rest_route=%2Fwp%2Fv2%2Fcomments&post=5747"}],"version-history":[{"count":2,"href":"https:\/\/deutsch.bashariyat.org\/index.php?rest_route=\/wp\/v2\/posts\/5747\/revisions"}],"predecessor-version":[{"id":5756,"href":"https:\/\/deutsch.bashariyat.org\/index.php?rest_route=\/wp\/v2\/posts\/5747\/revisions\/5756"}],"wp:attachment":[{"href":"https:\/\/deutsch.bashariyat.org\/index.php?rest_route=%2Fwp%2Fv2%2Fmedia&parent=5747"}],"wp:term":[{"taxonomy":"category","embeddable":true,"href":"https:\/\/deutsch.bashariyat.org\/index.php?rest_route=%2Fwp%2Fv2%2Fcategories&post=5747"},{"taxonomy":"post_tag","embeddable":true,"href":"https:\/\/deutsch.bashariyat.org\/index.php?rest_route=%2Fwp%2Fv2%2Ftags&post=5747"}],"curies":[{"name":"wp","href":"https:\/\/api.w.org\/{rel}","templated":true}]}}