{"id":5755,"date":"2022-03-29T02:09:39","date_gmt":"2022-03-29T00:09:39","guid":{"rendered":"https:\/\/deutsch.bashariyat.org\/?p=5755"},"modified":"2022-03-29T02:09:39","modified_gmt":"2022-03-29T00:09:39","slug":"audiobericht-des-europa-repraesentation-am-13-maerz-2022","status":"publish","type":"post","link":"https:\/\/deutsch.bashariyat.org\/?p=5755","title":{"rendered":"Audiobericht des Europa Repr\u00e4sentation am 13.M\u00e4rz.2022"},"content":{"rendered":"<p>&nbsp;<\/p>\n<p>Der Sitzung des Europa Repr\u00e4sentation fand am Samstag, den 13.03. 2021 , um 16:00 Uhr MEZ mit der Delegation und eine Gruppe von Menschenrechtsaktivisten und andere G\u00e4ste auf Live auf dem Youtube und\u00a0 Zoom\u00a0 demstatt. Referenten in der Reihenfolge:<strong>Nazanin Fani<\/strong>: Bericht und Analyse der Menschenrechteverletzungen im Februar.22-<strong>Firoozeh Dehbozorgi :<\/strong>Ziel 10 \u00dcberpr\u00fcfung des UNESCO-Dokuments 2030 und es mit der Verfassung der Islamischen Republik Iran zu vergleichen-<strong>Parichehr Sohrabi<\/strong>: Unvollst\u00e4ndigkeit der Frauen-<strong>Nadia Moshref :<\/strong>Irans Platz in der heutigen Welt-<strong>Mostafa Gholibeigi :<\/strong>Muttersprache-<strong>Die \u00d6ffentliche Diskussion:Das Recht auf soziale Gerechtigkeit<\/strong><\/p>\n<p>Die Enthusiasten k\u00f6nnen das obige Treffen aus den aufgezeichneten Dateien unter der Anh\u00f6rung h\u00f6ren.<\/p>\n<p><img decoding=\"async\" src=\"https:\/\/seda-tasvir.bashariyat.org\/wp-content\/uploads\/2022\/03\/%D8%A7%D8%B1%D9%88%D9%BE%D8%A7.jpg\" \/><\/p>\n<p><a href=\"http:\/\/azadegy.de\/03.2022\/13.03.2022.Europa\/1-Start.mp3\">Anfang der Sitzung :Setareh Dezham<\/a><\/p>\n<div id=\"post-5132\" class=\"clearfix post post-5132 type-post status-publish format-standard hentry category-einladung item-wrap\">\n<div class=\"entry clearfix\">\n<div class=\"entry-content clearfix\">\n<p><a href=\"http:\/\/azadegy.de\/03.2022\/13.03.2022.Europa\/2-Nazanin.Fani.mp3\"><strong>Nazanin Fani<\/strong>: Bericht und Analyse der Menschenrechteverletzungen im Februar.22<\/a><\/p>\n<\/div>\n<\/div>\n<\/div>\n<p><!--more--><\/p>\n<p><a href=\"http:\/\/azadegy.de\/03.2022\/13.03.2022.Europa\/3-Firouzeh.Dehbozorgi.mp3\"><strong>Firoozeh Dehbozorgi :<\/strong>Ziel 10 \u00dcberpr\u00fcfung des UNESCO-Dokuments 2030 und es mit der Verfassung der Islamischen Republik Iran zu vergleichen<\/a><\/p>\n<div id=\"post-5132\" class=\"clearfix post post-5132 type-post status-publish format-standard hentry category-einladung item-wrap\">\n<div class=\"entry clearfix\">\n<div class=\"entry-content clearfix\">\n<p><a href=\"http:\/\/azadegy.de\/03.2022\/13.03.2022.Europa\/4-Parichehr.Sohrabi.mp3\"><strong>Parichehr Sohrabi<\/strong>: Unvollst\u00e4ndigkeit der Frauen<\/a><\/p>\n<p><a href=\"http:\/\/azadegy.de\/03.2022\/13.03.2022.Europa\/5-Nadia.Mosharaf.mp3\"><strong>Nadia Moshref :<\/strong>Irans Platz in der heutigen Welt<\/a><\/p>\n<p><a href=\"http:\/\/azadegy.de\/03.2022\/13.03.2022.Europa\/6-Bahs.Azad.mp3\"><strong>Die \u00d6ffentliche Diskussion:Das Recht auf soziale Gerechtigkeit<\/strong><\/a><\/p>\n<\/div>\n<\/div>\n<\/div>\n","protected":false},"excerpt":{"rendered":"<p>&nbsp; Der Sitzung des Europa Repr\u00e4sentation fand am Samstag, den 13.03. 2021 , um 16:00 Uhr MEZ mit der Delegation und eine Gruppe von Menschenrechtsaktivisten und andere G\u00e4ste auf Live auf dem Youtube und\u00a0 Zoom\u00a0 demstatt. Referenten in der Reihenfolge:Nazanin Fani: Bericht und Analyse der Menschenrechteverletzungen im Februar.22-Firoozeh Dehbozorgi :Ziel 10 \u00dcberpr\u00fcfung des UNESCO-Dokuments 2030 &hellip; <\/p>\n<p><a class=\"more-link btn\" href=\"https:\/\/deutsch.bashariyat.org\/?p=5755\">Weiterlesen<\/a><\/p>\n","protected":false},"author":2,"featured_media":0,"comment_status":"closed","ping_status":"closed","sticky":false,"template":"","format":"standard","meta":{"footnotes":""},"categories":[11],"tags":[],"class_list":["post-5755","post","type-post","status-publish","format-standard","hentry","category-sitzungsberichte","item-wrap"],"_links":{"self":[{"href":"https:\/\/deutsch.bashariyat.org\/index.php?rest_route=\/wp\/v2\/posts\/5755","targetHints":{"allow":["GET"]}}],"collection":[{"href":"https:\/\/deutsch.bashariyat.org\/index.php?rest_route=\/wp\/v2\/posts"}],"about":[{"href":"https:\/\/deutsch.bashariyat.org\/index.php?rest_route=\/wp\/v2\/types\/post"}],"author":[{"embeddable":true,"href":"https:\/\/deutsch.bashariyat.org\/index.php?rest_route=\/wp\/v2\/users\/2"}],"replies":[{"embeddable":true,"href":"https:\/\/deutsch.bashariyat.org\/index.php?rest_route=%2Fwp%2Fv2%2Fcomments&post=5755"}],"version-history":[{"count":1,"href":"https:\/\/deutsch.bashariyat.org\/index.php?rest_route=\/wp\/v2\/posts\/5755\/revisions"}],"predecessor-version":[{"id":5758,"href":"https:\/\/deutsch.bashariyat.org\/index.php?rest_route=\/wp\/v2\/posts\/5755\/revisions\/5758"}],"wp:attachment":[{"href":"https:\/\/deutsch.bashariyat.org\/index.php?rest_route=%2Fwp%2Fv2%2Fmedia&parent=5755"}],"wp:term":[{"taxonomy":"category","embeddable":true,"href":"https:\/\/deutsch.bashariyat.org\/index.php?rest_route=%2Fwp%2Fv2%2Fcategories&post=5755"},{"taxonomy":"post_tag","embeddable":true,"href":"https:\/\/deutsch.bashariyat.org\/index.php?rest_route=%2Fwp%2Fv2%2Ftags&post=5755"}],"curies":[{"name":"wp","href":"https:\/\/api.w.org\/{rel}","templated":true}]}}