{"id":5792,"date":"2022-04-04T22:48:46","date_gmt":"2022-04-04T21:48:46","guid":{"rendered":"https:\/\/deutsch.bashariyat.org\/?p=5792"},"modified":"2022-09-04T23:48:24","modified_gmt":"2022-09-04T22:48:24","slug":"audio-sitzungsbericht-der-sitzung-des-verteidigungsausschuss-von-kindern-und-jugendlichen-am-25-maerz-2022","status":"publish","type":"post","link":"https:\/\/deutsch.bashariyat.org\/?p=5792","title":{"rendered":"Audio- sitzungsbericht der Sitzung des verteidigungsausschuss von Kindern und Jugendlichen am 25 M\u00e4rz.2022"},"content":{"rendered":"<p>&nbsp;<\/p>\n<p>Die monatliche Onlinesitzung des Verteidigungsausschusses der Kindern und Jugendlichen fand am 25.03.22 in Anwesenheit von Mitgliedern\u00a0 und einer Gruppe von Menschenrechtsaktivisten und andere G\u00e4ste mit der Leitung Herr Mehdi Afsharzadeh\u00a0 im Zoom-Programm und Youtube\u00a0 statt.Vortragende: 1) Beginn der Sitzung: Shahla Shahsavani, 2) Amirhosein Karimi: Berichterstattung und Analyse von Verletzungen der Rechte von Kindern und Jugendlichen im M\u00e4rz 1400, 3) Abuzar Khademi: \u00dcberpr\u00fcfung von Artikel 22 der Konvention \u00fcber die Rechte des Kindes und ihr Vergleich mit der Verfassung der Islamischen Republik Iran, 4) Najmeh Shirvani: Kinderbewusstsein ihrer Rechte, 5) Pardik Spanta: Inhaftierte Kinder6) Parya Torabi: Tabuisierung der Sexualit\u00e4t von Kindern, 7) Offene Diskussion: das Recht auf soziale Dienste (Kinder mit Autismus). Freunde von Kollegen, die an der offenen Diskussion teilgenommen haben, sind Shahla Shahsavani, Azar Orhemi, Torabi, Khademi, Mehdi Karimi. Die Kollegen, die uns bei diesem Treffen geholfen haben, sind: Shahla Shahsavani, Sekret\u00e4r der Sitzung: Mohammad Hassanzadeh Mehrabadi, Audioaufnahme und Bearbeitung: Hamid Rezaei Azariani, Pouya Hesabi, Amirhosein Karimi, Admins: Davood Vahedipour, Hamid Rezaei Azariani, Mehdi Afsharzadeh.Sie k\u00f6nnen die Audioberichte der obigen Sitzung durch die folgenden Audiodateien h\u00f6ren und auch den Videobericht der Sitzung auf dem YouTube-Kanal der Menschheit \u00fcber den folgenden Link anzeigen:<\/p>\n<div class=\"embed-container\"><iframe loading=\"lazy\" title=\"\u062c\u0644\u0633\u0647 \u0633\u062e\u0646\u0631\u0627\u0646\u06cc \u06a9\u0645\u06cc\u062a\u0647 \u062f\u0641\u0627\u0639 \u0627\u0632 \u062d\u0642\u0648\u0642 \u06a9\u0648\u062f\u06a9 \u0648 \u0646\u0648\u062c\u0648\u0627\u0646 \u06f2\u06f5 \u0645\u0627\u0631\u0633 \u06f2\u06f0\u06f2\u06f2\" width=\"1170\" height=\"658\" src=\"https:\/\/www.youtube.com\/embed\/LXJweqMCB-M?feature=oembed\" frameborder=\"0\" allow=\"accelerometer; autoplay; clipboard-write; encrypted-media; gyroscope; picture-in-picture; web-share\" referrerpolicy=\"strict-origin-when-cross-origin\" allowfullscreen><\/iframe><\/div>\n<p><a href=\"http:\/\/azadegy.de\/03.2022\/25.03.2022.Koodak\/1.Start.mp3\">Anfang der Sitzung:Shahla Shahsavani<\/a><!--more--><\/p>\n<p><a href=\"http:\/\/azadegy.de\/03.2022\/25.03.2022.Koodak\/2.Amirhosein-Karimi.mp3\"><b><span data-contrast=\"none\">Amirhosein Karimi:<\/span><\/b><span data-ccp-props=\"{&quot;201341983&quot;:0,&quot;335559739&quot;:160,&quot;335559740&quot;:259}\">\u00a0<\/span><span data-contrast=\"none\">Berichterstattung<\/span><span data-contrast=\"none\">\u00a0und Analyse der Rechte des\u00a0<\/span><span data-contrast=\"none\">Kindes<\/span><span data-contrast=\"none\">\u00a0und der\u00a0<\/span><span data-contrast=\"none\">Jugendlichen<\/span><span data-contrast=\"none\">\u00a0am\u00a0 02.2022<\/span><\/a><span id=\"more-5388\"><\/span><span id=\"more-5585\"><\/span><span id=\"more-5635\"><\/span><span id=\"more-5723\"><\/span><\/p>\n<p><a href=\"http:\/\/azadegy.de\/03.2022\/25.03.2022.Koodak\/3.Aboozar-Khademi.mp3\"><strong>Abuzar Khadami:<\/strong>\u00dcberpr\u00fcfung von Artikel 22 der Konvention \u00fcber die Rechte des Kindes<\/a><br \/>\nVergleich mit der Verfassung der Islamischen Republik Iran<strong><br \/>\n<\/strong><span id=\"more-5126\"><\/span><\/p>\n<p><a href=\"http:\/\/azadegy.de\/03.2022\/25.03.2022.Koodak\/4.Najmeh-Shirvani.mp3\"><strong>Najmeh Shirvani:<\/strong>Das Bewusstsein des Kindes f\u00fcr seine Rechte<\/a><\/p>\n<p><a href=\"http:\/\/azadegy.de\/03.2022\/25.03.2022.Koodak\/5.Pardik-Sepanta.mp3\"><strong>Padrik Sependa:<\/strong>Inhaftierte Kinder<\/a><\/p>\n<p><a href=\"http:\/\/azadegy.de\/03.2022\/25.03.2022.Koodak\/6.Paria-Torabi.mp3\"><strong>Parya Torabi<\/strong>\u00a0:Tabuisierung der sexuellen Probleme von Kindern<\/a><\/p>\n<p><a href=\"http:\/\/azadegy.de\/03.2022\/25.03.2022.Koodak\/7.Bahs-Azad.mp3\"><strong>\u00a0Die\u00a0\u00f6ffentliche Diskussion<\/strong>:Recht auf soziale Dienste (Kinder mit Autismus)<\/a><\/p>\n<p>&nbsp;<\/p>\n<div id=\"content-main\" class=\"clearfix content-main col-md-9\">\n<div id=\"post-5676\" class=\"clearfix post post-5676 type-post status-publish format-standard hentry category-allgemein item-wrap\">\n<div class=\"entry clearfix\">\n<div class=\"entry-content clearfix\">\n<p>&nbsp;<\/p>\n<p>&nbsp;<\/p>\n<\/div>\n<\/div>\n<\/div>\n<div class=\"entry-author\">\n<div class=\"row\">\n<div class=\"author-avatar col-sm-3\"><\/div>\n<div class=\"author-bio col-sm-9\">\n<ul class=\"author-social\">\n<li><\/li>\n<\/ul>\n<\/div>\n<\/div>\n<\/div>\n<\/div>\n<div id=\"sidebar1\" class=\"sidebar sidebar-right widget-area col-md-3\">\n<div id=\"cyclone-slider-widget-2\" class=\"sidebar-wrap widget_cyclone-slider-widget\">\n<div id=\"cycloneslider-homepage-1\" class=\"cycloneslider cycloneslider-template-standard cycloneslider-width-responsive\" tabindex=\"0\">\n<div class=\"cycloneslider-slides cycle-slideshow\" style=\"box-sizing: border-box; position: relative; overflow: hidden; height: 212.496px;\" data-cycle-allow-wrap=\"true\" data-cycle-dynamic-height=\"off\" data-cycle-auto-height=\"960:600\" data-cycle-auto-height-easing=\"null\" data-cycle-auto-height-speed=\"250\" data-cycle-delay=\"0\" data-cycle-easing=\"\" data-cycle-fx=\"fade\" data-cycle-hide-non-active=\"true\" data-cycle-log=\"false\" data-cycle-next=\"#cycloneslider-homepage-1 .cycloneslider-next\" data-cycle-pager=\"#cycloneslider-homepage-1 .cycloneslider-pager\" data-cycle-pause-on-hover=\"true\" data-cycle-prev=\"#cycloneslider-homepage-1 .cycloneslider-prev\" data-cycle-slides=\"&gt; div\" data-cycle-speed=\"1000\" data-cycle-swipe=\"1\" data-cycle-tile-count=\"7\" data-cycle-tile-delay=\"100\" data-cycle-tile-vertical=\"true\" data-cycle-timeout=\"4000\">\n<div class=\"cycloneslider-slide cycloneslider-slide-image cycle-slide\"><\/div>\n<div class=\"cycloneslider-slide cycloneslider-slide-image cycle-slide\"><img decoding=\"async\" title=\"\" src=\"https:\/\/deutsch.bashariyat.org\/?p=5676\" alt=\"\" \/><\/div>\n<div class=\"cycloneslider-slide cycloneslider-slide-image cycle-slide\"><\/div>\n<div class=\"cycloneslider-slide cycloneslider-slide-image cycle-slide\"><\/div>\n<div class=\"cycloneslider-slide cycloneslider-slide-image cycle-slide\"><\/div>\n<div class=\"cycloneslider-slide cycloneslider-slide-image cycle-slide\"><\/div>\n<div class=\"cycloneslider-slide cycloneslider-slide-image cycle-slide\"><\/div>\n<div class=\"cycloneslider-slide cycloneslider-slide-image cycle-slide cycle-slide-active\"><\/div>\n<\/div>\n<\/div>\n<\/div>\n<\/div>\n","protected":false},"excerpt":{"rendered":"<p>&nbsp; Die monatliche Onlinesitzung des Verteidigungsausschusses der Kindern und Jugendlichen fand am 25.03.22 in Anwesenheit von Mitgliedern\u00a0 und einer Gruppe von Menschenrechtsaktivisten und andere G\u00e4ste mit der Leitung Herr Mehdi Afsharzadeh\u00a0 im Zoom-Programm und Youtube\u00a0 statt.Vortragende: 1) Beginn der Sitzung: Shahla Shahsavani, 2) Amirhosein Karimi: Berichterstattung und Analyse von Verletzungen der Rechte von Kindern und &hellip; <\/p>\n<p><a class=\"more-link btn\" href=\"https:\/\/deutsch.bashariyat.org\/?p=5792\">Weiterlesen<\/a><\/p>\n","protected":false},"author":2,"featured_media":0,"comment_status":"closed","ping_status":"closed","sticky":false,"template":"","format":"standard","meta":{"footnotes":""},"categories":[11],"tags":[],"class_list":["post-5792","post","type-post","status-publish","format-standard","hentry","category-sitzungsberichte","item-wrap"],"_links":{"self":[{"href":"https:\/\/deutsch.bashariyat.org\/index.php?rest_route=\/wp\/v2\/posts\/5792","targetHints":{"allow":["GET"]}}],"collection":[{"href":"https:\/\/deutsch.bashariyat.org\/index.php?rest_route=\/wp\/v2\/posts"}],"about":[{"href":"https:\/\/deutsch.bashariyat.org\/index.php?rest_route=\/wp\/v2\/types\/post"}],"author":[{"embeddable":true,"href":"https:\/\/deutsch.bashariyat.org\/index.php?rest_route=\/wp\/v2\/users\/2"}],"replies":[{"embeddable":true,"href":"https:\/\/deutsch.bashariyat.org\/index.php?rest_route=%2Fwp%2Fv2%2Fcomments&post=5792"}],"version-history":[{"count":4,"href":"https:\/\/deutsch.bashariyat.org\/index.php?rest_route=\/wp\/v2\/posts\/5792\/revisions"}],"predecessor-version":[{"id":6277,"href":"https:\/\/deutsch.bashariyat.org\/index.php?rest_route=\/wp\/v2\/posts\/5792\/revisions\/6277"}],"wp:attachment":[{"href":"https:\/\/deutsch.bashariyat.org\/index.php?rest_route=%2Fwp%2Fv2%2Fmedia&parent=5792"}],"wp:term":[{"taxonomy":"category","embeddable":true,"href":"https:\/\/deutsch.bashariyat.org\/index.php?rest_route=%2Fwp%2Fv2%2Fcategories&post=5792"},{"taxonomy":"post_tag","embeddable":true,"href":"https:\/\/deutsch.bashariyat.org\/index.php?rest_route=%2Fwp%2Fv2%2Ftags&post=5792"}],"curies":[{"name":"wp","href":"https:\/\/api.w.org\/{rel}","templated":true}]}}