{"id":5830,"date":"2022-04-14T23:33:07","date_gmt":"2022-04-14T22:33:07","guid":{"rendered":"https:\/\/deutsch.bashariyat.org\/?p=5830"},"modified":"2022-09-05T08:30:56","modified_gmt":"2022-09-05T07:30:56","slug":"einladung-zur-sitzung-der-repraesentation-von-norddeutschland-am-17-apr-22","status":"publish","type":"post","link":"https:\/\/deutsch.bashariyat.org\/?p=5830","title":{"rendered":"Einladung zur Sitzung der Repr\u00e4sentation von Norddeutschland am 17.Apr.22"},"content":{"rendered":"<p><a href=\"https:\/\/deutsch.bashariyat.org\/wp-content\/uploads\/2020\/11\/stempel-einladung-constanze-pro2.jpg\"><img loading=\"lazy\" decoding=\"async\" class=\"alignnone size-full wp-image-3690\" src=\"https:\/\/deutsch.bashariyat.org\/wp-content\/uploads\/2020\/11\/stempel-einladung-constanze-pro2.jpg\" alt=\"\" width=\"236\" height=\"236\" data-id=\"3690\" srcset=\"https:\/\/deutsch.bashariyat.org\/wp-content\/uploads\/2020\/11\/stempel-einladung-constanze-pro2.jpg 236w, https:\/\/deutsch.bashariyat.org\/wp-content\/uploads\/2020\/11\/stempel-einladung-constanze-pro2-150x150.jpg 150w\" sizes=\"auto, (max-width: 236px) 100vw, 236px\" \/><\/a><\/p>\n<p style=\"text-align: center;\"><strong>\u00a0<\/strong><\/p>\n<p style=\"text-align: center;\">Die Repr\u00e4sentation der Region Norddeutschland h\u00e4lt fest<\/p>\n<p style=\"text-align: center;\">Ihr Menschenrechtsaktivisten, Experten und Kollegen seid eingeladen, uns zum Vortrag zu begleiten<\/p>\n<p style=\"text-align: center;\">Vortrag, Fragen und Antworten, Diskussionen und Unterhalten<\/p>\n<p style=\"text-align: center;\"><strong>Referenten und das Thema der Vortr\u00e4ge:<\/strong><\/p>\n<p><strong>\u00a0<\/strong><\/p>\n<p><strong>\u00a0<\/strong><\/p>\n<p>Massud Zolfaghari: Bericht und Analyse der Menschenrechteverletzungen im M\u00e4rz.2022<!--more--><\/p>\n<p>Sepideh Eshghi:\u00a0 \u00dcberpr\u00fcfung des \u00dcbereinkommens \u00fcber die Nichtdiskriminierung im Bildungswesen Und sein Vergleich mit der Verfassung der Islamischen Republik Iran<\/p>\n<p>Zahra Yazdi Hashemi: Frauenrechtsaktivistinnen<\/p>\n<p>Farideh Karami Shirazi: M\u00fctter der Sch\u00f6pfer einer einzigen Welt<\/p>\n<p>Seyed Saeed Nurizadeh: H\u00e4ftlingsbesch\u00e4ftigung im Iran<\/p>\n<p>Mohammad Rasool Lamei Ramandi: Die Situation der Kulturschaffenden im Iran<\/p>\n<p><strong>\u00a0<\/strong><\/p>\n<p><strong>Die \u00f6ffentliche Diskussion\u00a0<\/strong>\u00a0<strong>:<\/strong> Das Recht auf ein gesundes Leben f\u00fcr alle\u00a0(anl\u00e4sslich des \u00a0\u00a0\u00a0\u00a0\u00a0Internationalen Tages der Erde)<\/p>\n<p>&nbsp;<\/p>\n<p><strong>Zeit:<\/strong> Sonntag, 17.Apr.2022 um 12:00 Uhr MEZ<\/p>\n<p><strong>Veranstaltungsor<\/strong>t:<\/p>\n<ol>\n<li>Zoom:<a href=\"https:\/\/zoom.us\/j\/8057930858?pwd=OTB2U2xEYkd3UlgxRUY5WG43ZlM5dz09\">Klicken Sie hier<\/a><\/li>\n<li>Youtube:\u00a0<a href=\"https:\/\/www.youtube.com\/channel\/UCcEgwhyDjX8eJAgN0KgEoMw\">Klicken Sie hier<\/a><\/li>\n<li>VVMIran-App<\/li>\n<\/ol>\n<p>&nbsp;<\/p>\n<p>Unsere Kollegen und Aktivisten, die uns bei diesem Treffen helfen<\/p>\n<p><strong>Verantwortlich f\u00fcr die Sitzung:<\/strong> <strong>Maria Harry<\/strong><\/p>\n<p><strong>Sekret\u00e4rin\/er der Sitzung:<\/strong>\u00a0<strong>Mohammad Hassan Hassanzadeh Mehrabadi<\/strong><\/p>\n<p><strong>Tonaufnahme:<\/strong>\u00a0<strong>Maria Harry,\u00a0Farshad Arabi<\/strong><\/p>\n<p><strong>Admins:<\/strong>\u00a0<strong>Leila Aboutalebi,\u00a0Nariman Hosseini Nejad,\u00a0Abbas Monfared<\/strong><\/p>\n<p>&nbsp;<\/p>\n<p style=\"text-align: center;\"><strong>Vereinigung zur Verteidigung der Menschenrechte im Iran e.V.<\/strong><\/p>\n<p style=\"text-align: center;\"><strong>Repr\u00e4sentation von Norddeutschland<\/strong><\/p>\n<p><b>Der \u00dcbersetzer:<\/b><\/p>\n<p>Amirhosein Karimi<\/p>\n","protected":false},"excerpt":{"rendered":"<p>\u00a0 Die Repr\u00e4sentation der Region Norddeutschland h\u00e4lt fest Ihr Menschenrechtsaktivisten, Experten und Kollegen seid eingeladen, uns zum Vortrag zu begleiten Vortrag, Fragen und Antworten, Diskussionen und Unterhalten Referenten und das Thema der Vortr\u00e4ge: \u00a0 \u00a0 Massud Zolfaghari: Bericht und Analyse der Menschenrechteverletzungen im M\u00e4rz.2022<\/p><p><a class=\"more-link btn\" href=\"https:\/\/deutsch.bashariyat.org\/?p=5830\">Weiterlesen<\/a><\/p>\n","protected":false},"author":2,"featured_media":0,"comment_status":"closed","ping_status":"closed","sticky":false,"template":"","format":"standard","meta":{"footnotes":""},"categories":[75],"tags":[],"class_list":["post-5830","post","type-post","status-publish","format-standard","hentry","category-einladung","item-wrap"],"_links":{"self":[{"href":"https:\/\/deutsch.bashariyat.org\/index.php?rest_route=\/wp\/v2\/posts\/5830","targetHints":{"allow":["GET"]}}],"collection":[{"href":"https:\/\/deutsch.bashariyat.org\/index.php?rest_route=\/wp\/v2\/posts"}],"about":[{"href":"https:\/\/deutsch.bashariyat.org\/index.php?rest_route=\/wp\/v2\/types\/post"}],"author":[{"embeddable":true,"href":"https:\/\/deutsch.bashariyat.org\/index.php?rest_route=\/wp\/v2\/users\/2"}],"replies":[{"embeddable":true,"href":"https:\/\/deutsch.bashariyat.org\/index.php?rest_route=%2Fwp%2Fv2%2Fcomments&post=5830"}],"version-history":[{"count":2,"href":"https:\/\/deutsch.bashariyat.org\/index.php?rest_route=\/wp\/v2\/posts\/5830\/revisions"}],"predecessor-version":[{"id":6325,"href":"https:\/\/deutsch.bashariyat.org\/index.php?rest_route=\/wp\/v2\/posts\/5830\/revisions\/6325"}],"wp:attachment":[{"href":"https:\/\/deutsch.bashariyat.org\/index.php?rest_route=%2Fwp%2Fv2%2Fmedia&parent=5830"}],"wp:term":[{"taxonomy":"category","embeddable":true,"href":"https:\/\/deutsch.bashariyat.org\/index.php?rest_route=%2Fwp%2Fv2%2Fcategories&post=5830"},{"taxonomy":"post_tag","embeddable":true,"href":"https:\/\/deutsch.bashariyat.org\/index.php?rest_route=%2Fwp%2Fv2%2Ftags&post=5830"}],"curies":[{"name":"wp","href":"https:\/\/api.w.org\/{rel}","templated":true}]}}