{"id":5836,"date":"2022-04-16T21:52:47","date_gmt":"2022-04-16T20:52:47","guid":{"rendered":"https:\/\/deutsch.bashariyat.org\/?p=5836"},"modified":"2022-04-16T21:52:47","modified_gmt":"2022-04-16T20:52:47","slug":"audio-sitzungsbericht-des-ausschusses-fuer-die-verteidigung-der-arbeit-und-der-arbeitnehmerrechte-vom-02-april-2022","status":"publish","type":"post","link":"https:\/\/deutsch.bashariyat.org\/?p=5836","title":{"rendered":"Audio-Sitzungsbericht des Ausschusses f\u00fcr die Verteidigung der Arbeit und der Arbeitnehmerrechte vom 02.April.2022"},"content":{"rendered":"<p>&nbsp;<\/p>\n<p>&nbsp;<\/p>\n<p>Die Redesitzung des Ausschusses f\u00fcr die Verteidigung von Arbeit und Arbeitsrechten fand am Samstag, den 2. April 2022 um 16:00 Uhr MEZ in Mitteleuropa in Anwesenheit einer Gruppe von Menschenrechtsaktivisten und anderen G\u00e4sten \u00fcber den Cyberspace von Zum, YouTube und die Kanun App statt. Zu den Referenten geh\u00f6ren:1) Beginn der Sitzung: Behnam ShirMohammadi, 2) Mehrnoosh Imani Chegini: Meldung und Analyse von Verletzungen der Arbeits- und Arbeitsrechte im M\u00e4rz 1400, 3) Mahnaz Torabi: \u00dcbereinkommen \u00fcber die Gleichheit der L\u00f6hne von M\u00e4nnern und Frauen f\u00fcr Arbeit, Wert und Vergleich mit der Verfassung der Islamischen Republik Iran, 4) Ehsan Ahmadikhah: Wissensbasierte Unternehmen, 5) Amir Hossein Fani: Saisonarbeiter, 6) Offene Diskussion \u00fcber das Recht auf soziale Sicherheit und mit Beteiligung: Samad Jafari, Ehsan Ahmadikhah, Behnam Shirmohammadi, Mehrnoosh Imani Chegini, Seyed Alireza Emami, Mahnaz Torabi.Die Kollegen, die uns bei diesem Treffen geholfen haben, sind: Behnam Sher Mohammadi, Sekret\u00e4r der Sitzung: Azar Arhami, Audioaufnahme und Schnitt: Ehsan Ahmadikhah, Administratoren: Mohammad Hesam Fani, Davood Vahedipour, Sadegh Farrokhi Ghasr Asemi. Enthusiasten k\u00f6nnen die Audioberichte der obigen Sitzung durch die folgenden Audiodateien h\u00f6ren und den Videobericht der Sitzung auf dem YouTube-Kanal der Menschheit \u00fcber den folgenden Link ansehen:<\/p>\n<div class=\"embed-container\"><iframe loading=\"lazy\" title=\"\u062c\u0644\u0633\u0647 \u0633\u062e\u0646\u0631\u0627\u0646\u06cc \u06a9\u0645\u06cc\u062a\u0647 \u062f\u0641\u0627\u0639 \u0627\u0632 \u062d\u0642\u0648\u0642 \u06a9\u0627\u0631 \u0648 \u06a9\u0627\u0631\u06af\u0631\u06f0\u06f2 \u0622\u067e\u0631\u06cc\u0644 \u06f2\u06f0\u06f2\u06f2\" width=\"1170\" height=\"658\" src=\"https:\/\/www.youtube.com\/embed\/vCkn4YCDM9Q?feature=oembed\" frameborder=\"0\" allow=\"accelerometer; autoplay; clipboard-write; encrypted-media; gyroscope; picture-in-picture; web-share\" referrerpolicy=\"strict-origin-when-cross-origin\" allowfullscreen><\/iframe><\/div>\n<p><a href=\"http:\/\/azadegy.de\/04.2022\/02.04.2022.Kargar\/2.Mehrnoush-Imani-Chegini.mp3\"><strong>Mehrnoosh Imanichegeni<\/strong>: Berichterstattung und Analyse der F\u00e4lle von Arbeits- und Arbeitsrechtsverletzungen im M\u00e4rz. 2022<\/a><span id=\"more-5753\"><\/span><span id=\"more-5681\"><\/span><span id=\"more-5639\"><\/span><span id=\"more-4737\"><\/span><!--more--><\/p>\n<p><a href=\"http:\/\/azadegy.de\/04.2022\/02.04.2022.Kargar\/3.Mahnaz-Torabi.mp3\"><strong>Mahnaz Torabi\u00a0<\/strong>:\u00dcbereinkommen \u00fcber das Verbot und dringende Ma\u00dfnahmen zur Beseitigung der schlimmsten Formen der Kinderarbeit Vergleich mit der Verfassung der Islamischen Republik Iran<\/a><\/p>\n<p><a href=\"http:\/\/azadegy.de\/04.2022\/02.04.2022.Kargar\/5.Amir-Hossien-Fani.mp3\"><strong>Amirhosein Fani<\/strong>\u00a0: Arbeiter der besonderen Jahreszeiten<\/a><\/p>\n<p><a href=\"http:\/\/azadegy.de\/04.2022\/02.04.2022.Kargar\/4.Ehsan-Ahmadikhah.mp3\"><b>Ehsan Ahmadikhah<\/b>:Wissensbasierte Unternehmen<\/a><\/p>\n<p><a href=\"http:\/\/azadegy.de\/04.2022\/02.04.2022.Kargar\/6.Free-Discussion.mp3\"><strong>Die \u00f6ffentliche Diskussion<\/strong>:Das Recht auf Soziale Sicherheit<\/a><\/p>\n","protected":false},"excerpt":{"rendered":"<p>&nbsp; &nbsp; Die Redesitzung des Ausschusses f\u00fcr die Verteidigung von Arbeit und Arbeitsrechten fand am Samstag, den 2. April 2022 um 16:00 Uhr MEZ in Mitteleuropa in Anwesenheit einer Gruppe von Menschenrechtsaktivisten und anderen G\u00e4sten \u00fcber den Cyberspace von Zum, YouTube und die Kanun App statt. Zu den Referenten geh\u00f6ren:1) Beginn der Sitzung: Behnam ShirMohammadi, &hellip; <\/p>\n<p><a class=\"more-link btn\" href=\"https:\/\/deutsch.bashariyat.org\/?p=5836\">Weiterlesen<\/a><\/p>\n","protected":false},"author":2,"featured_media":0,"comment_status":"closed","ping_status":"closed","sticky":false,"template":"","format":"standard","meta":{"footnotes":""},"categories":[1],"tags":[],"class_list":["post-5836","post","type-post","status-publish","format-standard","hentry","category-allgemein","item-wrap"],"_links":{"self":[{"href":"https:\/\/deutsch.bashariyat.org\/index.php?rest_route=\/wp\/v2\/posts\/5836","targetHints":{"allow":["GET"]}}],"collection":[{"href":"https:\/\/deutsch.bashariyat.org\/index.php?rest_route=\/wp\/v2\/posts"}],"about":[{"href":"https:\/\/deutsch.bashariyat.org\/index.php?rest_route=\/wp\/v2\/types\/post"}],"author":[{"embeddable":true,"href":"https:\/\/deutsch.bashariyat.org\/index.php?rest_route=\/wp\/v2\/users\/2"}],"replies":[{"embeddable":true,"href":"https:\/\/deutsch.bashariyat.org\/index.php?rest_route=%2Fwp%2Fv2%2Fcomments&post=5836"}],"version-history":[{"count":1,"href":"https:\/\/deutsch.bashariyat.org\/index.php?rest_route=\/wp\/v2\/posts\/5836\/revisions"}],"predecessor-version":[{"id":5837,"href":"https:\/\/deutsch.bashariyat.org\/index.php?rest_route=\/wp\/v2\/posts\/5836\/revisions\/5837"}],"wp:attachment":[{"href":"https:\/\/deutsch.bashariyat.org\/index.php?rest_route=%2Fwp%2Fv2%2Fmedia&parent=5836"}],"wp:term":[{"taxonomy":"category","embeddable":true,"href":"https:\/\/deutsch.bashariyat.org\/index.php?rest_route=%2Fwp%2Fv2%2Fcategories&post=5836"},{"taxonomy":"post_tag","embeddable":true,"href":"https:\/\/deutsch.bashariyat.org\/index.php?rest_route=%2Fwp%2Fv2%2Ftags&post=5836"}],"curies":[{"name":"wp","href":"https:\/\/api.w.org\/{rel}","templated":true}]}}