{"id":5873,"date":"2022-05-01T12:47:58","date_gmt":"2022-05-01T11:47:58","guid":{"rendered":"https:\/\/deutsch.bashariyat.org\/?p=5873"},"modified":"2022-09-04T23:46:02","modified_gmt":"2022-09-04T22:46:02","slug":"audio-sitzungsbericht-der-sitzung-des-verteidigungsausschuss-von-kindern-und-jugendlichen-am-22-april-2022","status":"publish","type":"post","link":"https:\/\/deutsch.bashariyat.org\/?p=5873","title":{"rendered":"Audio- sitzungsbericht der Sitzung des verteidigungsausschuss von Kindern und Jugendlichen am 22.April.2022"},"content":{"rendered":"<p>Die monatliche Onlinesitzung des Verteidigungsausschusses der Kindern und Jugendlichen fand am 25.03.22 in Anwesenheit von Mitgliedern\u00a0 und einer Gruppe von Menschenrechtsaktivisten und andere G\u00e4ste mit der Leitung Herr Mehdi Afsharzadeh\u00a0 im Zoom-Programm und Youtube\u00a0 statt.Vortragende: 1) Beginn der Sitzung:Mehdi Afsharzadeh-2)<strong>Amirhosein<\/strong><b><span data-contrast=\"none\">\u00a0Karimi:<\/span><\/b><span data-ccp-props=\"{&quot;201341983&quot;:0,&quot;335559739&quot;:160,&quot;335559740&quot;:259}\">\u00a0<\/span><span data-contrast=\"none\">Berichterstattung<\/span><span data-contrast=\"none\">\u00a0und Analyse der Rechte des\u00a0<\/span><span data-contrast=\"none\">Kindes<\/span><span data-contrast=\"none\">\u00a0und der\u00a0<\/span><span data-contrast=\"none\">Jugendlichen<\/span><span data-contrast=\"none\"> am\u00a0 03.2022-3)<\/span><span id=\"more-5388\"><\/span><span id=\"more-5585\"><\/span><span id=\"more-5635\"><\/span><span id=\"more-5723\"><\/span><span id=\"more-5847\"><\/span><strong>Saeid Nourizadeh:<\/strong>\u00dcberpr\u00fcfung von Artikel 23 der Konvention \u00fcber die Rechte des Kindes undVergleich es\u00a0 mit der Verfassung der Islamischen Republik Iran-4)<span id=\"more-5126\"><\/span><strong>Parya Torabi:<\/strong>Tabuisierung der sexuellen Probleme von Kindern Teil II-5)<b>Hosein Moradizadeh:<\/b>Verletzung der Kinderrecht im Iran-6)<b>Mahnaz Torabi:<\/b>Religionspflicht im Denken des Kindes und seine Folgen-7)<strong>\u00a0Die\u00a0\u00f6ffentliche Diskussion<\/strong>:Kinderrechte im famili\u00e4ren Umfeld. Freunde von Kollegen, die an der offenen Diskussion teilgenommen haben, sind:<span data-contrast=\"none\">Verantwortlich<\/span><span data-contrast=\"none\">\u00a0<\/span><span data-contrast=\"none\">f\u00fcr<\/span><span data-contrast=\"none\">\u00a0die\u00a0<\/span><span data-contrast=\"none\">Sitzung<\/span><b><span data-contrast=\"none\">:Mehdi Afsharzadeh-<\/span><\/b><span data-contrast=\"none\">Sekret\u00e4r<\/span><span data-contrast=\"none\">\u00a0der\u00a0<\/span><span data-contrast=\"none\">Sitzung<\/span><b><span data-contrast=\"none\">:Mina Aghabeigi-<\/span><\/b>Verantwortlich f\u00fcr die Aufzeichnung und Bearbeitung von Audio in der Sitzung:<b>Amirhosein Karimi-Hamid Rezaei Azaryani-<\/b><span data-contrast=\"none\">Admins<\/span><b><span data-contrast=\"none\">:<strong>Davood Vahedipour-Azar ErhamiMina Aghabeigi-Hamid Rezaei Azaryani.Sie k\u00f6nnen die Audioberichte der obigen Sitzung durch die folgenden Audiodateien h\u00f6ren und auch den Videobericht der Sitzung auf dem YouTube-Kanal der Menschheit \u00fcber den folgenden Link anzeigen:<\/strong><\/span><\/b><\/p>\n<p><span data-ccp-props=\"{&quot;201341983&quot;:0,&quot;335559739&quot;:160,&quot;335559740&quot;:259}\">\u00a0<\/span><\/p>\n<div class=\"embed-container\"><iframe loading=\"lazy\" title=\"\u062c\u0644\u0633\u0647 \u0633\u062e\u0646\u0631\u0627\u0646\u06cc \u06a9\u0645\u06cc\u062a\u0647 \u062f\u0641\u0627\u0639 \u0627\u0632 \u062d\u0642\u0648\u0642 \u06a9\u0648\u062f\u06a9 \u0648 \u0646\u0648\u062c\u0648\u0627\u0646\u06f2\u06f2 \u0622\u067e\u0631\u06cc\u0644 \u06f2\u06f0\u06f2\u06f2\" width=\"1170\" height=\"658\" src=\"https:\/\/www.youtube.com\/embed\/qfQ0HqfYBgk?feature=oembed\" frameborder=\"0\" allow=\"accelerometer; autoplay; clipboard-write; encrypted-media; gyroscope; picture-in-picture; web-share\" referrerpolicy=\"strict-origin-when-cross-origin\" allowfullscreen><\/iframe><\/div>\n<p>&nbsp;<\/p>\n<p><a href=\"http:\/\/azadegy.de\/04.2022\/24.04.2022.Koodak\/2.Amirhossein-Karimi.mp3\"><b><span data-contrast=\"none\">Amirhosein Karimi:<\/span><\/b><span data-ccp-props=\"{&quot;201341983&quot;:0,&quot;335559739&quot;:160,&quot;335559740&quot;:259}\">\u00a0<\/span><span data-contrast=\"none\">Berichterstattung<\/span><span data-contrast=\"none\">\u00a0und Analyse der Rechte des\u00a0<\/span><span data-contrast=\"none\">Kindes<\/span><span data-contrast=\"none\">\u00a0und der\u00a0<\/span><span data-contrast=\"none\">Jugendlichen<\/span><span data-contrast=\"none\">\u00a0am\u00a0 03.2022<\/span><\/a><span id=\"more-5388\"><\/span><span id=\"more-5585\"><\/span><span id=\"more-5635\"><\/span><span id=\"more-5723\"><\/span><span id=\"more-5847\"><\/span><!--more--><\/p>\n<p><a href=\"http:\/\/azadegy.de\/04.2022\/24.04.2022.Koodak\/3.Seyed-Saeed-Nurizadeh.mp3\"><strong>Saeid Nourizadeh:<\/strong>\u00dcberpr\u00fcfung von Artikel 23 der Konvention \u00fcber die Rechte des Kindes<\/a><br \/>\nVergleich mit der Verfassung der Islamischen Republik Iran<strong><br \/>\n<\/strong><span id=\"more-5126\"><\/span><\/p>\n<p><a href=\"http:\/\/azadegy.de\/04.2022\/24.04.2022.Koodak\/4.Priya-Torabi.mp3\"><strong>Parya Torabi:<\/strong>Tabuisierung der sexuellen Probleme von Kindern Teil II<\/a><\/p>\n<p><a href=\"http:\/\/azadegy.de\/04.2022\/24.04.2022.Koodak\/5.Hossein-Moradizadeh.mp3\"><b>Hosein Moradizadeh:<\/b>Verletzung der Kinderrecht im Iran<\/a><\/p>\n<p><a href=\"http:\/\/azadegy.de\/04.2022\/24.04.2022.Koodak\/6.Mahnaz-Torabi.mp3\"><b>Mahnaz Torabi:<\/b>Religionspflicht im Denken des Kindes und seine Folgen<\/a><\/p>\n<p><a href=\"http:\/\/azadegy.de\/04.2022\/24.04.2022.Koodak\/7.Free-Discussion.mp3\"><strong>\u00a0Die\u00a0\u00f6ffentliche Diskussion<\/strong>:Kinderrechte im famili\u00e4ren Umfeld<\/a><\/p>\n<p>&nbsp;<\/p>\n","protected":false},"excerpt":{"rendered":"<p>Die monatliche Onlinesitzung des Verteidigungsausschusses der Kindern und Jugendlichen fand am 25.03.22 in Anwesenheit von Mitgliedern\u00a0 und einer Gruppe von Menschenrechtsaktivisten und andere G\u00e4ste mit der Leitung Herr Mehdi Afsharzadeh\u00a0 im Zoom-Programm und Youtube\u00a0 statt.Vortragende: 1) Beginn der Sitzung:Mehdi Afsharzadeh-2)Amirhosein\u00a0Karimi:\u00a0Berichterstattung\u00a0und Analyse der Rechte des\u00a0Kindes\u00a0und der\u00a0Jugendlichen am\u00a0 03.2022-3)Saeid Nourizadeh:\u00dcberpr\u00fcfung von Artikel 23 der Konvention \u00fcber die &hellip; <\/p>\n<p><a class=\"more-link btn\" href=\"https:\/\/deutsch.bashariyat.org\/?p=5873\">Weiterlesen<\/a><\/p>\n","protected":false},"author":2,"featured_media":0,"comment_status":"closed","ping_status":"closed","sticky":false,"template":"","format":"standard","meta":{"footnotes":""},"categories":[1],"tags":[],"class_list":["post-5873","post","type-post","status-publish","format-standard","hentry","category-allgemein","item-wrap"],"_links":{"self":[{"href":"https:\/\/deutsch.bashariyat.org\/index.php?rest_route=\/wp\/v2\/posts\/5873","targetHints":{"allow":["GET"]}}],"collection":[{"href":"https:\/\/deutsch.bashariyat.org\/index.php?rest_route=\/wp\/v2\/posts"}],"about":[{"href":"https:\/\/deutsch.bashariyat.org\/index.php?rest_route=\/wp\/v2\/types\/post"}],"author":[{"embeddable":true,"href":"https:\/\/deutsch.bashariyat.org\/index.php?rest_route=\/wp\/v2\/users\/2"}],"replies":[{"embeddable":true,"href":"https:\/\/deutsch.bashariyat.org\/index.php?rest_route=%2Fwp%2Fv2%2Fcomments&post=5873"}],"version-history":[{"count":2,"href":"https:\/\/deutsch.bashariyat.org\/index.php?rest_route=\/wp\/v2\/posts\/5873\/revisions"}],"predecessor-version":[{"id":6274,"href":"https:\/\/deutsch.bashariyat.org\/index.php?rest_route=\/wp\/v2\/posts\/5873\/revisions\/6274"}],"wp:attachment":[{"href":"https:\/\/deutsch.bashariyat.org\/index.php?rest_route=%2Fwp%2Fv2%2Fmedia&parent=5873"}],"wp:term":[{"taxonomy":"category","embeddable":true,"href":"https:\/\/deutsch.bashariyat.org\/index.php?rest_route=%2Fwp%2Fv2%2Fcategories&post=5873"},{"taxonomy":"post_tag","embeddable":true,"href":"https:\/\/deutsch.bashariyat.org\/index.php?rest_route=%2Fwp%2Fv2%2Ftags&post=5873"}],"curies":[{"name":"wp","href":"https:\/\/api.w.org\/{rel}","templated":true}]}}