{"id":5914,"date":"2022-05-13T21:15:29","date_gmt":"2022-05-13T20:15:29","guid":{"rendered":"https:\/\/deutsch.bashariyat.org\/?p=5914"},"modified":"2022-09-05T08:25:37","modified_gmt":"2022-09-05T07:25:37","slug":"einladung-zur-versammlung-der-iranischen-ethnie-und-nationen-verteidigungsausschuss-am-14-05-22","status":"publish","type":"post","link":"https:\/\/deutsch.bashariyat.org\/?p=5914","title":{"rendered":"Einladung zur Versammlung der Iranischen Ethnie und Nationen Verteidigungsausschuss am 14.05.22"},"content":{"rendered":"<p><a href=\"https:\/\/deutsch.bashariyat.org\/wp-content\/uploads\/2020\/11\/stempel-einladung-constanze-pro2.jpg\"><img loading=\"lazy\" decoding=\"async\" class=\"alignnone size-full wp-image-3690\" src=\"https:\/\/deutsch.bashariyat.org\/wp-content\/uploads\/2020\/11\/stempel-einladung-constanze-pro2.jpg\" alt=\"\" width=\"236\" height=\"236\" data-id=\"3690\" srcset=\"https:\/\/deutsch.bashariyat.org\/wp-content\/uploads\/2020\/11\/stempel-einladung-constanze-pro2.jpg 236w, https:\/\/deutsch.bashariyat.org\/wp-content\/uploads\/2020\/11\/stempel-einladung-constanze-pro2-150x150.jpg 150w\" sizes=\"auto, (max-width: 236px) 100vw, 236px\" \/><\/a><\/p>\n<p style=\"text-align: center;\"><strong>\u00a0<\/strong><\/p>\n<p style=\"text-align: center;\">Verteidigungsausschuss\u00a0der Ethnie und Nation-Rechte\u00a0zusammentragt<\/p>\n<p style=\"text-align: center;\">Vortrag,\u00a0Fragen\u00a0und\u00a0Antworten,\u00a0Diskussionen\u00a0und\u00a0Unterhalten<\/p>\n<p style=\"text-align: center;\"><strong>Referenten\u00a0und\u00a0Vortr\u00e4ge<\/strong><\/p>\n<p style=\"text-align: center;\"><strong>Ausschuss zur Verteidigung der Rechte der iranischen ethnischen und V\u00f6lker am<\/strong><strong> 14<\/strong><strong>.<\/strong><strong>05<\/strong><strong>.2022 um 14:00 Uhr mitteleurop\u00e4ischer Zeit mit Ihrer Teilnahme und Anwesenheit wird es gehalten, um die Unschuld der iranischen ethnischen Gruppen zu verteidigen.<\/strong><\/p>\n<p>&nbsp;<\/p>\n<p>Amir Reza Valizadeh:\u00a0<strong>\u00a0<\/strong>Berichterstattung und Analyse der F\u00e4lle von Verletzungen der Rechte iranischer Volksgruppen und Nationen im April 2022 <!--more--><\/p>\n<p>Mohammad Rasool Lamei Ramandi: \u00a0Internationaler Pakt \u00fcber b\u00fcrgerliche, politische und politische Rechte, angenommen 1966 (Artikel 2)\u00a0und sein Vergleich mit der Verfassung der Islamischen Republik Iran<\/p>\n<p>Navid Behdad: Legale T\u00f6tungen 1400<\/p>\n<p>Esfandiar Sangari: Staatsb\u00fcrgerrechte iranischer Volksgruppen<\/p>\n<p>Mostafa Haji Qader Marhoumi: Folter in iranischen Gef\u00e4ngnissen<\/p>\n<p><strong>\u00d6ffentliche Diskussion<\/strong>: <strong>Das Recht auf Nichtdiskriminierung\u00a0(kulturelle Vielfalt der iranischen Volksgruppen)<\/strong><\/p>\n<p><strong>Zeit : Samstag <\/strong><strong>14<\/strong><strong>.<\/strong><strong>05<\/strong><strong>.2022 um 14:00 Uhr<\/strong><\/p>\n<ul>\n<li><strong>Veranstaltungsort:<\/strong><\/li>\n<\/ul>\n<ol>\n<li><strong>ZOOM :\u00a0<\/strong><a href=\"https:\/\/zoom.us\/j\/8057930858?pwd=b2RQaXNlWTBQejlLc1RjVkRmd3dPUT09\"><strong>Klicken Sie hier<\/strong><\/a><\/li>\n<\/ol>\n<ol>\n<li><strong>YouTube :<\/strong><a href=\"https:\/\/www.youtube.com\/channel\/UCcEgwhyDjX8eJAgN0KgEoMw\"><strong>Klicken Sie hier<\/strong><\/a><\/li>\n<li><strong>App ( Direkt aus dem Fernsehen ausgestrahlt )<\/strong><\/li>\n<\/ol>\n<p>&nbsp;<\/p>\n<p><strong>Unsere Kollegen und Aktivisten, die uns bei\u00a0diesem\u00a0Treffen\u00a0helfen:<\/strong><\/p>\n<p>Verantwortlich\u00a0des\u00a0Mitgliederversammlung: Karim Naseri<\/p>\n<p>Sekret\u00e4r\u00a0der\u00a0Sitzung\u00a0:\u00a0Leila Aboutalebi Adrani<\/p>\n<p>Tongestaltung:\u00a0\u00a0Mohammad Rasool Portendrast, Amin Bolordi Bahman<\/p>\n<p>Admins\u00a0:\u00a0Sadegh Farrokhi Qasr Asemi, Hassan Hamzehzadeh<\/p>\n<p>&nbsp;<\/p>\n<p style=\"text-align: center;\"><strong>Die Vereinigung zur Verteidigung der Menschenrechte\u00a0im\u00a0Iran<\/strong><\/p>\n<p style=\"text-align: center;\"><strong>\u00a0Verteidigungsausschuss der Ethnie und Nation-Rechte \u00e4<\/strong><\/p>\n<p><b>Der \u00dcbersetzer:<\/b><\/p>\n<p>Amirhosein Karimi<\/p>\n","protected":false},"excerpt":{"rendered":"<p>\u00a0 Verteidigungsausschuss\u00a0der Ethnie und Nation-Rechte\u00a0zusammentragt Vortrag,\u00a0Fragen\u00a0und\u00a0Antworten,\u00a0Diskussionen\u00a0und\u00a0Unterhalten Referenten\u00a0und\u00a0Vortr\u00e4ge Ausschuss zur Verteidigung der Rechte der iranischen ethnischen und V\u00f6lker am 14.05.2022 um 14:00 Uhr mitteleurop\u00e4ischer Zeit mit Ihrer Teilnahme und Anwesenheit wird es gehalten, um die Unschuld der iranischen ethnischen Gruppen zu verteidigen. &nbsp; Amir Reza Valizadeh:\u00a0\u00a0Berichterstattung und Analyse der F\u00e4lle von Verletzungen der Rechte iranischer Volksgruppen &hellip; <\/p>\n<p><a class=\"more-link btn\" href=\"https:\/\/deutsch.bashariyat.org\/?p=5914\">Weiterlesen<\/a><\/p>\n","protected":false},"author":2,"featured_media":0,"comment_status":"closed","ping_status":"closed","sticky":false,"template":"","format":"standard","meta":{"footnotes":""},"categories":[1],"tags":[],"class_list":["post-5914","post","type-post","status-publish","format-standard","hentry","category-allgemein","item-wrap"],"_links":{"self":[{"href":"https:\/\/deutsch.bashariyat.org\/index.php?rest_route=\/wp\/v2\/posts\/5914","targetHints":{"allow":["GET"]}}],"collection":[{"href":"https:\/\/deutsch.bashariyat.org\/index.php?rest_route=\/wp\/v2\/posts"}],"about":[{"href":"https:\/\/deutsch.bashariyat.org\/index.php?rest_route=\/wp\/v2\/types\/post"}],"author":[{"embeddable":true,"href":"https:\/\/deutsch.bashariyat.org\/index.php?rest_route=\/wp\/v2\/users\/2"}],"replies":[{"embeddable":true,"href":"https:\/\/deutsch.bashariyat.org\/index.php?rest_route=%2Fwp%2Fv2%2Fcomments&post=5914"}],"version-history":[{"count":2,"href":"https:\/\/deutsch.bashariyat.org\/index.php?rest_route=\/wp\/v2\/posts\/5914\/revisions"}],"predecessor-version":[{"id":6324,"href":"https:\/\/deutsch.bashariyat.org\/index.php?rest_route=\/wp\/v2\/posts\/5914\/revisions\/6324"}],"wp:attachment":[{"href":"https:\/\/deutsch.bashariyat.org\/index.php?rest_route=%2Fwp%2Fv2%2Fmedia&parent=5914"}],"wp:term":[{"taxonomy":"category","embeddable":true,"href":"https:\/\/deutsch.bashariyat.org\/index.php?rest_route=%2Fwp%2Fv2%2Fcategories&post=5914"},{"taxonomy":"post_tag","embeddable":true,"href":"https:\/\/deutsch.bashariyat.org\/index.php?rest_route=%2Fwp%2Fv2%2Ftags&post=5914"}],"curies":[{"name":"wp","href":"https:\/\/api.w.org\/{rel}","templated":true}]}}