{"id":5921,"date":"2022-05-18T21:39:24","date_gmt":"2022-05-18T20:39:24","guid":{"rendered":"https:\/\/deutsch.bashariyat.org\/?p=5921"},"modified":"2022-05-18T21:39:24","modified_gmt":"2022-05-18T20:39:24","slug":"audio-und-videobericht-der-online-sitzung-des-verteidigungsausschuss-der-anhaenger-der-religionen-rechte-im-iran-am-08-mai-22","status":"publish","type":"post","link":"https:\/\/deutsch.bashariyat.org\/?p=5921","title":{"rendered":"Audio- und Videobericht der Online-Sitzung des Verteidigungsausschuss der Anh\u00e4nger der Religionen-Rechte im Iran am 08.Mai.22"},"content":{"rendered":"<p>Das Treffen des Komitees zur Verteidigung der Rechte von Anh\u00e4ngern der Religionen im Iran fand am Sonntag, den 10.04.2022, um 17:00 Uhr mitteleurop\u00e4ischer Zeit in Anwesenheit einer Gruppe von Menschenrechtsaktivisten und anderen G\u00e4sten durch den Cyberspace von Zum, YouTube und App f\u00fcr die Verteidigung der Menschenrechte im Iran statt. Die Redner und die Reihenfolge ihrer Rede sind :Karim Naseri :Anfang der Sitzung . 2) Hasti Abdollahi Asl: Bericht und Analyse der Verletzungen der Rechte von Anh\u00e4ngern der Religionen im April 1401, 3) Arsha Kachuian: Untersuchung von Ziel 5 des UNESCO-Dokuments 2030 und dessen Vergleich mit der Verfassung der Islamischen Republik Iran, 4) Davood Lotfi: Trennung von Religion und Staat, 5) Samaneh Birjandi: Apostasie-Urteil, 6) Leila Aboutalebi: Geschichte der Religionen und Religionen,7) Esfandiar Sangari: Weltpressetag und Brieffreiheit im Iran, 8) Offene Diskussion \u00fcber die Frage des Rechts auf soziale Sicherheit (Arbeitsplatzsicherheit) und unter Beteiligung von: Amin Bell verdi Bahman, Arsha Kachuian, Davood Lotfi, Samaneh Birjandi, Maryam Estekar, Mehdi Karimi. Karim Nasseri, Esfandiar Sangari, Administratoren: Amin Belverdi Bahman, Abbas Rahbari, Arsha Kachuian. Hobbyisten k\u00f6nnen den Audiobericht der obigen Sitzung durch die folgenden Audiodateien h\u00f6ren. Sehen Sie sich auch den Videobericht des Treffens \u00fcber den YouTube-Link an:<\/p>\n<div class=\"embed-container\"><iframe loading=\"lazy\" title=\"\u062c\u0644\u0633\u0647 \u0633\u062e\u0646\u0631\u0627\u0646\u06cc \u06a9\u0645\u06cc\u062a\u0647 \u062f\u0641\u0627\u0639 \u0627\u0632 \u062d\u0642\u0648\u0642 \u067e\u06cc\u0631\u0648\u0627\u0646 \u0627\u062f\u06cc\u0627\u0646 \u06f0\u06f8 \u0645\u0627\u06cc \u06f2\u06f0\u06f2\u06f2\" width=\"1170\" height=\"658\" src=\"https:\/\/www.youtube.com\/embed\/gCZxOlu8ixc?feature=oembed\" frameborder=\"0\" allow=\"accelerometer; autoplay; clipboard-write; encrypted-media; gyroscope; picture-in-picture; web-share\" referrerpolicy=\"strict-origin-when-cross-origin\" allowfullscreen><\/iframe><\/div>\n<p><a href=\"http:\/\/azadegy.de\/05.2022\/08.05.2022.Adyan\/1.Start.mp3\">Karim Naseri :Anfang der Sitzung<\/a><!--more--><\/p>\n<p><a href=\"http:\/\/azadegy.de\/05.2022\/08.05.2022.Adyan\/2.Hasti.Abdolahi.mp3\">2) Hasti Abdollahi Asl: Bericht und Analyse der Verletzungen der Rechte von Anh\u00e4ngern der Religionen im April 1401<\/a><\/p>\n<p><a href=\"http:\/\/azadegy.de\/05.2022\/08.05.2022.Adyan\/3.Arsha.Kachuian.mp3\">3) Arsha Kachuian: Untersuchung von Ziel 5 des UNESCO-Dokuments 2030 und dessen Vergleich mit der Verfassung der Islamischen Republik Iran<\/a><\/p>\n<p><a href=\"http:\/\/azadegy.de\/05.2022\/08.05.2022.Adyan\/4.Davood.Lotfi.mp3\">4) Davood Lotfi: Trennung von Religion und Staat<\/a><\/p>\n<p><a href=\"http:\/\/azadegy.de\/05.2022\/08.05.2022.Adyan\/5.Samaneh.Birjandi.mp3\">5) Samaneh Birjandi: Apostasie-Urteil<\/a><\/p>\n<p><a href=\"http:\/\/azadegy.de\/05.2022\/08.05.2022.Adyan\/6.Leyla.Abutalebi.mp3\">6) Leila Aboutalebi: Geschichte der Religionen und Religionen<\/a><\/p>\n<p><a href=\"http:\/\/azadegy.de\/05.2022\/08.05.2022.Adyan\/7.Esfandiyar.Sangari.mp3\">7) Esfandiar Sangari: Weltpressetag und Brieffreiheit im Iran<\/a><\/p>\n<p><a href=\"http:\/\/azadegy.de\/05.2022\/08.05.2022.Adyan\/8.Bahs.Azad.mp3\">8) Offene Diskussion \u00fcber die Frage des Rechts auf soziale Sicherheit\u00a0<\/a><\/p>\n<p>&nbsp;<\/p>\n","protected":false},"excerpt":{"rendered":"<p>Das Treffen des Komitees zur Verteidigung der Rechte von Anh\u00e4ngern der Religionen im Iran fand am Sonntag, den 10.04.2022, um 17:00 Uhr mitteleurop\u00e4ischer Zeit in Anwesenheit einer Gruppe von Menschenrechtsaktivisten und anderen G\u00e4sten durch den Cyberspace von Zum, YouTube und App f\u00fcr die Verteidigung der Menschenrechte im Iran statt. Die Redner und die Reihenfolge ihrer &hellip; <\/p>\n<p><a class=\"more-link btn\" href=\"https:\/\/deutsch.bashariyat.org\/?p=5921\">Weiterlesen<\/a><\/p>\n","protected":false},"author":2,"featured_media":0,"comment_status":"closed","ping_status":"closed","sticky":false,"template":"","format":"standard","meta":{"footnotes":""},"categories":[1],"tags":[],"class_list":["post-5921","post","type-post","status-publish","format-standard","hentry","category-allgemein","item-wrap"],"_links":{"self":[{"href":"https:\/\/deutsch.bashariyat.org\/index.php?rest_route=\/wp\/v2\/posts\/5921","targetHints":{"allow":["GET"]}}],"collection":[{"href":"https:\/\/deutsch.bashariyat.org\/index.php?rest_route=\/wp\/v2\/posts"}],"about":[{"href":"https:\/\/deutsch.bashariyat.org\/index.php?rest_route=\/wp\/v2\/types\/post"}],"author":[{"embeddable":true,"href":"https:\/\/deutsch.bashariyat.org\/index.php?rest_route=\/wp\/v2\/users\/2"}],"replies":[{"embeddable":true,"href":"https:\/\/deutsch.bashariyat.org\/index.php?rest_route=%2Fwp%2Fv2%2Fcomments&post=5921"}],"version-history":[{"count":1,"href":"https:\/\/deutsch.bashariyat.org\/index.php?rest_route=\/wp\/v2\/posts\/5921\/revisions"}],"predecessor-version":[{"id":5922,"href":"https:\/\/deutsch.bashariyat.org\/index.php?rest_route=\/wp\/v2\/posts\/5921\/revisions\/5922"}],"wp:attachment":[{"href":"https:\/\/deutsch.bashariyat.org\/index.php?rest_route=%2Fwp%2Fv2%2Fmedia&parent=5921"}],"wp:term":[{"taxonomy":"category","embeddable":true,"href":"https:\/\/deutsch.bashariyat.org\/index.php?rest_route=%2Fwp%2Fv2%2Fcategories&post=5921"},{"taxonomy":"post_tag","embeddable":true,"href":"https:\/\/deutsch.bashariyat.org\/index.php?rest_route=%2Fwp%2Fv2%2Ftags&post=5921"}],"curies":[{"name":"wp","href":"https:\/\/api.w.org\/{rel}","templated":true}]}}