{"id":5925,"date":"2022-05-19T02:13:14","date_gmt":"2022-05-19T01:13:14","guid":{"rendered":"https:\/\/deutsch.bashariyat.org\/?p=5925"},"modified":"2022-05-20T02:13:59","modified_gmt":"2022-05-20T01:13:59","slug":"audio-sitzungsbericht-des-ausschusses-fuer-die-verteidigung-der-arbeit-und-der-arbeitnehmerrechte-vom-07-05-22","status":"publish","type":"post","link":"https:\/\/deutsch.bashariyat.org\/?p=5925","title":{"rendered":"Audio-Sitzungsbericht des Ausschusses f\u00fcr die Verteidigung der Arbeit und der Arbeitnehmerrechte vom 07.05.22"},"content":{"rendered":"<p>Die Redesitzung des Ausschusses f\u00fcr die Verteidigung von Arbeit und Arbeitsrechten fand am Samstag, den 2. April 2022 um 16:00 Uhr MEZ in Mitteleuropa in Anwesenheit einer Gruppe von Menschenrechtsaktivisten und anderen G\u00e4sten \u00fcber den Cyberspace von Zum, YouTube und die Kanun App statt. Zu den Referenten geh\u00f6ren:1) Beginn der Sitzung: Mehrnoosh Imanichegini2) Seyed Saeed Nourizadeh: Meldung und Analyse von Verletzungen der Arbeitsrechte im April 1401, 3) Parya Torabi: Untersuchung des Zwecks von 2 UNESCO-Dokument 2030 und Vergleich mit der Verfassung der Islamischen Republik Iran, 4) Mahnaz Torabi: Krankenschwestern im Iran, 5) Ehsan Ahmadikhah: Autismus und Besch\u00e4ftigung im Iran, 6) Behnam Sher Mohammadi: Arbeitnehmer und ihr NHS, 7) Offene Diskussion \u00fcber das Recht auf Sicherheit am Arbeitsplatz (Internationaler Tag der Arbeitnehmer)Und mit der Teilnahme von Mehdi Afsharzadeh, Ehsan Ahmadikhah, Samad Jafari, Mehrnoosh Imani Chegini, Mahnaz Torabi, Behnam Sher Mohammadi. Die Kollegen, die uns bei diesem Treffen geholfen haben, sind: Mehrnoosh Imani Chegini, Sekret\u00e4r der Sitzung: Mohammad Hesam Fanny, Audioaufnahme und Schnitt: Ehsan Ahmadikhah, Administratoren: Mohammad Hesam Fani Davood Vahedipour Farsi Ghasr Asami.\u00a0Enthusiasten k\u00f6nnen die Audioberichte der obigen Sitzung durch die folgenden Audiodateien h\u00f6ren und den Videobericht der Sitzung auf dem YouTube-Kanal der Menschheit \u00fcber den folgenden Link ansehen:<\/p>\n<div class=\"embed-container\"><iframe loading=\"lazy\" title=\"\u062c\u0644\u0633\u0647 \u0633\u062e\u0646\u0631\u0627\u0646\u06cc \u06a9\u0645\u06cc\u062a\u0647 \u062f\u0641\u0627\u0639 \u0627\u0632 \u062d\u0642\u0648\u0642 \u06a9\u0627\u0631 \u0648 \u06a9\u0627\u0631\u06af\u0631\u060c\u0667 \u0645\u0627\u06cc \u0662\u0660\u0662\u0662\" width=\"1170\" height=\"658\" src=\"https:\/\/www.youtube.com\/embed\/9eKJ5w8VlXw?feature=oembed\" frameborder=\"0\" allow=\"accelerometer; autoplay; clipboard-write; encrypted-media; gyroscope; picture-in-picture; web-share\" referrerpolicy=\"strict-origin-when-cross-origin\" allowfullscreen><\/iframe><\/div>\n<p><a href=\"http:\/\/azadegy.de\/05.2022\/07.05.2022.Kargar\/1.Start.mp3\">1) Beginn der Sitzung: Mehrnoosh Imanichegini<\/a><!--more--><\/p>\n<p><a href=\"http:\/\/azadegy.de\/05.2022\/07.05.2022.Kargar\/2.Seyd-Saeed-Nori-Zadeh.mp3\">2) Seyed Saeed Nourizadeh: Meldung und Analyse von Verletzungen der Arbeitsrechte im April 1401,<\/a><\/p>\n<p><a href=\"http:\/\/azadegy.de\/05.2022\/07.05.2022.Kargar\/3.Paria-Torabi.mp3\">3) Parya Torabi: Untersuchung des Zwecks von 2 UNESCO-Dokument 2030 und Vergleich mit der Verfassung der Islamischen Republik Iran,<\/a><\/p>\n<p><a href=\"http:\/\/azadegy.de\/05.2022\/07.05.2022.Kargar\/4.Mahnaz-Torabi.mp3\">4) Mahnaz Torabi: Krankenschwestern im Iran,<\/a><\/p>\n<p><a href=\"http:\/\/azadegy.de\/05.2022\/07.05.2022.Kargar\/5.Ehsan-Ahmadikhah.mp3\">5) Ehsan Ahmadikhah: Autismus und Besch\u00e4ftigung im Iran,<\/a><\/p>\n<p><a href=\"http:\/\/azadegy.de\/05.2022\/07.05.2022.Kargar\/6.Behnam-Shir-Mohammadi.mp3\">6) Behnam Shir Mohammadi: Arbeitnehmer und ihr NHS,<\/a><\/p>\n<p><a href=\"http:\/\/azadegy.de\/05.2022\/07.05.2022.Kargar\/7.Free-Discussion.mp3\"> 7) Offene Diskussion \u00fcber das Recht auf Sicherheit am Arbeitsplatz (Internationaler Tag der Arbeitnehmer)<\/a><\/p>\n<p>&nbsp;<\/p>\n","protected":false},"excerpt":{"rendered":"<p>Die Redesitzung des Ausschusses f\u00fcr die Verteidigung von Arbeit und Arbeitsrechten fand am Samstag, den 2. April 2022 um 16:00 Uhr MEZ in Mitteleuropa in Anwesenheit einer Gruppe von Menschenrechtsaktivisten und anderen G\u00e4sten \u00fcber den Cyberspace von Zum, YouTube und die Kanun App statt. Zu den Referenten geh\u00f6ren:1) Beginn der Sitzung: Mehrnoosh Imanichegini2) Seyed Saeed &hellip; <\/p>\n<p><a class=\"more-link btn\" href=\"https:\/\/deutsch.bashariyat.org\/?p=5925\">Weiterlesen<\/a><\/p>\n","protected":false},"author":2,"featured_media":0,"comment_status":"closed","ping_status":"closed","sticky":false,"template":"","format":"standard","meta":{"footnotes":""},"categories":[1],"tags":[],"class_list":["post-5925","post","type-post","status-publish","format-standard","hentry","category-allgemein","item-wrap"],"_links":{"self":[{"href":"https:\/\/deutsch.bashariyat.org\/index.php?rest_route=\/wp\/v2\/posts\/5925","targetHints":{"allow":["GET"]}}],"collection":[{"href":"https:\/\/deutsch.bashariyat.org\/index.php?rest_route=\/wp\/v2\/posts"}],"about":[{"href":"https:\/\/deutsch.bashariyat.org\/index.php?rest_route=\/wp\/v2\/types\/post"}],"author":[{"embeddable":true,"href":"https:\/\/deutsch.bashariyat.org\/index.php?rest_route=\/wp\/v2\/users\/2"}],"replies":[{"embeddable":true,"href":"https:\/\/deutsch.bashariyat.org\/index.php?rest_route=%2Fwp%2Fv2%2Fcomments&post=5925"}],"version-history":[{"count":1,"href":"https:\/\/deutsch.bashariyat.org\/index.php?rest_route=\/wp\/v2\/posts\/5925\/revisions"}],"predecessor-version":[{"id":5926,"href":"https:\/\/deutsch.bashariyat.org\/index.php?rest_route=\/wp\/v2\/posts\/5925\/revisions\/5926"}],"wp:attachment":[{"href":"https:\/\/deutsch.bashariyat.org\/index.php?rest_route=%2Fwp%2Fv2%2Fmedia&parent=5925"}],"wp:term":[{"taxonomy":"category","embeddable":true,"href":"https:\/\/deutsch.bashariyat.org\/index.php?rest_route=%2Fwp%2Fv2%2Fcategories&post=5925"},{"taxonomy":"post_tag","embeddable":true,"href":"https:\/\/deutsch.bashariyat.org\/index.php?rest_route=%2Fwp%2Fv2%2Ftags&post=5925"}],"curies":[{"name":"wp","href":"https:\/\/api.w.org\/{rel}","templated":true}]}}