{"id":5944,"date":"2022-05-26T00:02:56","date_gmt":"2022-05-25T23:02:56","guid":{"rendered":"https:\/\/deutsch.bashariyat.org\/?p=5944"},"modified":"2022-05-27T00:15:32","modified_gmt":"2022-05-26T23:15:32","slug":"audio-sitzungsbericht-der-sitzung-des-verteidigungsausschuss-von-iranische-ethnien-und-nationen-am-14-05-2022","status":"publish","type":"post","link":"https:\/\/deutsch.bashariyat.org\/?p=5944","title":{"rendered":"Audio- sitzungsbericht der Sitzung des verteidigungsausschuss von Iranische Ethnien und Nationen am 14.05.2022"},"content":{"rendered":"<p>Die monatliche Onlinesitzung des Verteidigungsausschusses der<strong> Iranische Ethnien und Nationen fand am 14.05.2022<\/strong>\u00a0in Anwesenheit von Mitgliedern\u00a0 und einer Gruppe von Menschenrechtsaktivisten und andere G\u00e4ste mit der Leitung Herr Karim Naseri im Youtube und im Zoom-Programm des Repr\u00e4sentationsraums statt.<\/p>\n<p>Referenten sind: 1- Beginn der Sitzung: Karim Naseri ,2.Amir Reza Valizadeh: <strong>\u00a0<\/strong>Berichterstattung und Analyse der F\u00e4lle von Verletzungen der Rechte iranischer Volksgruppen und Nationen im April 2022-3.<span id=\"more-5914\"><\/span>Mohammad Rasool Lamei Ramandi: \u00a0Internationaler Pakt \u00fcber b\u00fcrgerliche, politische und politische Rechte, angenommen 1966 (Artikel 2) und sein Vergleich mit der Verfassung der Islamischen Republik Iran-4.Esfandyar Sangari: B\u00fcrgerrechte iranischer Volksgruppen-5.Mostafa Haji Ghader Marhomi: Folter in iranischen Gef\u00e4ngnissen-6.<strong>\u00d6ffentliche Diskussion<\/strong>:\u00a0<strong>Das Recht auf Nichtdiskriminierung\u00a0(kulturelle Vielfalt der iranischen Volksgruppen)<\/strong><\/p>\n<p>Unsere Kollegen und Aktivisten, die uns bei diesem Treffen helfen:<\/p>\n<p>Verantwortlich des Mitgliederversammlung: Karim Naseri-Sekret\u00e4r der Sitzung : Leila Aboutalebi Adrani-Tongestaltung:\u00a0\u00a0Mohammad Rasool Portendrast, Amin Bolordi Bahman-Admins\u00a0:\u00a0Sadegh Farrokhi Qasr Asemi, Hassan Hamzehzadeh<\/p>\n<p>&nbsp;<\/p>\n<p>&nbsp;<\/p>\n<div class=\"embed-container\"><iframe loading=\"lazy\" title=\"\u062c\u0644\u0633\u0647 \u0633\u062e\u0646\u0631\u0627\u0646\u06cc \u06a9\u0645\u06cc\u062a\u0647 \u062f\u0641\u0627\u0639 \u0627\u0632 \u062d\u0642\u0648\u0642 \u0627\u0642\u0648\u0627\u0645 \u0648 \u0645\u0644\u0644 \u0627\u06cc\u0631\u0627\u0646\u06cc 14 \u0645\u0627\u06cc 2022\" width=\"1170\" height=\"658\" src=\"https:\/\/www.youtube.com\/embed\/MRQ0g5hwSog?feature=oembed\" frameborder=\"0\" allow=\"accelerometer; autoplay; clipboard-write; encrypted-media; gyroscope; picture-in-picture; web-share\" referrerpolicy=\"strict-origin-when-cross-origin\" allowfullscreen><\/iframe><\/div>\n<p><a href=\"http:\/\/azadegy.de\/05.2022\/14.05.2022.aghvam\/1.Start.mp3\">Anfang der Sitzung :Karim Naseri<\/a><!--more--><\/p>\n<p><a href=\"http:\/\/azadegy.de\/05.2022\/14.05.2022.aghvam\/2.Valizadeh.mp3\">Amir Reza Valizadeh:\u00a0<strong>\u00a0<\/strong>Berichterstattung und Analyse der F\u00e4lle von Verletzungen der Rechte iranischer Volksgruppen und Nationen im April 2022<\/a><span id=\"more-5914\"><\/span><\/p>\n<p><a href=\"http:\/\/azadegy.de\/05.2022\/14.05.2022.aghvam\/3.Lamei.mp3\">Mohammad Rasool Lamei Ramandi: \u00a0Internationaler Pakt \u00fcber b\u00fcrgerliche, politische und politische Rechte, angenommen 1966 (Artikel 2)\u00a0und sein Vergleich mit der Verfassung der Islamischen Republik Iran<\/a><\/p>\n<p><a href=\"http:\/\/azadegy.de\/05.2022\/14.05.2022.aghvam\/4.Sangari.mp3\">Esfandyar Sangari: B\u00fcrgerrechte iranischer Volksgruppen<\/a><\/p>\n<p><a href=\"http:\/\/azadegy.de\/05.2022\/14.05.2022.aghvam\/5.Hajighader.mp3\">Mostafa Haji Ghader Marhomi: Folter in iranischen Gef\u00e4ngnissen<\/a><\/p>\n<p><a href=\"http:\/\/azadegy.de\/05.2022\/14.05.2022.aghvam\/6.Bahse-Azaad.mp3\"><strong>\u00d6ffentliche Diskussion<\/strong>:\u00a0<strong>Das Recht auf Nichtdiskriminierung\u00a0(kulturelle Vielfalt der iranischen Volksgruppen)<\/strong><\/a><\/p>\n","protected":false},"excerpt":{"rendered":"<p>Die monatliche Onlinesitzung des Verteidigungsausschusses der Iranische Ethnien und Nationen fand am 14.05.2022\u00a0in Anwesenheit von Mitgliedern\u00a0 und einer Gruppe von Menschenrechtsaktivisten und andere G\u00e4ste mit der Leitung Herr Karim Naseri im Youtube und im Zoom-Programm des Repr\u00e4sentationsraums statt. Referenten sind: 1- Beginn der Sitzung: Karim Naseri ,2.Amir Reza Valizadeh: \u00a0Berichterstattung und Analyse der F\u00e4lle von &hellip; <\/p>\n<p><a class=\"more-link btn\" href=\"https:\/\/deutsch.bashariyat.org\/?p=5944\">Weiterlesen<\/a><\/p>\n","protected":false},"author":2,"featured_media":0,"comment_status":"closed","ping_status":"closed","sticky":false,"template":"","format":"standard","meta":{"footnotes":""},"categories":[1],"tags":[],"class_list":["post-5944","post","type-post","status-publish","format-standard","hentry","category-allgemein","item-wrap"],"_links":{"self":[{"href":"https:\/\/deutsch.bashariyat.org\/index.php?rest_route=\/wp\/v2\/posts\/5944","targetHints":{"allow":["GET"]}}],"collection":[{"href":"https:\/\/deutsch.bashariyat.org\/index.php?rest_route=\/wp\/v2\/posts"}],"about":[{"href":"https:\/\/deutsch.bashariyat.org\/index.php?rest_route=\/wp\/v2\/types\/post"}],"author":[{"embeddable":true,"href":"https:\/\/deutsch.bashariyat.org\/index.php?rest_route=\/wp\/v2\/users\/2"}],"replies":[{"embeddable":true,"href":"https:\/\/deutsch.bashariyat.org\/index.php?rest_route=%2Fwp%2Fv2%2Fcomments&post=5944"}],"version-history":[{"count":1,"href":"https:\/\/deutsch.bashariyat.org\/index.php?rest_route=\/wp\/v2\/posts\/5944\/revisions"}],"predecessor-version":[{"id":5945,"href":"https:\/\/deutsch.bashariyat.org\/index.php?rest_route=\/wp\/v2\/posts\/5944\/revisions\/5945"}],"wp:attachment":[{"href":"https:\/\/deutsch.bashariyat.org\/index.php?rest_route=%2Fwp%2Fv2%2Fmedia&parent=5944"}],"wp:term":[{"taxonomy":"category","embeddable":true,"href":"https:\/\/deutsch.bashariyat.org\/index.php?rest_route=%2Fwp%2Fv2%2Fcategories&post=5944"},{"taxonomy":"post_tag","embeddable":true,"href":"https:\/\/deutsch.bashariyat.org\/index.php?rest_route=%2Fwp%2Fv2%2Ftags&post=5944"}],"curies":[{"name":"wp","href":"https:\/\/api.w.org\/{rel}","templated":true}]}}