{"id":6083,"date":"2022-06-07T00:34:55","date_gmt":"2022-06-06T23:34:55","guid":{"rendered":"https:\/\/deutsch.bashariyat.org\/?p=6083"},"modified":"2022-09-05T08:24:00","modified_gmt":"2022-09-05T07:24:00","slug":"einladung-zur-versammlung-der-iranischen-ethnie-und-nationen-verteidigungsausschuss-am-11-06-22","status":"publish","type":"post","link":"https:\/\/deutsch.bashariyat.org\/?p=6083","title":{"rendered":"Einladung zur Versammlung der Iranischen Ethnie und Nationen Verteidigungsausschuss am 11.06.22"},"content":{"rendered":"<p>&nbsp;<\/p>\n<p><a href=\"https:\/\/deutsch.bashariyat.org\/?attachment_id=3690\" rel=\"attachment wp-att-3690\"><img loading=\"lazy\" decoding=\"async\" class=\"alignnone size-full wp-image-3690\" src=\"https:\/\/deutsch.bashariyat.org\/wp-content\/uploads\/2020\/11\/stempel-einladung-constanze-pro2.jpg\" alt=\"\" width=\"236\" height=\"236\" data-id=\"3690\" srcset=\"https:\/\/deutsch.bashariyat.org\/wp-content\/uploads\/2020\/11\/stempel-einladung-constanze-pro2.jpg 236w, https:\/\/deutsch.bashariyat.org\/wp-content\/uploads\/2020\/11\/stempel-einladung-constanze-pro2-150x150.jpg 150w\" sizes=\"auto, (max-width: 236px) 100vw, 236px\" \/><\/a><\/p>\n<p><strong>\u00a0<\/strong><\/p>\n<p style=\"text-align: center;\">Verteidigungsausschuss\u00a0der Ethnie und Nation-Rechte\u00a0zusammentragt<\/p>\n<p style=\"text-align: center;\">Vortrag,\u00a0Fragen\u00a0und\u00a0Antworten,\u00a0Diskussionen\u00a0und\u00a0Unterhalten<\/p>\n<p style=\"text-align: center;\"><strong>Referenten\u00a0und\u00a0Vortr\u00e4ge<\/strong><\/p>\n<p><strong>Ausschuss zur Verteidigung der Rechte der iranischen ethnischen und V\u00f6lker am<\/strong><strong> 11<\/strong><strong>.<\/strong><strong>06<\/strong><strong>.2022 um 14:00 Uhr mitteleurop\u00e4ischer Zeit mit Ihrer Teilnahme und Anwesenheit wird es gehalten, um die Unschuld der iranischen ethnischen Gruppen zu verteidigen.<\/strong><!--more--><\/p>\n<p>Bahar Zarinpour:\u00a0\u00a0Berichterstattung und Analyse der F\u00e4lle von Verletzungen der Rechte iranischer Volksgruppen und Nationen im Mai 2022<\/p>\n<p><strong>Narges Mobasheri<\/strong>: \u00a0Internationales \u00dcbereinkommen zur Beseitigung jeder Form von Rassendiskriminierung (Artikel 1)\u00a0und sein Vergleich mit der Verfassung der Islamischen Republik Iran<\/p>\n<p>Navid Behdad: Legale T\u00f6tungen 1400<\/p>\n<p>Parisa Nikonam Nezami: <strong>Erziehung von weiblichen Verwandten<\/strong><\/p>\n<p>Farshad Arabi: f<strong>eind schl\u00e4ft auf dem Boden, \u066c\u066cmin\u066c\u066c<\/strong><\/p>\n<p>\u00d6ffentliche Diskussion: Folter verboten<\/p>\n<p><strong>Zeit : Samstag <\/strong><strong>11<\/strong><strong>.<\/strong><strong>06<\/strong><strong>.2022 um 14:00 Uhr<\/strong><\/p>\n<ul>\n<li><strong>Veranstaltungsort:<\/strong><\/li>\n<\/ul>\n<ol>\n<li><strong>ZOOM :\u00a0<\/strong><a href=\"https:\/\/zoom.us\/j\/8057930858?pwd=b2RQaXNlWTBQejlLc1RjVkRmd3dPUT09\"><strong>Klicken Sie hier<\/strong><\/a><\/li>\n<\/ol>\n<ol>\n<li><strong>YouTube :<\/strong><a href=\"https:\/\/www.youtube.com\/channel\/UCcEgwhyDjX8eJAgN0KgEoMw\"><strong>Klicken Sie hier<\/strong><\/a><\/li>\n<li><strong>App ( Direkt aus dem Fernsehen ausgestrahlt )<\/strong><\/li>\n<\/ol>\n<p>&nbsp;<\/p>\n<p><strong>Unsere Kollegen und Aktivisten, die uns bei\u00a0diesem\u00a0Treffen\u00a0helfen:<\/strong><\/p>\n<p>Verantwortlich\u00a0des\u00a0Mitgliederversammlung: Karim Naseri<\/p>\n<p>Sekret\u00e4r\u00a0der\u00a0Sitzung\u00a0:\u00a0Leila Aboutalebi Adrani<\/p>\n<p>Tongestaltung:\u00a0\u00a0, Amin Bolordi, \u00a0Esfandyar sangari<\/p>\n<p>Admins\u00a0:\u00a0Nadia Musharraf\u00a0,\u00a0Hassan Hamzehzadeh<\/p>\n<p>&nbsp;<\/p>\n<p style=\"text-align: center;\"><strong>Die Vereinigung zur Verteidigung der Menschenrechte\u00a0im\u00a0Iran<\/strong><\/p>\n<p style=\"text-align: center;\"><strong>\u00a0Verteidigungsausschuss\u00a0der Ethnie und Nation-Rechte\u00a0<\/strong><\/p>\n<p><b>Der \u00dcbersetzer:<\/b><\/p>\n<p>Amirhosein Karimi<\/p>\n","protected":false},"excerpt":{"rendered":"<p>&nbsp; \u00a0 Verteidigungsausschuss\u00a0der Ethnie und Nation-Rechte\u00a0zusammentragt Vortrag,\u00a0Fragen\u00a0und\u00a0Antworten,\u00a0Diskussionen\u00a0und\u00a0Unterhalten Referenten\u00a0und\u00a0Vortr\u00e4ge Ausschuss zur Verteidigung der Rechte der iranischen ethnischen und V\u00f6lker am 11.06.2022 um 14:00 Uhr mitteleurop\u00e4ischer Zeit mit Ihrer Teilnahme und Anwesenheit wird es gehalten, um die Unschuld der iranischen ethnischen Gruppen zu verteidigen.<\/p><p><a class=\"more-link btn\" href=\"https:\/\/deutsch.bashariyat.org\/?p=6083\">Weiterlesen<\/a><\/p>\n","protected":false},"author":2,"featured_media":0,"comment_status":"closed","ping_status":"closed","sticky":false,"template":"","format":"standard","meta":{"footnotes":""},"categories":[75],"tags":[],"class_list":["post-6083","post","type-post","status-publish","format-standard","hentry","category-einladung","item-wrap"],"_links":{"self":[{"href":"https:\/\/deutsch.bashariyat.org\/index.php?rest_route=\/wp\/v2\/posts\/6083","targetHints":{"allow":["GET"]}}],"collection":[{"href":"https:\/\/deutsch.bashariyat.org\/index.php?rest_route=\/wp\/v2\/posts"}],"about":[{"href":"https:\/\/deutsch.bashariyat.org\/index.php?rest_route=\/wp\/v2\/types\/post"}],"author":[{"embeddable":true,"href":"https:\/\/deutsch.bashariyat.org\/index.php?rest_route=\/wp\/v2\/users\/2"}],"replies":[{"embeddable":true,"href":"https:\/\/deutsch.bashariyat.org\/index.php?rest_route=%2Fwp%2Fv2%2Fcomments&post=6083"}],"version-history":[{"count":2,"href":"https:\/\/deutsch.bashariyat.org\/index.php?rest_route=\/wp\/v2\/posts\/6083\/revisions"}],"predecessor-version":[{"id":6321,"href":"https:\/\/deutsch.bashariyat.org\/index.php?rest_route=\/wp\/v2\/posts\/6083\/revisions\/6321"}],"wp:attachment":[{"href":"https:\/\/deutsch.bashariyat.org\/index.php?rest_route=%2Fwp%2Fv2%2Fmedia&parent=6083"}],"wp:term":[{"taxonomy":"category","embeddable":true,"href":"https:\/\/deutsch.bashariyat.org\/index.php?rest_route=%2Fwp%2Fv2%2Fcategories&post=6083"},{"taxonomy":"post_tag","embeddable":true,"href":"https:\/\/deutsch.bashariyat.org\/index.php?rest_route=%2Fwp%2Fv2%2Ftags&post=6083"}],"curies":[{"name":"wp","href":"https:\/\/api.w.org\/{rel}","templated":true}]}}