{"id":6104,"date":"2022-07-05T23:17:31","date_gmt":"2022-07-05T22:17:31","guid":{"rendered":"https:\/\/deutsch.bashariyat.org\/?p=6104"},"modified":"2022-09-04T23:38:42","modified_gmt":"2022-09-04T22:38:42","slug":"audiovisueller-bericht-ueber-die-redesitzung-des-vertreters-der-region-sueddeutschland-am-26-juni-2022","status":"publish","type":"post","link":"https:\/\/deutsch.bashariyat.org\/?p=6104","title":{"rendered":"Audiovisueller Bericht \u00fcber die Redesitzung des Vertreters der Region S\u00fcddeutschland am 26.Juni.2022"},"content":{"rendered":"<p>Das Treffen des Vertreters der s\u00fcddeutschen Region fand am 26. Juni 2022 um 14:00 Uhr mitteleurop\u00e4ischer Zeit in Anwesenheit einer Gruppe von Menschenrechtsaktivisten durch den Cyberspace von Zum, YouTube und der Kanun App statt. Referenten sind: 1- Beginn der Sitzung: Karim Naseri 2-Salman Yazdanpanah: Bericht und Analyse der Menschenrechtsverletzungen im Juni 1401, 3- Davood Lotfi: \u00dcberpr\u00fcfung der Konvention zur Beseitigung aller Formen von Vorurteilen und Diskriminierung aufgrund von Religion oder Weltanschauung und Vergleich mit der Verfassung der Islamischen Republik Iran 4- Aylar Esmaeili: Mord 5- Abdolmajid Dadaran: Kinderarbeit (Internationaler Tag f\u00fcr das Verbot der Kinderarbeit), 6- Amirhosein Karimi: &#8211; Volksprotest.7-Hossein Saadati: Kulturelle Sektion: Einf\u00fchrung in das Buch des Verbrechens und der Verbrechen: Fjodor Michailowitsch Dostojewski 8- Offene Diskussion \u00fcber Nichtdiskriminierung (Internationaler Fl\u00fcchtlingstag) unter Beteiligung von Ehsan Ahmadikhah, Mohsen Sabzian, Hossein Saadati, Arsha Kachuian, Davood Lotfi, Abdolmajid Bazdaran, Reza Shayegan, Hassan Hamzehzadeh,<strong>Unsere Kollegen und Aktivisten, die uns bei diesem Treffen geholfen haben:<\/strong><strong>Verantwortlich f\u00fcr die Sitzung:<\/strong>\u00a0 Karim Naseri-<strong>Sekret\u00e4rin\/er der Sitzung:<\/strong> Arsha Kaochaniyan-<strong>Admins:<\/strong> Mohsen Sabziyan-Marjan Shabannezhad-<strong>Tonaufnahme:<\/strong>\u00a0Ehsan Ahmadikhah,\u00a0\u00a0Pouya\u00a0Hesabi<\/p>\n<div class=\"embed-container\"><iframe loading=\"lazy\" title=\"\u062c\u0644\u0633\u0647 \u0633\u062e\u0646\u0631\u0627\u0646\u06cc \u0646\u0645\u0627\u06cc\u0646\u062f\u06af\u06cc \u0645\u0646\u0637\u0642\u0647 \u062c\u0646\u0648\u0628 \u0622\u0644\u0645\u0627\u0646 \u06f2\u06f6 \u0698\u0648\u0626\u0646 \u06f2\u06f0\u06f2\u06f2\" width=\"1170\" height=\"658\" src=\"https:\/\/www.youtube.com\/embed\/wB3zPox7xs8?feature=oembed\" frameborder=\"0\" allow=\"accelerometer; autoplay; clipboard-write; encrypted-media; gyroscope; picture-in-picture; web-share\" referrerpolicy=\"strict-origin-when-cross-origin\" allowfullscreen><\/iframe><\/div>\n<p><a href=\"https:\/\/www.mediafire.com\/file\/tepghcasv83kmed\/1.Start.Karim-Naseri.mp3\/file\">Karim Naseri : Anfang der Sitzung<\/a><\/p>\n<div id=\"post-5950\" class=\"clearfix post post-5950 type-post status-publish format-standard hentry category-allgemein item-wrap\">\n<div class=\"entry clearfix\">\n<div class=\"entry-content clearfix\">\n<p><a href=\"https:\/\/www.mediafire.com\/file\/87hbyq4aypuc53c\/2.Salman-Yazdanpanah.mp3\/file\"><strong>Salman Yazdanpanah<\/strong>:\u00a0\u00a0<strong>Meldung und Analyse von Menschenrechtsverletzungen im\u00a0<\/strong><strong>Mai 2022<\/strong><\/a><\/p>\n<\/div>\n<\/div>\n<\/div>\n<p><!--more--><\/p>\n<div id=\"post-5950\" class=\"clearfix post post-5950 type-post status-publish format-standard hentry category-allgemein item-wrap\">\n<div class=\"entry clearfix\">\n<div class=\"entry-content clearfix\">\n<p><a href=\"https:\/\/www.mediafire.com\/file\/nhyo6j9vbda2p4r\/3.Davood-Lotfi.mp3\/file\"><strong>Dawood Lotfi<\/strong>:\u00dcberpr\u00fcfung des \u00dcbereinkommens zur Beseitigung jeder Form von Vorurteilen und Diskriminierungen aus Gr\u00fcnden der Religion oder der Weltanschauung und es mit der Verfassung der Islamischen Republik Iran zu vergleichen.<\/a><\/p>\n<p><a href=\"https:\/\/www.mediafire.com\/file\/47luncm3uyeau8s\/4.Aylar-Esmaeili.mp3\/file\"><strong>Aylar Esmaeili<\/strong>:Frauen t\u00f6ten<\/a><\/p>\n<p><a href=\"https:\/\/www.mediafire.com\/file\/swcyd3cc9l95fcm\/5.Abdolmajid-Bazdaran.mp3\/file\"><strong>Abdolmajid Bazdaran<\/strong>: berufst\u00e4tige Kinder<\/a><\/p>\n<p><a href=\"https:\/\/www.mediafire.com\/file\/itxmfwkgmvx8s28\/6.Amirhosein-Karimi.mp3\/file\"><strong>Amirhosein Karimi<\/strong>:\u00a0 Proteste<\/a><\/p>\n<p><a href=\"https:\/\/www.mediafire.com\/file\/vt4vykf48s2o88w\/7.Hosein-Saadati.mp3\/file\"><strong>Hosein Saadatii<\/strong>:Kultursektion: Einf\u00fchrung in das Buch des verbrechen und Strafe von: Fjodor Michailowitsch Dostojewski<\/a><\/p>\n<p><a href=\"https:\/\/www.mediafire.com\/file\/0c3uczb1hyi535e\/8.Bahs-Azad.mp3\/file\"><strong>\u00d6ffentliche Diskussion<\/strong><strong>:<\/strong>\u00a0Das Recht auf Meinungs- und\u00a0Pressefreiheit (Presse im Iran)<\/a><\/p>\n<\/div>\n<\/div>\n<\/div>\n<p>&nbsp;<\/p>\n<p>&nbsp;<\/p>\n<p>&nbsp;<\/p>\n<p>&nbsp;<\/p>\n<div id=\"post-5950\" class=\"clearfix post post-5950 type-post status-publish format-standard hentry category-allgemein item-wrap\">\n<p>&nbsp;<\/p>\n<\/div>\n","protected":false},"excerpt":{"rendered":"<p>Das Treffen des Vertreters der s\u00fcddeutschen Region fand am 26. Juni 2022 um 14:00 Uhr mitteleurop\u00e4ischer Zeit in Anwesenheit einer Gruppe von Menschenrechtsaktivisten durch den Cyberspace von Zum, YouTube und der Kanun App statt. Referenten sind: 1- Beginn der Sitzung: Karim Naseri 2-Salman Yazdanpanah: Bericht und Analyse der Menschenrechtsverletzungen im Juni 1401, 3- Davood Lotfi: &hellip; <\/p>\n<p><a class=\"more-link btn\" href=\"https:\/\/deutsch.bashariyat.org\/?p=6104\">Weiterlesen<\/a><\/p>\n","protected":false},"author":2,"featured_media":0,"comment_status":"closed","ping_status":"closed","sticky":false,"template":"","format":"standard","meta":{"footnotes":""},"categories":[1],"tags":[],"class_list":["post-6104","post","type-post","status-publish","format-standard","hentry","category-allgemein","item-wrap"],"_links":{"self":[{"href":"https:\/\/deutsch.bashariyat.org\/index.php?rest_route=\/wp\/v2\/posts\/6104","targetHints":{"allow":["GET"]}}],"collection":[{"href":"https:\/\/deutsch.bashariyat.org\/index.php?rest_route=\/wp\/v2\/posts"}],"about":[{"href":"https:\/\/deutsch.bashariyat.org\/index.php?rest_route=\/wp\/v2\/types\/post"}],"author":[{"embeddable":true,"href":"https:\/\/deutsch.bashariyat.org\/index.php?rest_route=\/wp\/v2\/users\/2"}],"replies":[{"embeddable":true,"href":"https:\/\/deutsch.bashariyat.org\/index.php?rest_route=%2Fwp%2Fv2%2Fcomments&post=6104"}],"version-history":[{"count":3,"href":"https:\/\/deutsch.bashariyat.org\/index.php?rest_route=\/wp\/v2\/posts\/6104\/revisions"}],"predecessor-version":[{"id":6270,"href":"https:\/\/deutsch.bashariyat.org\/index.php?rest_route=\/wp\/v2\/posts\/6104\/revisions\/6270"}],"wp:attachment":[{"href":"https:\/\/deutsch.bashariyat.org\/index.php?rest_route=%2Fwp%2Fv2%2Fmedia&parent=6104"}],"wp:term":[{"taxonomy":"category","embeddable":true,"href":"https:\/\/deutsch.bashariyat.org\/index.php?rest_route=%2Fwp%2Fv2%2Fcategories&post=6104"},{"taxonomy":"post_tag","embeddable":true,"href":"https:\/\/deutsch.bashariyat.org\/index.php?rest_route=%2Fwp%2Fv2%2Ftags&post=6104"}],"curies":[{"name":"wp","href":"https:\/\/api.w.org\/{rel}","templated":true}]}}