{"id":6152,"date":"2022-07-23T03:40:36","date_gmt":"2022-07-23T02:40:36","guid":{"rendered":"https:\/\/deutsch.bashariyat.org\/?p=6152"},"modified":"2022-07-23T03:41:01","modified_gmt":"2022-07-23T02:41:01","slug":"audio-sitzungsbericht-der-sitzung-des-verteidigungsausschuss-von-iranische-ethnien-und-nationen-am-09-07-2022","status":"publish","type":"post","link":"https:\/\/deutsch.bashariyat.org\/?p=6152","title":{"rendered":"Audio- sitzungsbericht der Sitzung des verteidigungsausschuss von Iranische Ethnien und Nationen am 09.07.2022"},"content":{"rendered":"<p>Die monatliche Onlinesitzung des Verteidigungsausschusses der<strong> Iranische Ethnien und Nationen fand am 09.07.2022<\/strong> in Anwesenheit von Mitgliedern\u00a0 und einer Gruppe von Menschenrechtsaktivisten und andere G\u00e4ste mit der Leitung Herr Karim Naseri im Youtube und im Zoom-Programm des Repr\u00e4sentationsraums statt.Referenten sind:1- Beginn der Sitzung: Karim Naseri, 2-Zahra Rahaee: Berichterstattung und Analyse von Verletzungen der Rechte ethnischer Gruppen und Nationen des Iran im Juni 1401, 3-Leila Aboutalebi: Internationale Konvention zur Beseitigung jeder Form von Rassendiskriminierung (Artikel 2) und ihr Vergleich mit der Verfassung der Islamischen Republik Iran 4- Sadegh Farrokhi Ghasemi: Folter und stiller Tod im Iran 5- Mostafa Haji Ghader Marhomi: Rekordverd\u00e4chtige Hinrichtungen im Juni 1401, 6-Nariman Hosseininejad: Abadan People&#8217;s Movement, 7- Offene Diskussion mit dem Thema: Sklaverei verboten.Mit der Teilnahme von: Karim Nasseri, Nariman Hosseininejad, Nasser Norouzi, Hassan Hamzehzadeh, Saeed Taif, RezaShayegan, Amin Boulevarddi. Die Kollegen, die uns bei diesem Treffen geholfen haben, sind: Der Sitzungsteilnehmer: Karim Naseri, der Sekret\u00e4r des Treffens: Nadia Musharraf, The Voice Recorder und Edith: Esfandiar Sangari, Mohammad Rasul Portendhurst, Admins: Amin Boulevarddi, Hassan Hamzehzadeh. Hobbyisten k\u00f6nnen den Audiobericht der obigen Sitzung durch die folgenden Audiodateien h\u00f6ren. Sehen Sie sich auch den Videobericht des Treffens \u00fcber den YouTube-Link an:<\/p>\n<div class=\"embed-container\"><iframe loading=\"lazy\" title=\"\u062c\u0644\u0633\u0647 \u0633\u062e\u0646\u0631\u0627\u0646\u06cc \u06a9\u0645\u06cc\u062a\u0647 \u062f\u0641\u0627\u0639 \u0627\u0632 \u062d\u0642\u0648\u0642 \u0627\u0642\u0648\u0627\u0645 \u0648 \u0645\u0644\u0644 \u0627\u06cc\u0631\u0627\u0646\u06cc\u060c \u06f9 \u062c\u0648\u0644\u0627\u06cc \u06f2\u06f0\u06f2\u06f2\" width=\"1170\" height=\"658\" src=\"https:\/\/www.youtube.com\/embed\/tfjZpmOPGnM?feature=oembed\" frameborder=\"0\" allow=\"accelerometer; autoplay; clipboard-write; encrypted-media; gyroscope; picture-in-picture; web-share\" referrerpolicy=\"strict-origin-when-cross-origin\" allowfullscreen><\/iframe><\/div>\n<p><a href=\"https:\/\/www.mediafire.com\/file\/ng2vp59t51e9t4k\/1.Start.mp3\/file\">Start: Karim Naseri<\/a><!--more--><\/p>\n<p><a href=\"https:\/\/www.mediafire.com\/file\/njfyhf24azaw087\/2.Zahra-Rahai.mp3\/file\">Zahra Rahaee: Bericht und Analyse der Verletzungen der Rechte ethnischer Gruppen und Nationen des Iran im Juni 1401<\/a><\/p>\n<p><a href=\"https:\/\/www.mediafire.com\/file\/lgkgqql5j3ov5du\/3.Lila-Aboutalebi.mp3\/file\">Leila Aboutalebi: Internationales \u00dcbereinkommen zur Beseitigung jeder Form von Rassendiskriminierung (Artikel 2) und sein Vergleich mit der Verfassung der Islamischen Republik Iran<\/a><\/p>\n<p><a href=\"https:\/\/www.mediafire.com\/file\/xraw215hvav6e0j\/4.Sadegh-Farokhi-Gasrasemi.mp3\/file\">Sadegh Farrokhi GhasrAsemi: Folter und stiller Tod im Iran<\/a><\/p>\n<p><a href=\"https:\/\/www.mediafire.com\/file\/jjftzbdrlgvx7mi\/5.Mostafa-Hajighader-Marhomi.mp3\/file\">Mostafa Haji Ghader Marhomi: Rekordverd\u00e4chtige der Hinrichtung im Juni 1401<\/a><\/p>\n<p><a href=\"https:\/\/www.mediafire.com\/file\/f514b1v3lx3yd7v\/6.Nariman-Hoseni-Nejad.mp3\/file\">Nariman Hosseininejad: Abadan Volksbewegung<\/a><\/p>\n<p><a href=\"https:\/\/www.mediafire.com\/file\/6yqwecdq23f29kx\/7.Bahs-Azad.mp3\/file\">Offene Diskussion: Zum Thema Verbotene Sklaverei<\/a><\/p>\n<p>&nbsp;<\/p>\n","protected":false},"excerpt":{"rendered":"<p>Die monatliche Onlinesitzung des Verteidigungsausschusses der Iranische Ethnien und Nationen fand am 09.07.2022 in Anwesenheit von Mitgliedern\u00a0 und einer Gruppe von Menschenrechtsaktivisten und andere G\u00e4ste mit der Leitung Herr Karim Naseri im Youtube und im Zoom-Programm des Repr\u00e4sentationsraums statt.Referenten sind:1- Beginn der Sitzung: Karim Naseri, 2-Zahra Rahaee: Berichterstattung und Analyse von Verletzungen der Rechte ethnischer &hellip; <\/p>\n<p><a class=\"more-link btn\" href=\"https:\/\/deutsch.bashariyat.org\/?p=6152\">Weiterlesen<\/a><\/p>\n","protected":false},"author":2,"featured_media":0,"comment_status":"closed","ping_status":"closed","sticky":false,"template":"","format":"standard","meta":{"footnotes":""},"categories":[1],"tags":[],"class_list":["post-6152","post","type-post","status-publish","format-standard","hentry","category-allgemein","item-wrap"],"_links":{"self":[{"href":"https:\/\/deutsch.bashariyat.org\/index.php?rest_route=\/wp\/v2\/posts\/6152","targetHints":{"allow":["GET"]}}],"collection":[{"href":"https:\/\/deutsch.bashariyat.org\/index.php?rest_route=\/wp\/v2\/posts"}],"about":[{"href":"https:\/\/deutsch.bashariyat.org\/index.php?rest_route=\/wp\/v2\/types\/post"}],"author":[{"embeddable":true,"href":"https:\/\/deutsch.bashariyat.org\/index.php?rest_route=\/wp\/v2\/users\/2"}],"replies":[{"embeddable":true,"href":"https:\/\/deutsch.bashariyat.org\/index.php?rest_route=%2Fwp%2Fv2%2Fcomments&post=6152"}],"version-history":[{"count":2,"href":"https:\/\/deutsch.bashariyat.org\/index.php?rest_route=\/wp\/v2\/posts\/6152\/revisions"}],"predecessor-version":[{"id":6154,"href":"https:\/\/deutsch.bashariyat.org\/index.php?rest_route=\/wp\/v2\/posts\/6152\/revisions\/6154"}],"wp:attachment":[{"href":"https:\/\/deutsch.bashariyat.org\/index.php?rest_route=%2Fwp%2Fv2%2Fmedia&parent=6152"}],"wp:term":[{"taxonomy":"category","embeddable":true,"href":"https:\/\/deutsch.bashariyat.org\/index.php?rest_route=%2Fwp%2Fv2%2Fcategories&post=6152"},{"taxonomy":"post_tag","embeddable":true,"href":"https:\/\/deutsch.bashariyat.org\/index.php?rest_route=%2Fwp%2Fv2%2Ftags&post=6152"}],"curies":[{"name":"wp","href":"https:\/\/api.w.org\/{rel}","templated":true}]}}