{"id":6155,"date":"2022-07-20T03:46:54","date_gmt":"2022-07-20T02:46:54","guid":{"rendered":"https:\/\/deutsch.bashariyat.org\/?p=6155"},"modified":"2022-09-05T08:15:24","modified_gmt":"2022-09-05T07:15:24","slug":"einladung-zur-setzung-des-verteidigungsausschuss-des-kinder-jugendliche-rechte-im-iran-verteidigen-am-22-juli-2022","status":"publish","type":"post","link":"https:\/\/deutsch.bashariyat.org\/?p=6155","title":{"rendered":"Einladung zur Setzung des Verteidigungsausschuss des Kinder &#038; Jugendliche-Rechte im Iran verteidigen am 22.Juli.2022"},"content":{"rendered":"<p><a href=\"https:\/\/deutsch.bashariyat.org\/?attachment_id=3690\" rel=\"attachment wp-att-3690\"><img loading=\"lazy\" decoding=\"async\" class=\"alignnone size-full wp-image-3690\" src=\"https:\/\/deutsch.bashariyat.org\/wp-content\/uploads\/2020\/11\/stempel-einladung-constanze-pro2.jpg\" alt=\"\" width=\"236\" height=\"236\" data-id=\"3690\" srcset=\"https:\/\/deutsch.bashariyat.org\/wp-content\/uploads\/2020\/11\/stempel-einladung-constanze-pro2.jpg 236w, https:\/\/deutsch.bashariyat.org\/wp-content\/uploads\/2020\/11\/stempel-einladung-constanze-pro2-150x150.jpg 150w\" sizes=\"auto, (max-width: 236px) 100vw, 236px\" \/><\/a><\/p>\n<p style=\"text-align: center;\"><span data-contrast=\"none\">Verteidigungsausschuss<\/span><span data-contrast=\"none\">\u00a0des Teenager und Kinder-Rechte\u00a0<\/span><span data-contrast=\"none\">im<\/span><span data-contrast=\"none\">\u00a0Iran\u00a0<\/span><span data-contrast=\"none\">zusammentragt<\/span><\/p>\n<p style=\"text-align: center;\">\u00a0Vortrag,\u00a0Fragen\u00a0und\u00a0Antworten,\u00a0Diskussionen<\/p>\n<p style=\"text-align: center;\"><b><span data-contrast=\"none\">Referenten<\/span><\/b><b><span data-contrast=\"none\">\u00a0und\u00a0<\/span><\/b><b><span data-contrast=\"none\">Vortr\u00e4ge<\/span><\/b><\/p>\n<p style=\"text-align: center;\">Arash Ahmadi:Bericht und Analyse von Verletzungen der Rechte von Kindern und Jugendlichen im Juli 2022<!--more--><\/p>\n<p>Shahnaz Karimzadeh:\u00dcberpr\u00fcfung des Ziels von 2 Dokumenten 2030Yonsko und im Vergleich zur Verfassung der Islamischen Republik Iran<\/p>\n<p>Zohreh Haq Ali:Kindesmisshandlung<\/p>\n<p>Hossein Moradizadeh:Kind der Consership<\/p>\n<p>Parya Torabi:Das Gl\u00fcck der Kinder<\/p>\n<p>(Austausch von Ansichten, Fragen und Antworten am Ende jedes Abschnitts)<\/p>\n<p>Freie Diskussion:Recht auf Bildung<\/p>\n<p>Schlie\u00dflich Prognose und Planung f\u00fcr die Aktivit\u00e4ten des n\u00e4chsten Monats<\/p>\n<p>Datum: Freitag 22 Juli 2022\u00a0 um 19:00 Uhr MEZ<\/p>\n<p>Ort: Through Zum cyberspace<\/p>\n<p>https:\/\/us06web.zoom.us\/j\/8057930858<\/p>\n<p>2 &#8211; YouTube Cyberspace<\/p>\n<p>https:\/\/youtube.com\/channel\/UCjDITs1AOEBapWS2enW92Ug<\/p>\n<p>3- Kanun App (direkt aus dem Fernsehen \u00fcbertragen)<\/p>\n<p>Sessionleiter: Mehdi Afsharzadeh<br \/>\nSekret\u00e4r des Treffens: Seyed Saeed Nourizadeh<br \/>\nAdministrator, Tonaufnahme- und Bearbeitungsbeh\u00f6rden: Seyed Saeed Nourizadeh, Amirhosein Karimi, Davood Vahedipour<\/p>\n<p>&nbsp;<\/p>\n<p><strong>Der \u00dcbersetzer:<\/strong><\/p>\n<p>Amirhosein Karimi<\/p>\n","protected":false},"excerpt":{"rendered":"<p>Verteidigungsausschuss\u00a0des Teenager und Kinder-Rechte\u00a0im\u00a0Iran\u00a0zusammentragt \u00a0Vortrag,\u00a0Fragen\u00a0und\u00a0Antworten,\u00a0Diskussionen Referenten\u00a0und\u00a0Vortr\u00e4ge Arash Ahmadi:Bericht und Analyse von Verletzungen der Rechte von Kindern und Jugendlichen im Juli 2022<\/p><p><a class=\"more-link btn\" href=\"https:\/\/deutsch.bashariyat.org\/?p=6155\">Weiterlesen<\/a><\/p>\n","protected":false},"author":2,"featured_media":0,"comment_status":"closed","ping_status":"closed","sticky":false,"template":"","format":"standard","meta":{"footnotes":""},"categories":[75],"tags":[],"class_list":["post-6155","post","type-post","status-publish","format-standard","hentry","category-einladung","item-wrap"],"_links":{"self":[{"href":"https:\/\/deutsch.bashariyat.org\/index.php?rest_route=\/wp\/v2\/posts\/6155","targetHints":{"allow":["GET"]}}],"collection":[{"href":"https:\/\/deutsch.bashariyat.org\/index.php?rest_route=\/wp\/v2\/posts"}],"about":[{"href":"https:\/\/deutsch.bashariyat.org\/index.php?rest_route=\/wp\/v2\/types\/post"}],"author":[{"embeddable":true,"href":"https:\/\/deutsch.bashariyat.org\/index.php?rest_route=\/wp\/v2\/users\/2"}],"replies":[{"embeddable":true,"href":"https:\/\/deutsch.bashariyat.org\/index.php?rest_route=%2Fwp%2Fv2%2Fcomments&post=6155"}],"version-history":[{"count":4,"href":"https:\/\/deutsch.bashariyat.org\/index.php?rest_route=\/wp\/v2\/posts\/6155\/revisions"}],"predecessor-version":[{"id":6315,"href":"https:\/\/deutsch.bashariyat.org\/index.php?rest_route=\/wp\/v2\/posts\/6155\/revisions\/6315"}],"wp:attachment":[{"href":"https:\/\/deutsch.bashariyat.org\/index.php?rest_route=%2Fwp%2Fv2%2Fmedia&parent=6155"}],"wp:term":[{"taxonomy":"category","embeddable":true,"href":"https:\/\/deutsch.bashariyat.org\/index.php?rest_route=%2Fwp%2Fv2%2Fcategories&post=6155"},{"taxonomy":"post_tag","embeddable":true,"href":"https:\/\/deutsch.bashariyat.org\/index.php?rest_route=%2Fwp%2Fv2%2Ftags&post=6155"}],"curies":[{"name":"wp","href":"https:\/\/api.w.org\/{rel}","templated":true}]}}