{"id":6178,"date":"2022-08-05T00:19:45","date_gmt":"2022-08-04T23:19:45","guid":{"rendered":"https:\/\/deutsch.bashariyat.org\/?p=6178"},"modified":"2022-08-05T00:19:45","modified_gmt":"2022-08-04T23:19:45","slug":"audiobericht-des-europa-repraesentation-am-10-juli-2022","status":"publish","type":"post","link":"https:\/\/deutsch.bashariyat.org\/?p=6178","title":{"rendered":"Audiobericht des Europa Repr\u00e4sentation am 10.Juli.2022"},"content":{"rendered":"<p><img loading=\"lazy\" decoding=\"async\" class=\"\" src=\"https:\/\/i0.wp.com\/bashariyat.org\/wp-content\/uploads\/2022\/07\/thumb__-11.jpg?resize=384%2C90&amp;ssl=1\" width=\"529\" height=\"124\" \/><\/p>\n<p>Der Sitzung des Europa Repr\u00e4sentation fand am Sonntag, den 10. Juli 2022, um 13:00 Uhr mitteleurop\u00e4ischer Zeit statt, an der eine Gruppe von Menschenrechtsaktivisten und anderen G\u00e4sten im Cyberspace des Zoom f\u00fcr die Verteidigung der Menschenrechte im Iran unter der Leitung von Mehrdad Yeganeh teilnahm. Referenten sind: 1- Beginn der Sitzung: Mehrdad Yeganeh 2- Nazanin Fani Bericht und Analyse der Menschenrechtsverletzungen im Juni-3- Firouzeh Dehbazorgi: Ziele von 13 UNESCO-Dokumenten 2030 und sein Vergleich mit dem islamischen Recht des Iran 4- Shahnaz Eidan: Velayat-e Faqih und Demokratie 5- Pouria Talebzadeh: Krisenmanagement und die Position der Streitkr\u00e4fte 6- Offene Diskussion am Internationalen Tag der Abschaffung der Sklaverei mit Beteiligung: Nasser Norouzi, Sanaz Tanha, Pouria Talebzadeh. Die Kollegen, die uns bei diesem Treffen geholfen haben, sind:Mehrdad Yeganeh, Sekret\u00e4r der Sitzung: Sanaz Tanha, Tonrecorder und Edith: Mohammad Hassam Fani, Amir Hossein Fanny Admins: Mehrdad Yeganeh, Mohammad Hassam Fani, Amir Hossein Fani, Enthusiasten k\u00f6nnen den Audiobericht der obigen Sitzung durch die folgenden Audiodateien h\u00f6ren.<\/p>\n<p><a href=\"https:\/\/www.mediafire.com\/file\/3m97uwdw0x3du94\/1.start.mp3\/file\">Beginn der Sitzung: Mehrdad Yeganeh<\/a><!--more--><\/p>\n<p><a href=\"https:\/\/www.mediafire.com\/file\/z80d6u4wt3g8jrb\/2.Nazenin-Fani.mp3\/file\">Nazanin Fani: Bericht und Analyse der Menschenrechtsverletzungen im Juni 1401<\/a><\/p>\n<p><a href=\"https:\/\/www.mediafire.com\/file\/rxsqw9vq2x744mg\/3.Firozeh-dehbozorgi.mp3\/file\">Firoozeh Dehbazorgi: Ein R\u00fcckblick auf das Ziel von 13 UNESCO-Dokumenten 2030 und dessen Vergleich mit der Verfassung der Islamischen Republik Iran<\/a><\/p>\n<p><a href=\"https:\/\/www.mediafire.com\/file\/9zjuo08ohylo6qy\/4.Shahnaz-Eidan.mp3\/file\">Shahnaz Eidan: Velayat-e Faqih und die Demokratie<\/a><\/p>\n<p><a href=\"https:\/\/www.mediafire.com\/file\/vk6mdhnrj7w8aer\/5.Pouria-Talebzadeh.mp3\/file\">Pouria Talebzadeh: Krisenmanagement und die Position der Streitkr\u00e4fte<\/a><\/p>\n<p><a href=\"https:\/\/www.mediafire.com\/file\/tu8qwbnd348ewml\/6.Bahs-Azad.mp3\/file\">Offene Debatte: Internationaler Tag f\u00fcr die Abschaffung der Sklaverei<\/a><\/p>\n","protected":false},"excerpt":{"rendered":"<p>Der Sitzung des Europa Repr\u00e4sentation fand am Sonntag, den 10. Juli 2022, um 13:00 Uhr mitteleurop\u00e4ischer Zeit statt, an der eine Gruppe von Menschenrechtsaktivisten und anderen G\u00e4sten im Cyberspace des Zoom f\u00fcr die Verteidigung der Menschenrechte im Iran unter der Leitung von Mehrdad Yeganeh teilnahm. Referenten sind: 1- Beginn der Sitzung: Mehrdad Yeganeh 2- Nazanin &hellip; <\/p>\n<p><a class=\"more-link btn\" href=\"https:\/\/deutsch.bashariyat.org\/?p=6178\">Weiterlesen<\/a><\/p>\n","protected":false},"author":2,"featured_media":0,"comment_status":"closed","ping_status":"closed","sticky":false,"template":"","format":"standard","meta":{"footnotes":""},"categories":[1],"tags":[],"class_list":["post-6178","post","type-post","status-publish","format-standard","hentry","category-allgemein","item-wrap"],"_links":{"self":[{"href":"https:\/\/deutsch.bashariyat.org\/index.php?rest_route=\/wp\/v2\/posts\/6178","targetHints":{"allow":["GET"]}}],"collection":[{"href":"https:\/\/deutsch.bashariyat.org\/index.php?rest_route=\/wp\/v2\/posts"}],"about":[{"href":"https:\/\/deutsch.bashariyat.org\/index.php?rest_route=\/wp\/v2\/types\/post"}],"author":[{"embeddable":true,"href":"https:\/\/deutsch.bashariyat.org\/index.php?rest_route=\/wp\/v2\/users\/2"}],"replies":[{"embeddable":true,"href":"https:\/\/deutsch.bashariyat.org\/index.php?rest_route=%2Fwp%2Fv2%2Fcomments&post=6178"}],"version-history":[{"count":1,"href":"https:\/\/deutsch.bashariyat.org\/index.php?rest_route=\/wp\/v2\/posts\/6178\/revisions"}],"predecessor-version":[{"id":6179,"href":"https:\/\/deutsch.bashariyat.org\/index.php?rest_route=\/wp\/v2\/posts\/6178\/revisions\/6179"}],"wp:attachment":[{"href":"https:\/\/deutsch.bashariyat.org\/index.php?rest_route=%2Fwp%2Fv2%2Fmedia&parent=6178"}],"wp:term":[{"taxonomy":"category","embeddable":true,"href":"https:\/\/deutsch.bashariyat.org\/index.php?rest_route=%2Fwp%2Fv2%2Fcategories&post=6178"},{"taxonomy":"post_tag","embeddable":true,"href":"https:\/\/deutsch.bashariyat.org\/index.php?rest_route=%2Fwp%2Fv2%2Ftags&post=6178"}],"curies":[{"name":"wp","href":"https:\/\/api.w.org\/{rel}","templated":true}]}}