{"id":6216,"date":"2022-09-04T14:11:54","date_gmt":"2022-09-04T13:11:54","guid":{"rendered":"https:\/\/deutsch.bashariyat.org\/?p=6216"},"modified":"2022-09-05T00:25:28","modified_gmt":"2022-09-04T23:25:28","slug":"rufen-sie-zu-einer-redesitzung-des-komitees-zur-verteidigung-der-rechte-der-iranischen-nationen-und-nationen-am-13-august-2022-auf","status":"publish","type":"post","link":"https:\/\/deutsch.bashariyat.org\/?p=6216","title":{"rendered":"Rufen Sie zu einer Redesitzung des Komitees zur Verteidigung der Rechte der iranischen Nationen und Nationen am 13. August 2022 auf"},"content":{"rendered":"<p><a href=\"https:\/\/deutsch.bashariyat.org\/?attachment_id=3690\" rel=\"attachment wp-att-3690\"><img loading=\"lazy\" decoding=\"async\" class=\"alignnone size-full wp-image-3690\" src=\"https:\/\/deutsch.bashariyat.org\/wp-content\/uploads\/2020\/11\/stempel-einladung-constanze-pro2.jpg\" sizes=\"auto, (max-width: 236px) 100vw, 236px\" srcset=\"https:\/\/deutsch.bashariyat.org\/wp-content\/uploads\/2020\/11\/stempel-einladung-constanze-pro2.jpg 236w, https:\/\/deutsch.bashariyat.org\/wp-content\/uploads\/2020\/11\/stempel-einladung-constanze-pro2-150x150.jpg 150w\" alt=\"\" width=\"236\" height=\"236\" data-id=\"3690\" \/><\/a><\/p>\n<p style=\"text-align: center;\">Verteidigungsausschuss\u00a0der Ethnie und Nation-Rechte\u00a0zusammentragt<\/p>\n<p style=\"text-align: center;\">Vortrag,\u00a0Fragen\u00a0und\u00a0Antworten,\u00a0Diskussionen\u00a0und\u00a0Unterhalten<\/p>\n<p style=\"text-align: center;\"><strong>Referenten\u00a0und\u00a0Vortr\u00e4ge<\/strong><\/p>\n<p style=\"text-align: center;\"><strong>Ausschuss zur Verteidigung der Rechte der iranischen ethnischen und V\u00f6lker am<\/strong><strong> 13<\/strong><strong>.<\/strong><strong>08<\/strong><strong>.2022 um 14:00 Uhr mitteleurop\u00e4ischer Zeit mit Ihrer Teilnahme und Anwesenheit wird es gehalten, um die Unschuld der iranischen ethnischen Gruppen zu verteidigen.<\/strong><span id=\"more-6083\"><\/span><!--more--><\/p>\n<p>Hassan Hamzezadeh: <strong><span class=\"goog-text-highlight\">Bericht und Analyse von Verletzungen der Rechte iranischer V\u00f6lker und Nationen im Juli 2022<\/span><\/strong><\/p>\n<p>Zahra Rahai: <strong><span class=\"\">Internationales \u00dcbereinkommen zur Beseitigung jeder Art von Rassendiskriminierung (Artikel 3 und 4) und vergleicht sie mit der Verfassung der Islamischen Republik Iran<\/span><\/strong><\/p>\n<p>Parisa Nikunam Nizami: <strong>Gefangene, die auf ihre Hinrichtung warten<\/strong><\/p>\n<p>Reza Shaygan: <strong>Einen V\u00f6lkermord nacherz\u00e4hlen<\/strong><\/p>\n<p>Mylad Peresani: <strong><span class=\"\">Qalkhani-Stamm und die Islamische Republik Iran<\/span><\/strong><\/p>\n<p>\u00d6ffentliche Diskussion: <b>Kultur und Zivilisation der iranischen V\u00f6lker, erster Teil (Baloch)<\/b><\/p>\n<p><strong>Zeit : Samstag\u00a0<\/strong><strong>13<\/strong><strong>.<\/strong><strong>08<\/strong><strong>.2022 um 14:00 Uhr<\/strong><\/p>\n<ul>\n<li><strong>Veranstaltungsort:<\/strong><\/li>\n<\/ul>\n<ol>\n<li><strong>ZOOM :\u00a0<\/strong><a href=\"https:\/\/zoom.us\/j\/8057930858?pwd=b2RQaXNlWTBQejlLc1RjVkRmd3dPUT09\"><strong>Klicken Sie hier<\/strong><\/a><\/li>\n<\/ol>\n<ol>\n<li><strong>YouTube :<\/strong><a href=\"https:\/\/www.youtube.com\/channel\/UCcEgwhyDjX8eJAgN0KgEoMw\"><strong>Klicken Sie hier<\/strong><\/a><\/li>\n<li><strong>App ( Direkt aus dem Fernsehen ausgestrahlt )<\/strong><\/li>\n<\/ol>\n<p>&nbsp;<\/p>\n<p><strong>Unsere Kollegen und Aktivisten, die uns bei\u00a0diesem\u00a0Treffen\u00a0helfen:<\/strong><\/p>\n<p>Verantwortlich des Mitgliederversammlung: Amin Belwardi\u00a0Bahman<\/p>\n<p>Sekret\u00e4r der Sitzung : Karim Naseri<\/p>\n<p>Tongestaltung:\u00a0\u00a0, <span class=\"s2\"><span class=\"goog-text-highlight\">Mohammad<\/span><\/span><span class=\"goog-text-highlight\">\u00a0Rasul Portandrest, Esfandiar Sangri<\/span><\/p>\n<p>Admins : <span class=\"s2\"><span class=\"\">Leila<\/span><\/span><span class=\"\">\u00a0Abutalebi\u00a0<\/span><span class=\"s7\"><span class=\"\">Adergani, Nariman Hosseininejad<\/span><\/span><\/p>\n<p>&nbsp;<\/p>\n<p><strong>Der \u00dcbersetzer:<\/strong><\/p>\n<p>Amirhosein Karimi<\/p>\n","protected":false},"excerpt":{"rendered":"<p>Verteidigungsausschuss\u00a0der Ethnie und Nation-Rechte\u00a0zusammentragt Vortrag,\u00a0Fragen\u00a0und\u00a0Antworten,\u00a0Diskussionen\u00a0und\u00a0Unterhalten Referenten\u00a0und\u00a0Vortr\u00e4ge Ausschuss zur Verteidigung der Rechte der iranischen ethnischen und V\u00f6lker am 13.08.2022 um 14:00 Uhr mitteleurop\u00e4ischer Zeit mit Ihrer Teilnahme und Anwesenheit wird es gehalten, um die Unschuld der iranischen ethnischen Gruppen zu verteidigen.<\/p><p><a class=\"more-link btn\" href=\"https:\/\/deutsch.bashariyat.org\/?p=6216\">Weiterlesen<\/a><\/p>\n","protected":false},"author":2,"featured_media":0,"comment_status":"closed","ping_status":"closed","sticky":false,"template":"","format":"standard","meta":{"footnotes":""},"categories":[1],"tags":[],"class_list":["post-6216","post","type-post","status-publish","format-standard","hentry","category-allgemein","item-wrap"],"_links":{"self":[{"href":"https:\/\/deutsch.bashariyat.org\/index.php?rest_route=\/wp\/v2\/posts\/6216","targetHints":{"allow":["GET"]}}],"collection":[{"href":"https:\/\/deutsch.bashariyat.org\/index.php?rest_route=\/wp\/v2\/posts"}],"about":[{"href":"https:\/\/deutsch.bashariyat.org\/index.php?rest_route=\/wp\/v2\/types\/post"}],"author":[{"embeddable":true,"href":"https:\/\/deutsch.bashariyat.org\/index.php?rest_route=\/wp\/v2\/users\/2"}],"replies":[{"embeddable":true,"href":"https:\/\/deutsch.bashariyat.org\/index.php?rest_route=%2Fwp%2Fv2%2Fcomments&post=6216"}],"version-history":[{"count":2,"href":"https:\/\/deutsch.bashariyat.org\/index.php?rest_route=\/wp\/v2\/posts\/6216\/revisions"}],"predecessor-version":[{"id":6309,"href":"https:\/\/deutsch.bashariyat.org\/index.php?rest_route=\/wp\/v2\/posts\/6216\/revisions\/6309"}],"wp:attachment":[{"href":"https:\/\/deutsch.bashariyat.org\/index.php?rest_route=%2Fwp%2Fv2%2Fmedia&parent=6216"}],"wp:term":[{"taxonomy":"category","embeddable":true,"href":"https:\/\/deutsch.bashariyat.org\/index.php?rest_route=%2Fwp%2Fv2%2Fcategories&post=6216"},{"taxonomy":"post_tag","embeddable":true,"href":"https:\/\/deutsch.bashariyat.org\/index.php?rest_route=%2Fwp%2Fv2%2Ftags&post=6216"}],"curies":[{"name":"wp","href":"https:\/\/api.w.org\/{rel}","templated":true}]}}