{"id":6246,"date":"2022-09-04T15:55:23","date_gmt":"2022-09-04T14:55:23","guid":{"rendered":"https:\/\/deutsch.bashariyat.org\/?p=6246"},"modified":"2022-09-05T00:23:04","modified_gmt":"2022-09-04T23:23:04","slug":"einladung-zu-einer-redesitzung-des-komitees-zur-verteidigung-der-jugend-und-studentenrechte-am-21-august-2022","status":"publish","type":"post","link":"https:\/\/deutsch.bashariyat.org\/?p=6246","title":{"rendered":"Einladung zu einer Redesitzung des Komitees zur Verteidigung der Jugend- und Studentenrechte am 21. August 2022"},"content":{"rendered":"<p><a href=\"https:\/\/deutsch.bashariyat.org\/?attachment_id=3690\" rel=\"attachment wp-att-3690\"><img loading=\"lazy\" decoding=\"async\" class=\"alignnone size-full wp-image-3690\" src=\"https:\/\/deutsch.bashariyat.org\/wp-content\/uploads\/2020\/11\/stempel-einladung-constanze-pro2.jpg\" sizes=\"auto, (max-width: 236px) 100vw, 236px\" srcset=\"https:\/\/deutsch.bashariyat.org\/wp-content\/uploads\/2020\/11\/stempel-einladung-constanze-pro2.jpg 236w, https:\/\/deutsch.bashariyat.org\/wp-content\/uploads\/2020\/11\/stempel-einladung-constanze-pro2-150x150.jpg 150w\" alt=\"\" width=\"236\" height=\"236\" data-id=\"3690\" \/><\/a><\/p>\n<p style=\"text-align: center;\">Wir versammeln uns f\u00fcr einen bewusste und freie Iraner<\/p>\n<p style=\"text-align: center;\"><strong>Eine Bewegung f\u00fcr Bewusstsein und Gerechtigkeit im Iran<\/strong><\/p>\n<p style=\"text-align: center;\"><strong>Vortrag, Fragen und Antworten, Diskussionen und Unterhalten<\/strong><\/p>\n<p style=\"text-align: center;\"><strong>Referenten und das Thema der Vortr\u00e4ge<\/strong><strong>:<\/strong><\/p>\n<p>&nbsp;<\/p>\n<p>Mustafa Moniri : <strong><span class=\"\">Bericht und Analyse von Verletzungen der Rechte von Jugendlichen und Studenten im August 2022<\/span><\/strong><\/p>\n<p>Mehdi Afsharzadeh: <strong><span class=\"\">Pr\u00fcfung des Gesetzes, das es der iranischen Regierung erm\u00f6glicht, den internationalen Abkommen von Paris und Genf beizutreten \u00dcber die Verhinderung kriminellen Verhaltens gegen\u00fcber Frauen und Kindern und vergleicht sie mit der Verfassung der Islamischen Republik Iran<\/span><\/strong><\/p>\n<p>Mahnaz Torabi : <strong>Die Bedeutung des Gl\u00fccks in der Jugend<\/strong><\/p>\n<p>S<span class=\"s2\"><span class=\"\">etara<\/span><\/span><span class=\"\">\u00a0Dejam<\/span> :<strong>Internationaler Jugendtag (iranische Jugend)<\/strong><\/p>\n<p>Niloufer Jalili: <strong>Das Internet und seine Auswirkungen auf das Leben junger Menschen<\/strong><\/p>\n<p>\u00d6ffentliche Diskussion: <b>Nichteinmischung in pers\u00f6nliche Angelegenheiten<\/b><\/p>\n<p><strong>Zeit:\u00a0<\/strong>Sonntag, 21.08.2022, um 16:00 Uhr MEZ<\/p>\n<p><strong>Veranstaltungsort<\/strong><strong>:<\/strong><\/p>\n<ol>\n<li>ZOOM :<a href=\"https:\/\/zoom.us\/j\/8057930858?pwd=OTB2U2xEYkd3UlgxRUY5WG43ZlM5dz09\">Klicken Sie hier<\/a><\/li>\n<li>YouTube :<a href=\"https:\/\/www.youtube.com\/channel\/UCcEgwhyDjX8eJAgN0KgEoMw\">Klicken Sie hier<\/a><\/li>\n<li>App<\/li>\n<\/ol>\n<p>&nbsp;<\/p>\n<p>Unsere Kollegen und Aktivisten, die uns bei diesem Treffen helfen<\/p>\n<p><strong>Verantwortlich f\u00fcr die Sitzung:<\/strong> Samaneh Birjandi<\/p>\n<p><strong>Sekret\u00e4r\/in der Sitzung: <\/strong>Mostafa Mouniri<\/p>\n<p><strong>Tonaufnahme:<\/strong> <span class=\"s2\"><span class=\"\">Ehsan<\/span><\/span><span class=\"\">\u00a0Ahmadikhah, Mostafa Mouniri<\/span><\/p>\n<p><strong>Admins: <\/strong>S<span class=\"s2\"><span class=\"\">etara<\/span><\/span><span class=\"\">\u00a0Dejam, Ehsan Ahmadikhah, Parisa Sakhai<\/span><\/p>\n<p>&nbsp;<\/p>\n<p style=\"text-align: center;\"><strong>Vereinigung zur Verteidigung der Menschenrechte im Iran<\/strong><\/p>\n<p style=\"text-align: center;\"><strong>Ausschuss f\u00fcr die Jugend-und Studienverteidigung\u00a0<\/strong><\/p>\n<p>&nbsp;<\/p>\n<p><strong>Der \u00dcbersetzer:<\/strong><\/p>\n<p>Amirhosein Karimi<\/p>\n","protected":false},"excerpt":{"rendered":"<p>Wir versammeln uns f\u00fcr einen bewusste und freie Iraner Eine Bewegung f\u00fcr Bewusstsein und Gerechtigkeit im Iran Vortrag, Fragen und Antworten, Diskussionen und Unterhalten Referenten und das Thema der Vortr\u00e4ge: &nbsp; Mustafa Moniri : Bericht und Analyse von Verletzungen der Rechte von Jugendlichen und Studenten im August 2022 Mehdi Afsharzadeh: Pr\u00fcfung des Gesetzes, das es &hellip; <\/p>\n<p><a class=\"more-link btn\" href=\"https:\/\/deutsch.bashariyat.org\/?p=6246\">Weiterlesen<\/a><\/p>\n","protected":false},"author":2,"featured_media":0,"comment_status":"closed","ping_status":"closed","sticky":false,"template":"","format":"standard","meta":{"footnotes":""},"categories":[1],"tags":[],"class_list":["post-6246","post","type-post","status-publish","format-standard","hentry","category-allgemein","item-wrap"],"_links":{"self":[{"href":"https:\/\/deutsch.bashariyat.org\/index.php?rest_route=\/wp\/v2\/posts\/6246","targetHints":{"allow":["GET"]}}],"collection":[{"href":"https:\/\/deutsch.bashariyat.org\/index.php?rest_route=\/wp\/v2\/posts"}],"about":[{"href":"https:\/\/deutsch.bashariyat.org\/index.php?rest_route=\/wp\/v2\/types\/post"}],"author":[{"embeddable":true,"href":"https:\/\/deutsch.bashariyat.org\/index.php?rest_route=\/wp\/v2\/users\/2"}],"replies":[{"embeddable":true,"href":"https:\/\/deutsch.bashariyat.org\/index.php?rest_route=%2Fwp%2Fv2%2Fcomments&post=6246"}],"version-history":[{"count":2,"href":"https:\/\/deutsch.bashariyat.org\/index.php?rest_route=\/wp\/v2\/posts\/6246\/revisions"}],"predecessor-version":[{"id":6303,"href":"https:\/\/deutsch.bashariyat.org\/index.php?rest_route=\/wp\/v2\/posts\/6246\/revisions\/6303"}],"wp:attachment":[{"href":"https:\/\/deutsch.bashariyat.org\/index.php?rest_route=%2Fwp%2Fv2%2Fmedia&parent=6246"}],"wp:term":[{"taxonomy":"category","embeddable":true,"href":"https:\/\/deutsch.bashariyat.org\/index.php?rest_route=%2Fwp%2Fv2%2Fcategories&post=6246"},{"taxonomy":"post_tag","embeddable":true,"href":"https:\/\/deutsch.bashariyat.org\/index.php?rest_route=%2Fwp%2Fv2%2Ftags&post=6246"}],"curies":[{"name":"wp","href":"https:\/\/api.w.org\/{rel}","templated":true}]}}