{"id":6260,"date":"2022-09-04T16:18:17","date_gmt":"2022-09-04T15:18:17","guid":{"rendered":"https:\/\/deutsch.bashariyat.org\/?p=6260"},"modified":"2022-09-04T16:18:17","modified_gmt":"2022-09-04T15:18:17","slug":"audio-und-videobericht-des-vertreters-der-region-sueddeutschland-17-august-2022","status":"publish","type":"post","link":"https:\/\/deutsch.bashariyat.org\/?p=6260","title":{"rendered":"Audio- und Videobericht des Vertreters der Region S\u00fcddeutschland, 17. August 2022"},"content":{"rendered":"<p style=\"text-align: justify;\"><span>Die Sondersitzung der Rede des Vertreters S\u00fcddeutschlands, Mittwoch, 17. August 2022 um 17:00 Uhr mitteleurop\u00e4ischer Zeit, in Anwesenheit einer Gruppe von Menschenrechtlern und weiteren G\u00e4sten zum Thema Meinungs- und Pressefreiheit , \u00fcber den virtuellen Raum von Zoom, YouTube und die Kanon-Anwendung, verwaltet von Amirhosein Karimi, stattfand. 1) Beginn des Treffens: Amir Hossein Karimi, 2) Die Gastredner des Treffens Herr Manouchehr Shafai, unter Beteiligung von: Mohsen Sabzian, Ehsan Ahmadikhah, Reza Shaygan, Samaneh Birjandi, Mehrdadiganeh, Mostafa Moniri, Saeed Taif, Majid Bazdaran, Kollegen, die uns bei diesem Treffen geholfen haben.\u00a0Diese sind: der Leiter des Treffens: Amirhossein Karimi, der Sekret\u00e4r des Treffens: Abdul Majid Bazdaran, Schnitt und Tonaufnahme: Ehsan Ahmadikhah, Samaneh Birjandi, die Administratoren: Mohsen Sabzian, Hassan Hamzazadeh.\u00a0Interessierte k\u00f6nnen die Audioberichte der oben genannten Sitzung \u00fcber die Audiodateien anh\u00f6ren.\u00a0Sehen Sie sich auch den Videobericht des Treffens \u00fcber den YouTube-Link an:<\/span><\/p>\n<div class=\"embed-container\"><iframe loading=\"lazy\" title=\"\u062c\u0644\u0633\u0647 \u0648\u06cc\u0698\u0647 \u0633\u062e\u0646\u0631\u0627\u0646\u06cc \u0646\u0645\u0627\u06cc\u0646\u062f\u06af\u06cc \u0645\u0646\u0637\u0642\u0647 \u062c\u0646\u0648\u0628 \u0622\u0644\u0645\u0627\u0646\u060c \u06f1\u06f7 \u0622\u06af\u0648\u0633\u062a \u06f2\u06f0\u06f2\u06f2\" width=\"1170\" height=\"658\" src=\"https:\/\/www.youtube.com\/embed\/fdK5NmeT5QE?feature=oembed\" frameborder=\"0\" allow=\"accelerometer; autoplay; clipboard-write; encrypted-media; gyroscope; picture-in-picture; web-share\" referrerpolicy=\"strict-origin-when-cross-origin\" allowfullscreen><\/iframe><\/div>\n<p><!--more--><\/p>\n<p><a href=\"https:\/\/bashariyat.org\/cloudspot\/blog\/ms-music\/%DA%AF%D8%B2%D8%A7%D8%B1%D8%B4-%D8%B5%D9%88%D8%AA%DB%8C-%D9%88-%D8%AA%D8%B5%D9%88%DB%8C%D8%B1%DB%8C-%D9%86%D9%85%D8%A7%DB%8C%D9%86%D8%AF%DA%AF%DB%8C-%D9%85%D9%86%D8%B7%D9%82%D9%87-%D8%AC%D9%86%D9%88\/\"><span>Beginn des Treffens: Amirhosein Karimi<\/span><\/a><\/p>\n<p><a href=\"https:\/\/bashariyat.org\/cloudspot\/blog\/ms-music\/%DA%AF%D8%B2%D8%A7%D8%B1%D8%B4-%D8%B5%D9%88%D8%AA%DB%8C-%D9%88-%D8%AA%D8%B5%D9%88%DB%8C%D8%B1%DB%8C-%D9%86%D9%85%D8%A7%DB%8C%D9%86%D8%AF%DA%AF%DB%8C-%D9%85%D9%86%D8%B7%D9%82%D9%87-%D8%AC%D9%86%D9%88-2\/\"><span>Manouchehr Shafaei: Die Geschichte der Meinungs- und Pressefreiheit von der Verfassung bis zur Islamischen Republik Iran<\/span><\/a><\/p>\n<p><a href=\"https:\/\/bashariyat.org\/cloudspot\/blog\/ms-music\/%DA%AF%D8%B2%D8%A7%D8%B1%D8%B4-%D8%B5%D9%88%D8%AA%DB%8C-%D9%88-%D8%AA%D8%B5%D9%88%DB%8C%D8%B1%DB%8C-%D9%86%D9%85%D8%A7%DB%8C%D9%86%D8%AF%DA%AF%DB%8C-%D9%85%D9%86%D8%B7%D9%82%D9%87-%D8%AC%D9%86%D9%88-3\/\"><span>Manouchehr Shafaei: Vergleich des Presserechts in der Pahlavi-Zeit und der Islamischen Republik Iran<\/span><\/a><\/p>\n<p><a href=\"https:\/\/bashariyat.org\/cloudspot\/blog\/ms-music\/%DA%AF%D8%B2%D8%A7%D8%B1%D8%B4-%D8%B5%D9%88%D8%AA%DB%8C-%D9%88-%D8%AA%D8%B5%D9%88%DB%8C%D8%B1%DB%8C-%D9%86%D9%85%D8%A7%DB%8C%D9%86%D8%AF%DA%AF%DB%8C-%D9%85%D9%86%D8%B7%D9%82%D9%87-%D8%AC%D9%86%D9%88-4\/\"><span>Manouchehrshafaei: Meinungsfreiheit und Selbstzensur<\/span><\/a><\/p>\n<p><a href=\"https:\/\/bashariyat.org\/cloudspot\/blog\/ms-music\/%DA%AF%D8%B2%D8%A7%D8%B1%D8%B4-%D8%B5%D9%88%D8%AA%DB%8C-%D9%88-%D8%AA%D8%B5%D9%88%DB%8C%D8%B1%DB%8C-%D9%86%D9%85%D8%A7%DB%8C%D9%86%D8%AF%DA%AF%DB%8C-%D9%85%D9%86%D8%B7%D9%82%D9%87-%D8%AC%D9%86%D9%88-5\/\"><span>Manouchehrshafaei: Ist die Meinungsfreiheit eingeschr\u00e4nkt?<\/span><\/a><\/p>\n","protected":false},"excerpt":{"rendered":"<p>Die Sondersitzung der Rede des Vertreters S\u00fcddeutschlands, Mittwoch, 17. August 2022 um 17:00 Uhr mitteleurop\u00e4ischer Zeit, in Anwesenheit einer Gruppe von Menschenrechtlern und weiteren G\u00e4sten zum Thema Meinungs- und Pressefreiheit , \u00fcber den virtuellen Raum von Zoom, YouTube und die Kanon-Anwendung, verwaltet von Amirhosein Karimi, stattfand. 1) Beginn des Treffens: Amir Hossein Karimi, 2) Die &hellip; <\/p>\n<p><a class=\"more-link btn\" href=\"https:\/\/deutsch.bashariyat.org\/?p=6260\">Weiterlesen<\/a><\/p>\n","protected":false},"author":2,"featured_media":0,"comment_status":"closed","ping_status":"closed","sticky":false,"template":"","format":"standard","meta":{"footnotes":""},"categories":[1],"tags":[],"class_list":["post-6260","post","type-post","status-publish","format-standard","hentry","category-allgemein","item-wrap"],"_links":{"self":[{"href":"https:\/\/deutsch.bashariyat.org\/index.php?rest_route=\/wp\/v2\/posts\/6260","targetHints":{"allow":["GET"]}}],"collection":[{"href":"https:\/\/deutsch.bashariyat.org\/index.php?rest_route=\/wp\/v2\/posts"}],"about":[{"href":"https:\/\/deutsch.bashariyat.org\/index.php?rest_route=\/wp\/v2\/types\/post"}],"author":[{"embeddable":true,"href":"https:\/\/deutsch.bashariyat.org\/index.php?rest_route=\/wp\/v2\/users\/2"}],"replies":[{"embeddable":true,"href":"https:\/\/deutsch.bashariyat.org\/index.php?rest_route=%2Fwp%2Fv2%2Fcomments&post=6260"}],"version-history":[{"count":1,"href":"https:\/\/deutsch.bashariyat.org\/index.php?rest_route=\/wp\/v2\/posts\/6260\/revisions"}],"predecessor-version":[{"id":6261,"href":"https:\/\/deutsch.bashariyat.org\/index.php?rest_route=\/wp\/v2\/posts\/6260\/revisions\/6261"}],"wp:attachment":[{"href":"https:\/\/deutsch.bashariyat.org\/index.php?rest_route=%2Fwp%2Fv2%2Fmedia&parent=6260"}],"wp:term":[{"taxonomy":"category","embeddable":true,"href":"https:\/\/deutsch.bashariyat.org\/index.php?rest_route=%2Fwp%2Fv2%2Fcategories&post=6260"},{"taxonomy":"post_tag","embeddable":true,"href":"https:\/\/deutsch.bashariyat.org\/index.php?rest_route=%2Fwp%2Fv2%2Ftags&post=6260"}],"curies":[{"name":"wp","href":"https:\/\/api.w.org\/{rel}","templated":true}]}}