{"id":6312,"date":"2022-09-05T08:38:51","date_gmt":"2022-09-05T07:38:51","guid":{"rendered":"https:\/\/deutsch.bashariyat.org\/?p=6312"},"modified":"2022-09-05T08:38:51","modified_gmt":"2022-09-05T07:38:51","slug":"video-clip-ankuendigung-1462-ist-es-moeglich-im-iran-rechte-einzufordern-und-die-regierung-und-die-staatsmaenner-zu-kritisieren","status":"publish","type":"post","link":"https:\/\/deutsch.bashariyat.org\/?p=6312","title":{"rendered":"Video Clip: Ank\u00fcndigung 1462, Ist es m\u00f6glich, im Iran Rechte einzufordern und die Regierung und die Staatsm\u00e4nner zu kritisieren?"},"content":{"rendered":"<p><span><span class=\"goog-text-highlight\">In Anbetracht der weit verbreiteten Welle von Repression, Folter, langj\u00e4hriger Inhaftierung und sogar Hinrichtung von Kritikern und Demonstranten gegen die Verletzung des Rechts auf Meinungs- und Meinungsfreiheit und die chaotischen Zust\u00e4nde des Landes aufgrund der F\u00fchrung des F\u00fchrers und der Beamten des Islamische Republik Iran, wir Menschenrechtler, die Gewalt der Regierung der Islamischen Republik Iran Wir verurteilen den Iran mit Kritikern und Demonstranten und fordern die \u00dcberwachung des iranischen Justizsystems und die Beendigung ihres Zwangs- und Gewalthandelns.<\/span><\/span><\/p>\n<p><span>Das Zentrum zur Verteidigung der Menschenrechte im Iran, das die Region S\u00fcddeutschland vertritt<\/span><\/p>\n<p><span>Vorbereitet und herausgegeben von Shahla Shahsavani<\/span><\/p>\n<p><span>Redner: Amirhosein Karimi, Zahra Rahai, Shahla Shahsavani<\/span><\/p>\n<div class=\"embed-container\"><iframe loading=\"lazy\" title=\"\u0622\u06cc\u0627 \u0627\u0645\u06a9\u0627\u0646 \u062d\u0642 \u0637\u0644\u0628\u06cc \u0648 \u0627\u0646\u062a\u0642\u0627\u062f \u0627\u0632 \u062f\u0648\u0644\u062a \u0648 \u062f\u0648\u0644\u062a\u0645\u0631\u062f\u0627\u0646 \u062f\u0631 \u0627\u06cc\u0631\u0627\u0646 \u0648\u062c\u0648\u062f \u062f\u0627\u0631\u062f\u061f \u0627\u0637\u0644\u0627\u0639\u06cc\u0647 \u06f1\u06f4\u06f6\u06f2\" width=\"1170\" height=\"658\" src=\"https:\/\/www.youtube.com\/embed\/kTOPEqYk0T8?feature=oembed\" frameborder=\"0\" allow=\"accelerometer; autoplay; clipboard-write; encrypted-media; gyroscope; picture-in-picture; web-share\" referrerpolicy=\"strict-origin-when-cross-origin\" allowfullscreen><\/iframe><\/div>\n","protected":false},"excerpt":{"rendered":"<p>In Anbetracht der weit verbreiteten Welle von Repression, Folter, langj\u00e4hriger Inhaftierung und sogar Hinrichtung von Kritikern und Demonstranten gegen die Verletzung des Rechts auf Meinungs- und Meinungsfreiheit und die chaotischen Zust\u00e4nde des Landes aufgrund der F\u00fchrung des F\u00fchrers und der Beamten des Islamische Republik Iran, wir Menschenrechtler, die Gewalt der Regierung der Islamischen Republik Iran &hellip; <\/p>\n<p><a class=\"more-link btn\" href=\"https:\/\/deutsch.bashariyat.org\/?p=6312\">Weiterlesen<\/a><\/p>\n","protected":false},"author":2,"featured_media":0,"comment_status":"closed","ping_status":"closed","sticky":false,"template":"","format":"standard","meta":{"footnotes":""},"categories":[1],"tags":[],"class_list":["post-6312","post","type-post","status-publish","format-standard","hentry","category-allgemein","item-wrap"],"_links":{"self":[{"href":"https:\/\/deutsch.bashariyat.org\/index.php?rest_route=\/wp\/v2\/posts\/6312","targetHints":{"allow":["GET"]}}],"collection":[{"href":"https:\/\/deutsch.bashariyat.org\/index.php?rest_route=\/wp\/v2\/posts"}],"about":[{"href":"https:\/\/deutsch.bashariyat.org\/index.php?rest_route=\/wp\/v2\/types\/post"}],"author":[{"embeddable":true,"href":"https:\/\/deutsch.bashariyat.org\/index.php?rest_route=\/wp\/v2\/users\/2"}],"replies":[{"embeddable":true,"href":"https:\/\/deutsch.bashariyat.org\/index.php?rest_route=%2Fwp%2Fv2%2Fcomments&post=6312"}],"version-history":[{"count":1,"href":"https:\/\/deutsch.bashariyat.org\/index.php?rest_route=\/wp\/v2\/posts\/6312\/revisions"}],"predecessor-version":[{"id":6329,"href":"https:\/\/deutsch.bashariyat.org\/index.php?rest_route=\/wp\/v2\/posts\/6312\/revisions\/6329"}],"wp:attachment":[{"href":"https:\/\/deutsch.bashariyat.org\/index.php?rest_route=%2Fwp%2Fv2%2Fmedia&parent=6312"}],"wp:term":[{"taxonomy":"category","embeddable":true,"href":"https:\/\/deutsch.bashariyat.org\/index.php?rest_route=%2Fwp%2Fv2%2Fcategories&post=6312"},{"taxonomy":"post_tag","embeddable":true,"href":"https:\/\/deutsch.bashariyat.org\/index.php?rest_route=%2Fwp%2Fv2%2Ftags&post=6312"}],"curies":[{"name":"wp","href":"https:\/\/api.w.org\/{rel}","templated":true}]}}