{"id":6336,"date":"2022-09-12T18:35:25","date_gmt":"2022-09-12T17:35:25","guid":{"rendered":"https:\/\/deutsch.bashariyat.org\/?p=6336"},"modified":"2022-09-12T18:35:25","modified_gmt":"2022-09-12T17:35:25","slug":"aufruf-zur-sitzung-der-monatlichen-hauptversammlung-des-zentrums-fuer-die-verteidigung-der-menschenrechte-im-iran-4-september-2022","status":"publish","type":"post","link":"https:\/\/deutsch.bashariyat.org\/?p=6336","title":{"rendered":"Aufruf zur Sitzung der monatlichen Hauptversammlung des Zentrums f\u00fcr die Verteidigung der Menschenrechte im Iran, 4. September 2022"},"content":{"rendered":"<p dir=\"ltr\"><a href=\"https:\/\/deutsch.bashariyat.org\/?attachment_id=3690\" rel=\"attachment wp-att-3690\"><img loading=\"lazy\" decoding=\"async\" class=\"alignnone size-full wp-image-3690\" src=\"https:\/\/deutsch.bashariyat.org\/wp-content\/uploads\/2020\/11\/stempel-einladung-constanze-pro2.jpg\" sizes=\"auto, (max-width: 236px) 100vw, 236px\" srcset=\"https:\/\/deutsch.bashariyat.org\/wp-content\/uploads\/2020\/11\/stempel-einladung-constanze-pro2.jpg 236w, https:\/\/deutsch.bashariyat.org\/wp-content\/uploads\/2020\/11\/stempel-einladung-constanze-pro2-150x150.jpg 150w\" alt=\"\" width=\"236\" height=\"236\" data-id=\"3690\" \/><\/a><\/p>\n<p class=\"p4\" dir=\"ltr\"><b><span>Die Sitzung\u00a0<\/span><\/b><span><b>der\u00a0<\/b><b>monatlichen\u00a0<\/b><b>Generalversammlung des\u00a0<\/b><b>Zentrums\u00a0<\/b><b>findet\u00a0<\/b><b>am Sonntag\u00a0<\/b><span class=\"s4\"><b>, den 4.<\/b><\/span><b>\u00a0September\u00a0<\/b><b>2022\u00a0<\/b><b>um\u00a0<\/b><b>14:00\u00a0<\/b><span class=\"s4\"><b>Uhr<\/b><\/span><b>\u00a0mitteleurop\u00e4ischer\u00a0<\/b><b>Zeit\u00a0<\/b><b>im\u00a0<\/b><b>virtuellen\u00a0<\/b><b>Raum\u00a0<\/b><b>von\u00a0<\/b><b>Zoom\u00a0<\/b><b>,\u00a0<\/b><b>dem\u00a0<\/b><b>Raum\u00a0<\/b><b>des\u00a0<\/b><b>Zentrums\u00a0<\/b><b>f\u00fcr\u00a0<\/b><b>die\u00a0<\/b><b>Verteidigung\u00a0<\/b><b>der\u00a0<\/b><b>Menschenrechte\u00a0<\/b><b>im\u00a0<\/b><b>Iran\u00a0<\/b><b>,\u00a0<\/b><b>statt\u00a0<\/b><b>.<\/b><\/span><b><\/b><b><\/b><b><\/b><b><\/b><b><\/b><b><\/b><b><\/b><b><\/b><b><\/b><b><\/b><b><\/b><b><\/b><b><\/b><b><\/b><b><\/b><b><\/b><b><\/b><b><\/b><b><\/b><b><\/b><b><\/b><b><\/b><b><\/b><b><\/b><b><\/b><b><\/b><b><\/b><b><\/b><b><\/b><b><\/b><b><\/b><b><\/b><b><\/b><b><\/b><b><\/b><b><\/b><b><\/b><b><\/b><b><\/b><b><\/b><b><\/b><b><\/b><b><\/b><b><\/b><b><\/b><b><\/b><b><\/b><b><\/b><b><\/b><b><\/b><b><\/b><b><\/b><b><\/b><b><\/b><b><\/b><b><\/b><b><\/b><b><\/b><b><\/b><b><\/b><b><\/b><b><\/b><b><\/b><b><\/b><b><\/b><!--more--><\/p>\n<p class=\"p6\" dir=\"ltr\"><b><span>Bericht der\u00a0<\/span><\/b><span><b>Beamten\u00a0<\/b><b>und\u00a0<\/b><b>\u00dcberpr\u00fcfung\u00a0<\/b><b>der\u00a0<\/b><b>Verwaltungssituation\u00a0<\/b><b>des Zentrums\u00a0<\/b><b>durch\u00a0<\/b><b>die\u00a0<\/b><b>Mitglieder\u00a0<\/b><b>im\u00a0<\/b><b>August\u00a0<\/b><b>2022<\/b><\/span><b><\/b><b><\/b><b><\/b><b><\/b><b><\/b><b><\/b><b><\/b><b><\/b><b><\/b><b><\/b><b><\/b><b><\/b><b><\/b><b><\/b><b><\/b><b><\/b><b><\/b><b><\/b><b><\/b><b><\/b><b><\/b><b><\/b><b><\/b><b><\/b><\/p>\n<p class=\"p7\" dir=\"ltr\"><span>Begr\u00fc\u00dfung und Leistungsbericht des Ausschusses f\u00fcr \u00d6ffentlichkeitsarbeit durch Frau Irandekht Kia\u00a0<\/span><span class=\"s4\"><span>(<\/span><\/span><span>\u00a05 Minuten\u00a0<\/span><span class=\"s4\"><span>)<\/span><\/span><\/p>\n<p class=\"p7\" dir=\"ltr\"><span>1\u00a0<\/span><span class=\"s4\"><span>.\u00a0<\/span><\/span><span>Der Bericht der Verantwortlichen des Bildungsausschusses zur \u00dcberpr\u00fcfung seiner Leistung durch die Mitglieder\u00a0<\/span><span class=\"s4\"><span>\/<\/span><\/span><span>\u00a0Frau Lida Ashjae Islami\u00a0<\/span><span class=\"s4\"><span>(<\/span><\/span><span>\u00a05 Minuten\u00a0<\/span><span class=\"s4\"><span>)<\/span><\/span><\/p>\n<p class=\"p7\" dir=\"ltr\"><span>2\u00a0<\/span><span class=\"s4\"><span>.\u00a0<\/span><\/span><span>Der Bericht des Verantwortlichen des Forschungsausschusses zur Pr\u00fcfung seiner Leistung durch die Mitglieder\u00a0<\/span><span class=\"s4\"><span>\/<\/span><\/span><span>\u00a0Herr Mustafa Moniri\u00a0<\/span><span class=\"s4\"><span>(<\/span><\/span><span>\u00a05 Minuten\u00a0<\/span><span class=\"s4\"><span>)<\/span><\/span><\/p>\n<p class=\"p7\" dir=\"ltr\"><span>3\u00a0<\/span><span class=\"s4\"><span>.\u00a0<\/span><\/span><span>Der Bericht der drei Funktion\u00e4re des Ausschusses und die Beurteilung ihrer Leistung durch die Mitglieder\u00a0<\/span><span class=\"s4\"><span>(<\/span><\/span><span>\u00a0jeweils 5 Minuten\u00a0<\/span><span class=\"s4\"><span>)<\/span><\/span><\/p>\n<p class=\"p7\" dir=\"ltr\"><span>4\u00a0<\/span><span class=\"s4\"><span>.\u00a0<\/span><\/span><span>Bericht des Herausgebers des Magazins und Bewertung seiner Leistung durch die Mitglieder\u00a0<\/span><span class=\"s4\"><span>\/<\/span><\/span><span>\u00a0Frau Shabnam Razavand\u00a0<\/span><span class=\"s4\"><span>(<\/span><\/span><span>\u00a05 Minuten\u00a0<\/span><span class=\"s4\"><span>)<\/span><\/span><\/p>\n<p class=\"p7\" dir=\"ltr\"><span>5\u00a0<\/span><span class=\"s4\"><span>.\u00a0<\/span><\/span><span>Der Bericht des Leiters der Internetbibliothek des Zentrums und die Bewertung seiner Leistung durch die Mitglieder\u00a0<\/span><span class=\"s4\"><span>\/<\/span><\/span><span>\u00a0Herr Mehdi Golsfidi\u00a0<\/span><span class=\"s4\"><span>(<\/span><\/span><span>\u00a05 Minuten\u00a0<\/span><span class=\"s4\"><span>)<\/span><\/span><\/p>\n<p class=\"p7\" dir=\"ltr\"><span>6\u00a0<\/span><span class=\"s4\"><span>.\u00a0<\/span><\/span><span>Der Bericht des Medienbeauftragten und die \u00dcberpr\u00fcfung seiner Leistung durch die Mitglieder\u00a0<\/span><span class=\"s4\"><span>\/<\/span><\/span><span>\u00a0Frau Maryam Iftikhar\u00a0<\/span><span class=\"s4\"><span>(<\/span><\/span><span>\u00a05 Minuten\u00a0<\/span><span class=\"s4\"><span>)<\/span><\/span><\/p>\n<p class=\"p7\" dir=\"ltr\"><span>7\u00a0<\/span><span class=\"s4\"><span>.\u00a0<\/span><\/span><span>Der Bericht des Verantwortlichen f\u00fcr Audio und Video und die \u00dcberpr\u00fcfung seiner Leistung durch die Mitglieder\u00a0<\/span><span class=\"s4\"><span>\/<\/span><\/span><span>\u00a0Herrn Hamid Rezaei Azariani\u00a0<\/span><span class=\"s4\"><span>(<\/span><\/span><span>\u00a05 Minuten\u00a0<\/span><span class=\"s4\"><span>)<\/span><\/span><\/p>\n<p class=\"p7\" dir=\"ltr\"><span>8\u00a0<\/span><span class=\"s4\"><span>.\u00a0<\/span><\/span><span>Der Bericht des Offiziellen der deutschen Seite und die Bewertung seiner Leistung durch die Mitglieder,\u00a0<\/span><span class=\"s4\"><span>\/<\/span><\/span><span>\u00a0Herr Ahmed Haji Qadir\u00a0<\/span><span class=\"s4\"><span>(<\/span><\/span><span>\u00a05 Minuten\u00a0<\/span><span class=\"s4\"><span>)<\/span><span class=\"Apple-converted-space\">\u00a0 \u00a0<\/span><\/span><\/p>\n<p class=\"p7\" dir=\"ltr\"><span>9\u00a0<\/span><span class=\"s4\"><span>.\u00a0<\/span><\/span><span>Bericht des Vorstands und Beurteilung seiner Leistung durch die Mitglieder\u00a0<\/span><span class=\"s4\"><span>\/<\/span><\/span><span>\u00a0Herr Maziar Parvizi\u00a0<\/span><span class=\"s4\"><span>(<\/span><\/span><span>\u00a015 Minuten\u00a0<\/span><span class=\"s4\"><span>)<\/span><\/span><\/p>\n<p class=\"p7\" dir=\"ltr\"><span>10\u00a0<\/span><span class=\"s4\"><span>.\u00a0<\/span><\/span><span>Der Bericht des Leiters des Antragszentrums und die \u00dcberpr\u00fcfung seiner Leistung durch die Mitglieder\u00a0<\/span><span class=\"s4\"><span>\/<\/span><\/span><span>\u00a0Herr Alireza Jahanbein\u00a0<\/span><span class=\"s4\"><span>(<\/span><\/span><span>\u00a05 Minuten\u00a0<\/span><span class=\"s4\"><span>)<\/span><\/span><\/p>\n<p class=\"p7\" dir=\"ltr\"><span>11\u00a0<\/span><span class=\"s4\"><span>.\u00a0<\/span><\/span><span>Der Bericht der drei Funktion\u00e4re des Ausschusses und die Beurteilung ihrer Leistung durch die Mitglieder\u00a0<\/span><span class=\"s4\"><span>(<\/span><\/span><span>\u00a0jeweils 5 Minuten\u00a0<\/span><span class=\"s4\"><span>)<\/span><\/span><\/p>\n<p class=\"p7\" dir=\"ltr\"><span>12\u00a0<\/span><span class=\"s4\"><span>.\u00a0<\/span><\/span><span>Bericht des Finanzbeauftragten und \u00dcberpr\u00fcfung seiner Leistung durch die Mitglieder\u00a0<\/span><span class=\"s4\"><span>\/<\/span><\/span><span>\u00a0Mr. Mohammad Ali Mahmoudzadeh\u00a0<\/span><span class=\"s4\"><span class=\"Apple-converted-space\">\u00a0\u00a0<\/span><span>(<\/span><\/span><span>\u00a05 Minuten\u00a0<\/span><span class=\"s4\"><span>)<\/span><\/span><\/p>\n<p class=\"p7\" dir=\"ltr\"><span>13\u00a0<\/span><span class=\"s4\"><span>.\u00a0<\/span><\/span><span>Der Bericht des Verantwortlichen f\u00fcr Verwaltungsangelegenheiten und die \u00dcberpr\u00fcfung seiner Leistung durch die Mitglieder\u00a0<\/span><span class=\"s4\"><span>\/<\/span><\/span><span>\u00a0Herr Alireza Hojjati\u00a0<\/span><span class=\"s4\"><span>(<\/span><\/span><span>\u00a05 Minuten\u00a0<\/span><span class=\"s4\"><span>)<\/span><\/span><\/p>\n<p class=\"p7\" dir=\"ltr\"><span>14\u00a0<\/span><span class=\"s4\"><span>.\u00a0<\/span><\/span><span>Bericht der Vertreter der Agenturen und Bewertung ihrer Leistung durch die Mitglieder\u00a0<\/span><span class=\"s4\"><span>(<\/span><\/span><span>\u00a0jeweils 5 Minuten\u00a0<\/span><span class=\"s4\"><span>)<\/span><\/span><\/p>\n<p class=\"p7\" dir=\"ltr\"><span>15\u00a0<\/span><span class=\"s4\"><span>.\u00a0<\/span><\/span><span>Der Bericht des Beauftragten f\u00fcr repr\u00e4sentative Angelegenheiten, Herrn Alireza Hojjati\u00a0<\/span><span class=\"s4\"><span>(<\/span><\/span><span>\u00a05 Minuten\u00a0<\/span><span class=\"s4\"><span>)<\/span><\/span><\/p>\n<p class=\"p7\" dir=\"ltr\"><span>16\u00a0<\/span><span class=\"s4\"><span>.\u00a0<\/span><\/span><span>Der Bericht der drei Funktion\u00e4re des Ausschusses und die Beurteilung ihrer Leistung durch die Mitglieder\u00a0<\/span><span class=\"s4\"><span>(<\/span><\/span><span>\u00a0jeweils 5 Minuten\u00a0<\/span><span class=\"s4\"><span>)<\/span><\/span><\/p>\n<p class=\"p7\" dir=\"ltr\"><span>17\u00a0<\/span><span class=\"s4\"><span>.\u00a0<\/span><\/span><span>Bericht der f\u00fcr Ausschussangelegenheiten zust\u00e4ndigen Person, Frau Shabnam Rezavand\u00a0<\/span><span class=\"s4\"><span>(<\/span><\/span><span>\u00a05 Minuten\u00a0<\/span><span class=\"s4\"><span>)\u00a0<\/span><\/span><\/p>\n<p class=\"p7\" dir=\"ltr\"><span>18\u00a0<\/span><span class=\"s4\"><span>.\u00a0<\/span><\/span><span>Bericht von Internetradio und 24-Stunden-Radios und \u00dcberpr\u00fcfung ihrer Leistung durch Mitglieder\u00a0<\/span><span class=\"s4\"><span>\/<\/span><\/span><span>\u00a0Herr Maziar Parvizi\u00a0<\/span><span class=\"s4\"><span>(10<\/span><\/span><span>\u00a0Minuten\u00a0<\/span><span class=\"s4\"><span>)<\/span><\/span><\/p>\n<p class=\"p7\" dir=\"ltr\"><span>19\u00a0<\/span><span class=\"s4\"><span>.\u00a0<\/span><\/span><span>Der Bericht des Verantwortlichen der Farsi-Site und die Bewertung ihrer Leistung durch die Mitglieder,\u00a0<\/span><span class=\"s4\"><span>\/<\/span><\/span><span>\u00a0Mr. Nasser Nowrozi Barkosarai\u00a0<\/span><span class=\"s4\"><span>(<\/span><\/span><span>\u00a05 Minuten\u00a0<\/span><span class=\"s4\"><span>)<\/span><\/span><\/p>\n<p class=\"p7\" dir=\"ltr\"><span>20\u00a0<\/span><span class=\"s4\"><span>.\u00a0<\/span><\/span><span>Der Leistungsbericht der Humanity Academy des Zentrums durch die Mitglieder\u00a0<\/span><span class=\"s4\"><span>\/<\/span><\/span><span>\u00a0Frau Shahla Shahsoni\u00a0<\/span><span class=\"s4\"><span>(<\/span><\/span><span>\u00a05 Minuten\u00a0<\/span><span class=\"s4\"><span>)<\/span><\/span><\/p>\n<p class=\"p7\" dir=\"ltr\"><span>21\u00a0<\/span><span class=\"s4\"><span>.\u00a0<\/span><\/span><span>Der Bericht des Verantwortlichen f\u00fcr Internetangelegenheiten und die \u00dcberpr\u00fcfung seiner Leistung durch die Mitglieder\u00a0<\/span><span class=\"s4\"><span>\/<\/span><\/span><span>\u00a0Herr Bidarvand\u00a0<\/span><span class=\"s4\"><span>(<\/span><\/span><span>\u00a05 Minuten\u00a0<\/span><span class=\"s4\"><span>)<\/span><\/span><\/p>\n<p class=\"p7\" dir=\"ltr\"><span>22\u00a0<\/span><span class=\"s4\"><span>.\u00a0<\/span><\/span><span>Der Bericht des Offiziellen der englischen Seite und die Bewertung ihrer Leistung durch die Mitglieder,\u00a0<\/span><span class=\"s4\"><span>\/<\/span><\/span><span>\u00a0Mr. Alireza Jahanbin\u00a0<\/span><span class=\"s4\"><span>(<\/span><\/span><span>\u00a05 Minuten\u00a0<\/span><span class=\"s4\"><span>)<\/span><\/span><\/p>\n<p class=\"p7\" dir=\"ltr\"><span>23\u00a0<\/span><span class=\"s4\"><span>.\u00a0<\/span><\/span><span>Vorschl\u00e4ge, Diskussionen und Schlussfolgerungen der Kollegen\u00a0<\/span><span class=\"s4\"><span>(<\/span><\/span><span>\u00a040 Minuten\u00a0<\/span><span class=\"s4\"><span>)<\/span><\/span><\/p>\n<p class=\"p9\" dir=\"ltr\"><b><span>Ort\u00a0<\/span><\/b><span class=\"s4\"><span>:<\/span><\/span><span>\u00a0Virtueller Raum zoomen<\/span><\/p>\n<p class=\"p10\" dir=\"ltr\"><a href=\"https:\/\/zoom.us\/j\/8057930858?pwd=OTB2U2xEYkd3UlgxRUY5WG43ZlM5dz09\"><span class=\"s5\"><span>https:\/\/zoom.us\/j\/8057930858?pwd=OTB2U2xEYkd3UlgxRUY5WG43ZlM5dz09<\/span><\/span><\/a><\/p>\n<p class=\"p9\" dir=\"ltr\"><b><span>Erinnerung\u00a0<\/span><\/b><span class=\"s4\"><b><span>:<\/span><\/b><\/span><\/p>\n<p class=\"p9\" dir=\"ltr\"><span class=\"s6\"><span>1\u00a0<\/span><\/span><span class=\"s4\"><span>.\u00a0<\/span><\/span><span>Die Anwesenheit von Beamten und Mitgliedern des Zentrums zur Zeit und w\u00e4hrend des Treffens ist notwendig und wichtig\u00a0<\/span><span class=\"s4\"><span>.<\/span><\/span><\/p>\n<p class=\"p9\" dir=\"ltr\"><span>2\u00a0<\/span><span class=\"s4\"><span>.\u00a0<\/span><\/span><span>Wenn es ein Problem gibt und die Teilnahme von Offiziellen und Mitgliedern nicht m\u00f6glich ist, ist es erforderlich,\u00a0den Vorstand oder die \u00d6ffentlichkeitsarbeit per E-Mail unter Hinzuziehung eines Anwalts mindestens\u00a0<\/span><span class=\"s4\"><span>24 Stunden vor Beginn der Sitzung zu informieren\u00a0<\/span><\/span><span class=\"s4\"><span>.<\/span><\/span><\/p>\n<p class=\"p9\" dir=\"ltr\"><span>3\u00a0<\/span><span class=\"s4\"><span>.\u00a0<\/span><\/span><span>Ihr rechtzeitiges Erscheinen wird das Treffen regelm\u00e4\u00dfig machen und wir hoffen , dass das Treffen mit Ihrer Mitarbeit zum festgesetzten Zeitpunkt beginnen und enden wird\u00a0<\/span><span class=\"s4\"><span>.<\/span><\/span><\/p>\n<p class=\"p9\" dir=\"ltr\"><span>4\u00a0<\/span><span class=\"s4\"><span>.\u00a0<\/span><\/span><span>Verehrte Kolleginnen und Kollegen haben in der notwendigen Zeit ihre Anregungen und Kritik ge\u00e4u\u00dfert , damit die Sitzung gem\u00e4\u00df dem geplanten Ablauf durchgef\u00fchrt werden kann\u00a0<\/span><span class=\"s4\"><span>.<\/span><\/span><\/p>\n","protected":false},"excerpt":{"rendered":"<p>Die Sitzung\u00a0der\u00a0monatlichen\u00a0Generalversammlung des\u00a0Zentrums\u00a0findet\u00a0am Sonntag\u00a0, den 4.\u00a0September\u00a02022\u00a0um\u00a014:00\u00a0Uhr\u00a0mitteleurop\u00e4ischer\u00a0Zeit\u00a0im\u00a0virtuellen\u00a0Raum\u00a0von\u00a0Zoom\u00a0,\u00a0dem\u00a0Raum\u00a0des\u00a0Zentrums\u00a0f\u00fcr\u00a0die\u00a0Verteidigung\u00a0der\u00a0Menschenrechte\u00a0im\u00a0Iran\u00a0,\u00a0statt\u00a0.<\/p><p><a class=\"more-link btn\" href=\"https:\/\/deutsch.bashariyat.org\/?p=6336\">Weiterlesen<\/a><\/p>\n","protected":false},"author":2,"featured_media":0,"comment_status":"closed","ping_status":"closed","sticky":false,"template":"","format":"standard","meta":{"footnotes":""},"categories":[1],"tags":[],"class_list":["post-6336","post","type-post","status-publish","format-standard","hentry","category-allgemein","item-wrap"],"_links":{"self":[{"href":"https:\/\/deutsch.bashariyat.org\/index.php?rest_route=\/wp\/v2\/posts\/6336","targetHints":{"allow":["GET"]}}],"collection":[{"href":"https:\/\/deutsch.bashariyat.org\/index.php?rest_route=\/wp\/v2\/posts"}],"about":[{"href":"https:\/\/deutsch.bashariyat.org\/index.php?rest_route=\/wp\/v2\/types\/post"}],"author":[{"embeddable":true,"href":"https:\/\/deutsch.bashariyat.org\/index.php?rest_route=\/wp\/v2\/users\/2"}],"replies":[{"embeddable":true,"href":"https:\/\/deutsch.bashariyat.org\/index.php?rest_route=%2Fwp%2Fv2%2Fcomments&post=6336"}],"version-history":[{"count":1,"href":"https:\/\/deutsch.bashariyat.org\/index.php?rest_route=\/wp\/v2\/posts\/6336\/revisions"}],"predecessor-version":[{"id":6337,"href":"https:\/\/deutsch.bashariyat.org\/index.php?rest_route=\/wp\/v2\/posts\/6336\/revisions\/6337"}],"wp:attachment":[{"href":"https:\/\/deutsch.bashariyat.org\/index.php?rest_route=%2Fwp%2Fv2%2Fmedia&parent=6336"}],"wp:term":[{"taxonomy":"category","embeddable":true,"href":"https:\/\/deutsch.bashariyat.org\/index.php?rest_route=%2Fwp%2Fv2%2Fcategories&post=6336"},{"taxonomy":"post_tag","embeddable":true,"href":"https:\/\/deutsch.bashariyat.org\/index.php?rest_route=%2Fwp%2Fv2%2Ftags&post=6336"}],"curies":[{"name":"wp","href":"https:\/\/api.w.org\/{rel}","templated":true}]}}