{"id":6348,"date":"2022-09-17T10:49:24","date_gmt":"2022-09-17T09:49:24","guid":{"rendered":"https:\/\/deutsch.bashariyat.org\/?p=6348"},"modified":"2022-09-17T10:49:24","modified_gmt":"2022-09-17T09:49:24","slug":"audiobericht-des-vertreters-von-asien-und-osteuropa-28-juli-2022","status":"publish","type":"post","link":"https:\/\/deutsch.bashariyat.org\/?p=6348","title":{"rendered":"Audiobericht des Vertreters von Asien und Osteuropa, 28. Juli 2022"},"content":{"rendered":"<p style=\"text-align: justify;\"><span>Das Think-Tank-Treffen der Vertreter Asiens und Osteuropas fand am 28. Juli 2022 um 18:00 Uhr mitteleurop\u00e4ischer Zeit in Anwesenheit einer Gruppe von Menschenrechtsaktivisten \u00fcber den virtuellen Raum von Zoom, YouTube und die Anwendung Kanon statt. verwaltet von Mehdi Afsharzadeh.\u00a0<\/span><span>Die Referenten sind: 1- Beginn der Sitzung: Mehdi Afsharzadeh, 2- Lida Ashjaji: Bericht und Analyse von Menschenrechtsverletzungen im Juli 1401, 3- Roza Jahanbin: \u00dcberpr\u00fcfung und Analyse der Konvention \u00fcber den internationalen Warenkauf und ihr Vergleich mit der Verfassung Islamische Republik Iran 4- Mohammad Golestanjo: Volksbewegungen von Abadan, 5- Qandil Dadkhah: Umwelt und Urmia-See, 6- Freie Diskussion zum Thema Sklaverei in der modernen Welt mit der Teilnahme von: Roza Jahanbin, Lida Ashjaji, Irandokht Kia, Qandil Dadkhah, Alireza Jahan unter den Kollegen, die uns bei diesem Treffen geholfen haben.\u00a0<\/span><span>Sie sind: Verantwortlicher des Treffens: Mehdi Afsharzadeh, Sekret\u00e4r des Treffens: Alireza Jahan, Audioaufnahme und Bearbeitung: Mehdi Afsharzadeh, Mohammad Golestanjo, Administratoren:<\/span><\/p>\n<p><img decoding=\"async\" src=\"https:\/\/i0.wp.com\/bashariyat.org\/wp-content\/uploads\/2022\/09\/photo_2022-08-10_23-22-50.jpg?resize=861%2C179&amp;ssl=1\" \/><!--more--><\/p>\n<p><a href=\"https:\/\/www.mediafire.com\/file\/5klwz3wzxwkskbx\/1.Start.mp3\/file\"><span>Beginn der Sitzung: Mehdi Afsharzadeh<\/span><\/a><\/p>\n<p><a href=\"https:\/\/www.mediafire.com\/file\/7krxlkb1tbgio20\/2.Lida.Ashjaei.mp3\/file\"><span>Lida Ashjaji: Bericht und Analyse von Menschenrechtsverletzungen im Iran, Juli 1401<\/span><\/a><\/p>\n<p><a href=\"https:\/\/www.mediafire.com\/file\/ivow0wqy04ojyuc\/3.rosa.jahan.bin.mp3\/file\"><span>Roza Jahanbin: \u00dcberpr\u00fcfung und Analyse des \u00dcbereinkommens \u00fcber den internationalen Warenkauf und dessen Vergleich mit der Verfassung der Islamischen Republik Iran<\/span><\/a><\/p>\n<p><a href=\"https:\/\/www.mediafire.com\/file\/l8xlezj0r6ujc2o\/4.Mohmmad.golastanjo.mp3\/file\"><span>Mohammad Golestanjo: Volksbewegungen von Abadan<\/span><\/a><\/p>\n<p><a href=\"https:\/\/www.mediafire.com\/file\/6ecsoiv1yr67r0f\/5.Ghandel.dadkhah_%25281%2529.mp3\/file\"><span>Qandil Dadkhah: Umwelt und Urmiasee<\/span><\/a><\/p>\n<p><a href=\"https:\/\/www.mediafire.com\/file\/bngd340306rv6gv\/6.BahseAzad.mp3\/file\"><span>Offene Diskussion zum Thema Sklaverei in der modernen Welt<\/span><\/a><\/p>\n","protected":false},"excerpt":{"rendered":"<p>Das Think-Tank-Treffen der Vertreter Asiens und Osteuropas fand am 28. Juli 2022 um 18:00 Uhr mitteleurop\u00e4ischer Zeit in Anwesenheit einer Gruppe von Menschenrechtsaktivisten \u00fcber den virtuellen Raum von Zoom, YouTube und die Anwendung Kanon statt. verwaltet von Mehdi Afsharzadeh.\u00a0Die Referenten sind: 1- Beginn der Sitzung: Mehdi Afsharzadeh, 2- Lida Ashjaji: Bericht und Analyse von Menschenrechtsverletzungen &hellip; <\/p>\n<p><a class=\"more-link btn\" href=\"https:\/\/deutsch.bashariyat.org\/?p=6348\">Weiterlesen<\/a><\/p>\n","protected":false},"author":2,"featured_media":0,"comment_status":"closed","ping_status":"closed","sticky":false,"template":"","format":"standard","meta":{"footnotes":""},"categories":[1],"tags":[],"class_list":["post-6348","post","type-post","status-publish","format-standard","hentry","category-allgemein","item-wrap"],"_links":{"self":[{"href":"https:\/\/deutsch.bashariyat.org\/index.php?rest_route=\/wp\/v2\/posts\/6348","targetHints":{"allow":["GET"]}}],"collection":[{"href":"https:\/\/deutsch.bashariyat.org\/index.php?rest_route=\/wp\/v2\/posts"}],"about":[{"href":"https:\/\/deutsch.bashariyat.org\/index.php?rest_route=\/wp\/v2\/types\/post"}],"author":[{"embeddable":true,"href":"https:\/\/deutsch.bashariyat.org\/index.php?rest_route=\/wp\/v2\/users\/2"}],"replies":[{"embeddable":true,"href":"https:\/\/deutsch.bashariyat.org\/index.php?rest_route=%2Fwp%2Fv2%2Fcomments&post=6348"}],"version-history":[{"count":1,"href":"https:\/\/deutsch.bashariyat.org\/index.php?rest_route=\/wp\/v2\/posts\/6348\/revisions"}],"predecessor-version":[{"id":6349,"href":"https:\/\/deutsch.bashariyat.org\/index.php?rest_route=\/wp\/v2\/posts\/6348\/revisions\/6349"}],"wp:attachment":[{"href":"https:\/\/deutsch.bashariyat.org\/index.php?rest_route=%2Fwp%2Fv2%2Fmedia&parent=6348"}],"wp:term":[{"taxonomy":"category","embeddable":true,"href":"https:\/\/deutsch.bashariyat.org\/index.php?rest_route=%2Fwp%2Fv2%2Fcategories&post=6348"},{"taxonomy":"post_tag","embeddable":true,"href":"https:\/\/deutsch.bashariyat.org\/index.php?rest_route=%2Fwp%2Fv2%2Ftags&post=6348"}],"curies":[{"name":"wp","href":"https:\/\/api.w.org\/{rel}","templated":true}]}}