{"id":6363,"date":"2022-09-17T15:10:43","date_gmt":"2022-09-17T14:10:43","guid":{"rendered":"https:\/\/deutsch.bashariyat.org\/?p=6363"},"modified":"2022-09-17T15:11:30","modified_gmt":"2022-09-17T14:11:30","slug":"audio-und-videobericht-des-komitees-zur-verteidigung-der-rechte-iranischer-nationen-und-nationen-10-september-2022","status":"publish","type":"post","link":"https:\/\/deutsch.bashariyat.org\/?p=6363","title":{"rendered":"Audio- und Videobericht des Komitees zur Verteidigung der Rechte iranischer Nationen und Nationen, 10. September 2022"},"content":{"rendered":"<p style=\"text-align: justify;\">Audio- und Videobericht des Komitees zur Verteidigung der Rechte iranischer Nationen und Nationen, 10. September 2022 Die Redesitzung des Komitees zur Verteidigung der Rechte iranischer Ethnien und Nationen fand am Samstag, den 10. September 2022 um 14:00 Uhr mitteleurop\u00e4ischer Zeit in Anwesenheit einer Gruppe von Menschenrechtsaktivisten und anderen G\u00e4sten im virtuellen Raum statt von Zoom, YouTube und der Kanon-Anwendung, verwaltet von Karim Naseri.\u00a0Die Referenten sind: 1) Beginn der Sitzung: Karim Naseri, 2) Esfandiar Sangri: Bericht und Analyse von Menschenrechtsverletzungen im Iran im August 1401, 3) Mehdi Mohammadpour: Internationale Konvention zur Beseitigung jeder Art von Rassendiskriminierung (Artikel 5) und ihr Vergleich mit der Verfassung der Islamischen Republik Iran, 4) Sadegh Farrokhi Qasr Asami: Dialog der Zivilisationen, 5) Sattar Karami: Hinrichtungen der Islamischen Republik Iran, 6) Farshad Arabi: Demokratie) offene Diskussion \u00fcber die Kultur und Zivilisation der iranischen V\u00f6lker, Teil zwei (Kurden) und Mit der Teilnahme von: Karim Naseri, Reza Shaygan, Sepehr Rezai Shayan, Aras Karmi, Manocheher Shafaei, Narges Mubasherifar, Hassan Hamzezadeh Kollegen, die uns bei diesem Treffen geholfen haben.\u00a0Diese sind: Der Versammlungsleiter: Karim Naseri, der Versammlungssekret\u00e4r:\u00a0Zahra Rahai, Bearbeitung und Aufzeichnung der Sitzung: Mohammad Rasool Portandrest, Esfandiar Sangri, Administratoren: Reza Shaygan, Nariman Hosseini-nejad.\u00a0Interessierte k\u00f6nnen die Audioberichte der oben genannten Sitzung \u00fcber die folgenden Audiodateien anh\u00f6ren.\u00a0Sehen Sie sich auch den Videobericht des Treffens \u00fcber den YouTube-Link an:<\/p>\n<div class=\"embed-container\"><iframe loading=\"lazy\" title=\"\u062c\u0644\u0633\u0647 \u0633\u062e\u0646\u0631\u0627\u0646\u06cc \u06a9\u0645\u06cc\u062a\u0647 \u062f\u0641\u0627\u0639 \u0627\u0632 \u062d\u0642\u0648\u0642 \u0627\u0642\u0648\u0627\u0645 \u0648 \u0645\u0644\u0644 \u0627\u06cc\u0631\u0627\u0646\u06cc\u060c \u06f1\u06f0 \u0633\u067e\u062a\u0627\u0645\u0628\u0631 \u06f2\u06f0\u06f2\u06f2\" width=\"1170\" height=\"658\" src=\"https:\/\/www.youtube.com\/embed\/TIULIIAHRdM?feature=oembed\" frameborder=\"0\" allow=\"accelerometer; autoplay; clipboard-write; encrypted-media; gyroscope; picture-in-picture; web-share\" referrerpolicy=\"strict-origin-when-cross-origin\" allowfullscreen><\/iframe><\/div>\n<p><!--more--><\/p>\n<p><a href=\"https:\/\/bashariyat.org\/cloudspot\/blog\/ms-music\/%da%af%d8%b2%d8%a7%d8%b1%d8%b4-%d8%b5%d9%88%d8%aa%db%8c-%d9%88-%d8%aa%d8%b5%d9%88%db%8c%d8%b1%db%8c-%da%a9%d9%85%db%8c%d8%aa%d9%87-%d8%af%d9%81%d8%a7%d8%b9-%d8%a7%d8%b2-%d8%ad%d9%82%d9%88%d9%82-62\/\">Beginn der Sitzung: Karim Naseri<\/a><\/p>\n<p><a href=\"https:\/\/bashariyat.org\/cloudspot\/blog\/ms-music\/%da%af%d8%b2%d8%a7%d8%b1%d8%b4-%d8%b5%d9%88%d8%aa%db%8c-%d9%88-%d8%aa%d8%b5%d9%88%db%8c%d8%b1%db%8c-%da%a9%d9%85%db%8c%d8%aa%d9%87-%d8%af%d9%81%d8%a7%d8%b9-%d8%a7%d8%b2-%d8%ad%d9%82%d9%88%d9%82-63\/\">Esfandiar Sangri: Bericht und Analyse von Verletzungen der Rechte iranischer Volksgruppen und Nationen im August 2022<\/a><\/p>\n<p><a href=\"https:\/\/bashariyat.org\/cloudspot\/blog\/ms-music\/%da%af%d8%b2%d8%a7%d8%b1%d8%b4-%d8%b5%d9%88%d8%aa%db%8c-%d9%88-%d8%aa%d8%b5%d9%88%db%8c%d8%b1%db%8c-%da%a9%d9%85%db%8c%d8%aa%d9%87-%d8%af%d9%81%d8%a7%d8%b9-%d8%a7%d8%b2-%d8%ad%d9%82%d9%88%d9%82-64\/\">Mehdi Mohammadpour: Das Internationale \u00dcbereinkommen zur Beseitigung jeder Art von Rassendiskriminierung (Artikel 5) und sein Vergleich mit der Verfassung der Islamischen Republik Iran<\/a><\/p>\n<p><a href=\"https:\/\/bashariyat.org\/cloudspot\/blog\/ms-music\/%da%af%d8%b2%d8%a7%d8%b1%d8%b4-%d8%b5%d9%88%d8%aa%db%8c-%d9%88-%d8%aa%d8%b5%d9%88%db%8c%d8%b1%db%8c-%da%a9%d9%85%db%8c%d8%aa%d9%87-%d8%af%d9%81%d8%a7%d8%b9-%d8%a7%d8%b2-%d8%ad%d9%82%d9%88%d9%82-65\/\">Sadegh Farrokhi Qasr Asami: Dialog der Zivilisationen<\/a><\/p>\n<p><a href=\"https:\/\/bashariyat.org\/cloudspot\/blog\/ms-music\/%da%af%d8%b2%d8%a7%d8%b1%d8%b4-%d8%b5%d9%88%d8%aa%db%8c-%d9%88-%d8%aa%d8%b5%d9%88%db%8c%d8%b1%db%8c-%da%a9%d9%85%db%8c%d8%aa%d9%87-%d8%af%d9%81%d8%a7%d8%b9-%d8%a7%d8%b2-%d8%ad%d9%82%d9%88%d9%82-66\/\">Sattar Karmi: Hinrichtungen der Islamischen Republik Iran<\/a><\/p>\n<p><a href=\"https:\/\/bashariyat.org\/cloudspot\/blog\/ms-music\/%da%af%d8%b2%d8%a7%d8%b1%d8%b4-%d8%b5%d9%88%d8%aa%db%8c-%d9%88-%d8%aa%d8%b5%d9%88%db%8c%d8%b1%db%8c-%da%a9%d9%85%db%8c%d8%aa%d9%87-%d8%af%d9%81%d8%a7%d8%b9-%d8%a7%d8%b2-%d8%ad%d9%82%d9%88%d9%82-67\/\">Farshad Arabi: Demokratie<\/a><\/p>\n<p><a href=\"https:\/\/bashariyat.org\/cloudspot\/blog\/ms-music\/%da%af%d8%b2%d8%a7%d8%b1%d8%b4-%d8%b5%d9%88%d8%aa%db%8c-%d9%88-%d8%aa%d8%b5%d9%88%db%8c%d8%b1%db%8c-%da%a9%d9%85%db%8c%d8%aa%d9%87-%d8%af%d9%81%d8%a7%d8%b9-%d8%a7%d8%b2-%d8%ad%d9%82%d9%88%d9%82-68\/\">Freies Gespr\u00e4ch: Kultur und Zivilisation der iranischen V\u00f6lker, Teil 2 (Kurden)<\/a><\/p>\n","protected":false},"excerpt":{"rendered":"<p>Audio- und Videobericht des Komitees zur Verteidigung der Rechte iranischer Nationen und Nationen, 10. September 2022 Die Redesitzung des Komitees zur Verteidigung der Rechte iranischer Ethnien und Nationen fand am Samstag, den 10. September 2022 um 14:00 Uhr mitteleurop\u00e4ischer Zeit in Anwesenheit einer Gruppe von Menschenrechtsaktivisten und anderen G\u00e4sten im virtuellen Raum statt von Zoom, &hellip; <\/p>\n<p><a class=\"more-link btn\" href=\"https:\/\/deutsch.bashariyat.org\/?p=6363\">Weiterlesen<\/a><\/p>\n","protected":false},"author":2,"featured_media":0,"comment_status":"closed","ping_status":"closed","sticky":false,"template":"","format":"standard","meta":{"footnotes":""},"categories":[1],"tags":[],"class_list":["post-6363","post","type-post","status-publish","format-standard","hentry","category-allgemein","item-wrap"],"_links":{"self":[{"href":"https:\/\/deutsch.bashariyat.org\/index.php?rest_route=\/wp\/v2\/posts\/6363","targetHints":{"allow":["GET"]}}],"collection":[{"href":"https:\/\/deutsch.bashariyat.org\/index.php?rest_route=\/wp\/v2\/posts"}],"about":[{"href":"https:\/\/deutsch.bashariyat.org\/index.php?rest_route=\/wp\/v2\/types\/post"}],"author":[{"embeddable":true,"href":"https:\/\/deutsch.bashariyat.org\/index.php?rest_route=\/wp\/v2\/users\/2"}],"replies":[{"embeddable":true,"href":"https:\/\/deutsch.bashariyat.org\/index.php?rest_route=%2Fwp%2Fv2%2Fcomments&post=6363"}],"version-history":[{"count":2,"href":"https:\/\/deutsch.bashariyat.org\/index.php?rest_route=\/wp\/v2\/posts\/6363\/revisions"}],"predecessor-version":[{"id":6365,"href":"https:\/\/deutsch.bashariyat.org\/index.php?rest_route=\/wp\/v2\/posts\/6363\/revisions\/6365"}],"wp:attachment":[{"href":"https:\/\/deutsch.bashariyat.org\/index.php?rest_route=%2Fwp%2Fv2%2Fmedia&parent=6363"}],"wp:term":[{"taxonomy":"category","embeddable":true,"href":"https:\/\/deutsch.bashariyat.org\/index.php?rest_route=%2Fwp%2Fv2%2Fcategories&post=6363"},{"taxonomy":"post_tag","embeddable":true,"href":"https:\/\/deutsch.bashariyat.org\/index.php?rest_route=%2Fwp%2Fv2%2Ftags&post=6363"}],"curies":[{"name":"wp","href":"https:\/\/api.w.org\/{rel}","templated":true}]}}