{"id":6396,"date":"2022-09-22T18:16:24","date_gmt":"2022-09-22T17:16:24","guid":{"rendered":"https:\/\/deutsch.bashariyat.org\/?p=6396"},"modified":"2022-09-22T18:16:47","modified_gmt":"2022-09-22T17:16:47","slug":"einladung-zur-sitzung-der-repraesentation-von-asien-und-osteuropa-am-22-09-2022","status":"publish","type":"post","link":"https:\/\/deutsch.bashariyat.org\/?p=6396","title":{"rendered":"Einladung zur Sitzung der Repr\u00e4sentation von Asien und Osteuropa am 22.09.2022"},"content":{"rendered":"<p><img loading=\"lazy\" decoding=\"async\" class=\"alignnone size-full wp-image-3690\" src=\"https:\/\/deutsch.bashariyat.org\/wp-content\/uploads\/2020\/11\/stempel-einladung-constanze-pro2.jpg\" sizes=\"auto, (max-width: 236px) 100vw, 236px\" srcset=\"https:\/\/deutsch.bashariyat.org\/wp-content\/uploads\/2020\/11\/stempel-einladung-constanze-pro2.jpg 236w, https:\/\/deutsch.bashariyat.org\/wp-content\/uploads\/2020\/11\/stempel-einladung-constanze-pro2-150x150.jpg 150w\" alt=\"\" width=\"236\" height=\"236\" data-id=\"3690\" \/><\/p>\n<p style=\"text-align: center;\">Repr\u00e4sentiert Asien und Osteuropa h\u00e4lt<\/p>\n<p style=\"text-align: center;\"><strong>Vortr\u00e4ge, Fragen und Antworten<\/strong><\/p>\n<p style=\"text-align: center;\">Referenten und Vortragsthema<\/p>\n<p><!--more--><\/p>\n<p><strong>Lida Ashjaei<\/strong>: Bericht und Analyse von Menschenrechtsverletzungen im September 2022<span id=\"more-6187\"><\/span><\/p>\n<p><strong>Rosa Jahanbin<\/strong>: \u00dcberpr\u00fcfung und Analyse des Vertrags \u00fcber die Verbreitung von Kernwaffenund sein Vergleich mit der Verfassung der Islamischen Republik Iran.<\/p>\n<p><strong>Mohammad Golestanjoo<\/strong>: Die Stellung der Jugend in der Regierung der Islamischen Republik Iran<\/p>\n<p><strong>Mehdi Afsharzadeh<\/strong>: Weltalphabetisierungstag<\/p>\n<p><strong>Am Ende jedes Abschnitts gibt es eine Frage-Antwort-Runde<\/strong><\/p>\n<p><strong>Freie Rede : Demokratie und Iran<\/strong><\/p>\n<p>&nbsp;<\/p>\n<p><strong>Zeit: Am Sonntag,.22.09.22 um 18:00 Uhr MEZ<\/strong><\/p>\n<p><strong>Veranstaltungsort:<\/strong><\/p>\n<ul>\n<li>Zoom: \u00a0 \u00a0 \u00a0 \u00a0 \u00a0 \u00a0 \u00a0\u00a0<a href=\"https:\/\/zoom.us\/j\/8057930858?pwd=b2RQaXNlWTBQejlLc1RjVkRmd3dPUT09\">Klieken Sie bitte hier<\/a><\/li>\n<li>YouTube\u00a0 \u00a0 \u00a0 \u00a0 \u00a0<a href=\"https:\/\/www.youtube.com\/channel\/UCcEgwhyDjX8eJAgN0KgEoMw\">Klieken Sie bitte hier\u00a0<\/a><\/li>\n<li>Cyberspace Of Kanun App (Direkt aus dem Fernsehen ausgestrahlt)<\/li>\n<li><\/li>\n<\/ul>\n<p><strong>Kanoon Defa az Hoghogh Bashar dar Iran Namayandegi Europa<\/strong><\/p>\n<p>Unsere Kollegen und Aktivisten, die uns bei diesem Treffen helfen:<\/p>\n<p><strong>Verantwortlich f\u00fcr die Sitzung:<\/strong> Amirreza Walizadeh<\/p>\n<p><strong>Sekret\u00e4rin\/er der Sitzung:<\/strong> Kausar Valizadeh<\/p>\n<p><strong>Tonaufnahme: <\/strong>Mohammad Golestan Jo, Mehdi Afsharzadeh<\/p>\n<p><strong>Admins:<\/strong> Irandokht Kia , Sharare Mehboodi, Kausar Walizadeh<\/p>\n<p>&nbsp;<\/p>\n<p style=\"text-align: center;\"><strong>Vereinigung zur Verteidigung der Menschenrechte im Iran<\/strong><\/p>\n<p style=\"text-align: center;\"><strong>Die Repr\u00e4sentation von Europ\u00e4ischen Region<\/strong><\/p>\n","protected":false},"excerpt":{"rendered":"<p>Repr\u00e4sentiert Asien und Osteuropa h\u00e4lt Vortr\u00e4ge, Fragen und Antworten Referenten und Vortragsthema<\/p><p><a class=\"more-link btn\" href=\"https:\/\/deutsch.bashariyat.org\/?p=6396\">Weiterlesen<\/a><\/p>\n","protected":false},"author":2,"featured_media":0,"comment_status":"closed","ping_status":"closed","sticky":false,"template":"","format":"standard","meta":{"footnotes":""},"categories":[1],"tags":[],"class_list":["post-6396","post","type-post","status-publish","format-standard","hentry","category-allgemein","item-wrap"],"_links":{"self":[{"href":"https:\/\/deutsch.bashariyat.org\/index.php?rest_route=\/wp\/v2\/posts\/6396","targetHints":{"allow":["GET"]}}],"collection":[{"href":"https:\/\/deutsch.bashariyat.org\/index.php?rest_route=\/wp\/v2\/posts"}],"about":[{"href":"https:\/\/deutsch.bashariyat.org\/index.php?rest_route=\/wp\/v2\/types\/post"}],"author":[{"embeddable":true,"href":"https:\/\/deutsch.bashariyat.org\/index.php?rest_route=\/wp\/v2\/users\/2"}],"replies":[{"embeddable":true,"href":"https:\/\/deutsch.bashariyat.org\/index.php?rest_route=%2Fwp%2Fv2%2Fcomments&post=6396"}],"version-history":[{"count":2,"href":"https:\/\/deutsch.bashariyat.org\/index.php?rest_route=\/wp\/v2\/posts\/6396\/revisions"}],"predecessor-version":[{"id":6398,"href":"https:\/\/deutsch.bashariyat.org\/index.php?rest_route=\/wp\/v2\/posts\/6396\/revisions\/6398"}],"wp:attachment":[{"href":"https:\/\/deutsch.bashariyat.org\/index.php?rest_route=%2Fwp%2Fv2%2Fmedia&parent=6396"}],"wp:term":[{"taxonomy":"category","embeddable":true,"href":"https:\/\/deutsch.bashariyat.org\/index.php?rest_route=%2Fwp%2Fv2%2Fcategories&post=6396"},{"taxonomy":"post_tag","embeddable":true,"href":"https:\/\/deutsch.bashariyat.org\/index.php?rest_route=%2Fwp%2Fv2%2Ftags&post=6396"}],"curies":[{"name":"wp","href":"https:\/\/api.w.org\/{rel}","templated":true}]}}