{"id":6403,"date":"2022-09-22T18:29:51","date_gmt":"2022-09-22T17:29:51","guid":{"rendered":"https:\/\/deutsch.bashariyat.org\/?p=6403"},"modified":"2022-09-22T18:29:51","modified_gmt":"2022-09-22T17:29:51","slug":"audio-und-videobericht-des-komitees-zur-verteidigung-der-rechte-von-kunst-und-kuenstlern-15-september-2022","status":"publish","type":"post","link":"https:\/\/deutsch.bashariyat.org\/?p=6403","title":{"rendered":"Audio- und Videobericht des Komitees zur Verteidigung der Rechte von Kunst und K\u00fcnstlern, 15. September 2022"},"content":{"rendered":"<p style=\"text-align: justify;\"><span>Die Vortragssitzung des Komitees zur Verteidigung der Rechte von Kunst und K\u00fcnstlern fand am Donnerstag, den 15. September 2022 um 18:00 Uhr mitteleurop\u00e4ischer Zeit in Anwesenheit einer Gruppe von Menschenrechtsaktivisten und anderen G\u00e4sten \u00fcber Zoom, YouTube und das statt Kanon-Anwendung unter der Leitung von Setera Dezhem.\u00a0<\/span><span>Die Referenten sind: 1) Beginn der Sitzung: Setareh Dejam, 2) Mehdi Afsharzadeh: Bericht und Analyse von Menschenrechtsverletzungen im August 1401, 3) Mostafa Moniri: \u00dcberpr\u00fcfung von 10 der 17 Ziele des UNESCO-Dokuments 2030 und Vergleich mit der Verfassung der Republik Islamischer Iran, 4) Zahra Rahai: Salman Rushdie und Azadi Qalam, 5) Aylar Esmaili: Die Kunst des Teppichkn\u00fcpfens und iranische Frauen, 6) Samaneh Birjandi: Denkmalschutz und Kulturerbe, 7) Kulturteil: Dezhm Star mit Abbas Maroufi und seinen Werken 8) Offene Diskussion zum Thema: Das Recht auf Arbeitsplatzsicherheit (K\u00fcnstler) unter Beteiligung von Setare Dezhm, Samaneh Birjandi, Mehdi Mohammadpour.\u00a0<\/span><span>Zu den Kollegen, die uns bei diesem Treffen geholfen haben, geh\u00f6ren die f\u00fcr das Treffen verantwortliche Person: Setare Dezhem, Sekret\u00e4rin des Treffens: Marzieh Mahdieh, Audioaufnahme und Bearbeitung:\u00a0<\/span><span>Saeed Pourmand, Pouya Hasabi, Administratoren: Marjan Shabannejad, Mohammad Hossam Fani.\u00a0<\/span><span>Interessierte k\u00f6nnen die Audioberichte der oben genannten Sitzung \u00fcber die folgenden Audiodateien anh\u00f6ren.\u00a0<\/span><span>Sehen Sie sich auch den Videobericht des Treffens \u00fcber den YouTube-Link an:\u00a0<\/span><\/p>\n<div class=\"embed-container\"><iframe loading=\"lazy\" title=\"\u062c\u0644\u0633\u0647 \u0633\u062e\u0646\u0631\u0627\u0646\u06cc \u06a9\u0645\u06cc\u062a\u0647 \u062f\u0641\u0627\u0639 \u0627\u0632 \u062d\u0642\u0648\u0642 \u0647\u0646\u0631 \u0648 \u0647\u0646\u0631\u0645\u0646\u062f\u0627\u0646\u060c \u06f1\u06f5 \u0633\u067e\u062a\u0627\u0645\u0628\u0631 \u06f2\u06f0\u06f2\u06f2\" width=\"1170\" height=\"658\" src=\"https:\/\/www.youtube.com\/embed\/ZfeM-NjHYHU?feature=oembed\" frameborder=\"0\" allow=\"accelerometer; autoplay; clipboard-write; encrypted-media; gyroscope; picture-in-picture; web-share\" referrerpolicy=\"strict-origin-when-cross-origin\" allowfullscreen><\/iframe><\/div>\n<p><!--more--><\/p>\n<p><a href=\"https:\/\/bashariyat.org\/cloudspot\/blog\/ms-music\/%da%af%d8%b2%d8%a7%d8%b1%d8%b4-%d8%b5%d9%88%d8%aa%db%8c-%d9%88-%d8%aa%d8%b5%d9%88%db%8c%d8%b1%db%8c-%da%a9%d9%85%db%8c%d8%aa%d9%87-%d8%af%d9%81%d8%a7%d8%b9-%d8%a7%d8%b2-%d8%ad%d9%82%d9%88%d9%82-83\/\"><span>Beginn des Treffens: Stare Dezem<\/span><\/a><\/p>\n<p><a href=\"https:\/\/bashariyat.org\/cloudspot\/blog\/ms-music\/%da%af%d8%b2%d8%a7%d8%b1%d8%b4-%d8%b5%d9%88%d8%aa%db%8c-%d9%88-%d8%aa%d8%b5%d9%88%db%8c%d8%b1%db%8c-%da%a9%d9%85%db%8c%d8%aa%d9%87-%d8%af%d9%81%d8%a7%d8%b9-%d8%a7%d8%b2-%d8%ad%d9%82%d9%88%d9%82-84\/\"><span>Mehdi Afsharzadeh: Bericht und Analyse von Menschenrechtsverletzungen im August 2022<\/span><\/a><\/p>\n<p><a href=\"https:\/\/bashariyat.org\/cloudspot\/blog\/ms-music\/%da%af%d8%b2%d8%a7%d8%b1%d8%b4-%d8%b5%d9%88%d8%aa%db%8c-%d9%88-%d8%aa%d8%b5%d9%88%db%8c%d8%b1%db%8c-%da%a9%d9%85%db%8c%d8%aa%d9%87-%d8%af%d9%81%d8%a7%d8%b9-%d8%a7%d8%b2-%d8%ad%d9%82%d9%88%d9%82-89-2\/\"><span>Mustafa Moniri: Untersuchung des Ziels von 10 der 17 Ziele des UNESCO-Dokuments von 2030 und Vergleich mit der Verfassung der Islamischen Republik Iran<\/span><\/a><\/p>\n<p><a href=\"https:\/\/bashariyat.org\/cloudspot\/blog\/ms-music\/%da%af%d8%b2%d8%a7%d8%b1%d8%b4-%d8%b5%d9%88%d8%aa%db%8c-%d9%88-%d8%aa%d8%b5%d9%88%db%8c%d8%b1%db%8c-%da%a9%d9%85%db%8c%d8%aa%d9%87-%d8%af%d9%81%d8%a7%d8%b9-%d8%a7%d8%b2-%d8%ad%d9%82%d9%88%d9%82-84\/\"><span>Zahra Rahai: Salman Rushdie und Azadi Qalam<\/span><\/a><\/p>\n<p><a href=\"https:\/\/bashariyat.org\/cloudspot\/blog\/ms-music\/%da%af%d8%b2%d8%a7%d8%b1%d8%b4-%d8%b5%d9%88%d8%aa%db%8c-%d9%88-%d8%aa%d8%b5%d9%88%db%8c%d8%b1%db%8c-%da%a9%d9%85%db%8c%d8%aa%d9%87-%d8%af%d9%81%d8%a7%d8%b9-%d8%a7%d8%b2-%d8%ad%d9%82%d9%88%d9%82-86\/\"><span>Aylar Esmaili: Die Kunst des Teppichkn\u00fcpfens und iranische Frauen<\/span><\/a><\/p>\n<p><a href=\"https:\/\/bashariyat.org\/cloudspot\/blog\/ms-music\/%da%af%d8%b2%d8%a7%d8%b1%d8%b4-%d8%b5%d9%88%d8%aa%db%8c-%d9%88-%d8%aa%d8%b5%d9%88%db%8c%d8%b1%db%8c-%da%a9%d9%85%db%8c%d8%aa%d9%87-%d8%af%d9%81%d8%a7%d8%b9-%d8%a7%d8%b2-%d8%ad%d9%82%d9%88%d9%82-87\/\"><span>Samaneh Birjandi: Schutz historischer Denkm\u00e4ler und des kulturellen Erbes<\/span><\/a><\/p>\n<p><a href=\"https:\/\/bashariyat.org\/cloudspot\/blog\/ms-music\/%da%af%d8%b2%d8%a7%d8%b1%d8%b4-%d8%b5%d9%88%d8%aa%db%8c-%d9%88-%d8%aa%d8%b5%d9%88%db%8c%d8%b1%db%8c-%da%a9%d9%85%db%8c%d8%aa%d9%87-%d8%af%d9%81%d8%a7%d8%b9-%d8%a7%d8%b2-%d8%ad%d9%82%d9%88%d9%82-88\/\"><span>Kulturteil: Star of Dejm mit Abbas Maroufi und seinen Werken<\/span><\/a><\/p>\n<p><a href=\"https:\/\/bashariyat.org\/cloudspot\/blog\/ms-music\/%da%af%d8%b2%d8%a7%d8%b1%d8%b4-%d8%b5%d9%88%d8%aa%db%8c-%d9%88-%d8%aa%d8%b5%d9%88%db%8c%d8%b1%db%8c-%da%a9%d9%85%db%8c%d8%aa%d9%87-%d8%af%d9%81%d8%a7%d8%b9-%d8%a7%d8%b2-%d8%ad%d9%82%d9%88%d9%82-89\/\"><span>Offene Diskussion zum Thema: Das Recht auf Arbeitsplatzsicherheit (K\u00fcnstler)<\/span><\/a><\/p>\n","protected":false},"excerpt":{"rendered":"<p>Die Vortragssitzung des Komitees zur Verteidigung der Rechte von Kunst und K\u00fcnstlern fand am Donnerstag, den 15. September 2022 um 18:00 Uhr mitteleurop\u00e4ischer Zeit in Anwesenheit einer Gruppe von Menschenrechtsaktivisten und anderen G\u00e4sten \u00fcber Zoom, YouTube und das statt Kanon-Anwendung unter der Leitung von Setera Dezhem.\u00a0Die Referenten sind: 1) Beginn der Sitzung: Setareh Dejam, 2) &hellip; <\/p>\n<p><a class=\"more-link btn\" href=\"https:\/\/deutsch.bashariyat.org\/?p=6403\">Weiterlesen<\/a><\/p>\n","protected":false},"author":2,"featured_media":0,"comment_status":"closed","ping_status":"closed","sticky":false,"template":"","format":"standard","meta":{"footnotes":""},"categories":[1],"tags":[],"class_list":["post-6403","post","type-post","status-publish","format-standard","hentry","category-allgemein","item-wrap"],"_links":{"self":[{"href":"https:\/\/deutsch.bashariyat.org\/index.php?rest_route=\/wp\/v2\/posts\/6403","targetHints":{"allow":["GET"]}}],"collection":[{"href":"https:\/\/deutsch.bashariyat.org\/index.php?rest_route=\/wp\/v2\/posts"}],"about":[{"href":"https:\/\/deutsch.bashariyat.org\/index.php?rest_route=\/wp\/v2\/types\/post"}],"author":[{"embeddable":true,"href":"https:\/\/deutsch.bashariyat.org\/index.php?rest_route=\/wp\/v2\/users\/2"}],"replies":[{"embeddable":true,"href":"https:\/\/deutsch.bashariyat.org\/index.php?rest_route=%2Fwp%2Fv2%2Fcomments&post=6403"}],"version-history":[{"count":1,"href":"https:\/\/deutsch.bashariyat.org\/index.php?rest_route=\/wp\/v2\/posts\/6403\/revisions"}],"predecessor-version":[{"id":6404,"href":"https:\/\/deutsch.bashariyat.org\/index.php?rest_route=\/wp\/v2\/posts\/6403\/revisions\/6404"}],"wp:attachment":[{"href":"https:\/\/deutsch.bashariyat.org\/index.php?rest_route=%2Fwp%2Fv2%2Fmedia&parent=6403"}],"wp:term":[{"taxonomy":"category","embeddable":true,"href":"https:\/\/deutsch.bashariyat.org\/index.php?rest_route=%2Fwp%2Fv2%2Fcategories&post=6403"},{"taxonomy":"post_tag","embeddable":true,"href":"https:\/\/deutsch.bashariyat.org\/index.php?rest_route=%2Fwp%2Fv2%2Ftags&post=6403"}],"curies":[{"name":"wp","href":"https:\/\/api.w.org\/{rel}","templated":true}]}}