{"id":6432,"date":"2022-09-30T19:50:55","date_gmt":"2022-09-30T18:50:55","guid":{"rendered":"https:\/\/deutsch.bashariyat.org\/?p=6432"},"modified":"2022-09-30T19:50:55","modified_gmt":"2022-09-30T18:50:55","slug":"audio-und-videobericht-der-norddeutschen-delegation-18-september-2022","status":"publish","type":"post","link":"https:\/\/deutsch.bashariyat.org\/?p=6432","title":{"rendered":"Audio- und Videobericht der norddeutschen Delegation, 18. September 2022"},"content":{"rendered":"<p style=\"text-align: justify;\"><span>Die Redesitzung der norddeutschen Delegation fand am Sonntag, den 18. September 2022 um 12:00 Uhr mitteleurop\u00e4ischer Zeit in Anwesenheit einer Gruppe von Menschenrechtsaktivisten und anderen G\u00e4sten \u00fcber den virtuellen Raum von Zoom, YouTube und Kanon unter der Leitung von Ardebili&#8217;s statt Gedankenreise.\u00a0<\/span><span>Die Redner sind: 1- Beginn der Sitzung: Toraj Tishkani Ardabili 2- Iraj Danai Tous: Bericht und Analyse von Menschenrechtsverletzungen im Iran im September 1401 3- Mohammad Hassan Hassanzadeh Mehrabadi: Konvention gegen Folter und andere grausame, unmenschliche oder erniedrigende Behandlung und Strafen und ihr Vergleich mit der Verfassung der Islamischen Republik Iran, 4- Dawood Vahdi: Demokratie, 5- Mohammad Mahdi Khosropanah: Verletzung der sozialen Freiheit 6- Offene Diskussion zum Thema: Armut und Suizid im Iran (World Suicide Prevention Day ) unter Beteiligung von:\u00a0<\/span><span>Mohsen Sabzian, Milad Tarsehani, Mohammad Mehdi Khosropanah, Zahra Rahai, Iraj Danai Tous, Abbas Monfeld, Hamidreza Siahmard, Mohammad Hassan Hassanzadeh Mehrabadi, Abolfazl Rajabzadeh, Mehdi Mohammadpour und Kollegen, die uns bei diesem Treffen geholfen haben, sind: Torje Tishkani Ardabili, Sekret\u00e4r des Treffens : Narges Mubasheri Far, Tonaufnahme und Editor: Sadra Mujib Yazdani, Abbas Monfared-Admin: Zahra Rahai, Farshad Arabi, Seyed Saeed Nourizadeh.\u00a0<\/span><span>Interessierte k\u00f6nnen sich den Audiobericht des oben genannten Treffens \u00fcber die folgenden Audiodateien anh\u00f6ren.\u00a0<\/span><span>Sehen Sie sich auch den Videobericht des Treffens \u00fcber den YouTube-Link an:<\/span><\/p>\n<div class=\"embed-container\"><iframe loading=\"lazy\" title=\"\u062c\u0644\u0633\u0647 \u0633\u062e\u0646\u0631\u0627\u0646\u06cc \u0646\u0645\u0627\u06cc\u0646\u062f\u06af\u06cc \u0645\u0646\u0637\u0642\u0647 \u0634\u0645\u0627\u0644 \u0622\u0644\u0645\u0627\u0646\u060c \u06f1\u06f8 \u0633\u067e\u062a\u0627\u0645\u0628\u0631 \u06f2\u06f0\u06f2\u06f2\" width=\"1170\" height=\"658\" src=\"https:\/\/www.youtube.com\/embed\/S-A9Jcj7wKI?feature=oembed\" frameborder=\"0\" allow=\"accelerometer; autoplay; clipboard-write; encrypted-media; gyroscope; picture-in-picture; web-share\" referrerpolicy=\"strict-origin-when-cross-origin\" allowfullscreen><\/iframe><\/div>\n<p><!--more--><\/p>\n<p><a href=\"https:\/\/bashariyat.org\/cloudspot\/blog\/ms-music\/%da%af%d8%b2%d8%a7%d8%b1%d8%b4-%d8%b5%d9%88%d8%aa%db%8c-%d9%88-%d8%aa%d8%b5%d9%88%db%8c%d8%b1%db%8c-%d9%86%d9%85%d8%a7%db%8c%d9%86%d8%af%da%af%db%8c-%d8%b4%d9%85%d8%a7%d9%84-%d8%a2%d9%84%d9%85%d8%a7-8\/\"><span>Der Beginn des Treffens: Ardabili-Denktour<\/span><\/a><\/p>\n<p><a href=\"https:\/\/bashariyat.org\/cloudspot\/blog\/ms-music\/%da%af%d8%b2%d8%a7%d8%b1%d8%b4-%d8%b5%d9%88%d8%aa%db%8c-%d9%88-%d8%aa%d8%b5%d9%88%db%8c%d8%b1%db%8c-%d9%86%d9%85%d8%a7%db%8c%d9%86%d8%af%da%af%db%8c-%d8%b4%d9%85%d8%a7%d9%84-%d8%a2%d9%84%d9%85%d8%a7-9\/\"><span>Iraj Danai Tos: Bericht und Analyse von Menschenrechtsverletzungen im Iran im September 2<\/span><\/a>022<\/p>\n<p><a href=\"https:\/\/bashariyat.org\/cloudspot\/blog\/ms-music\/%da%af%d8%b2%d8%a7%d8%b1%d8%b4-%d8%b5%d9%88%d8%aa%db%8c-%d9%88-%d8%aa%d8%b5%d9%88%db%8c%d8%b1%db%8c-%d9%86%d9%85%d8%a7%db%8c%d9%86%d8%af%da%af%db%8c-%d8%b4%d9%85%d8%a7%d9%84-%d8%a2%d9%84%d9%85-10\/\"><span>Mohammad Hasan Hassanzadeh Mehrabadi: Die Konvention \u00fcber das Verbot von Folter und anderen grausamen, unmenschlichen oder erniedrigenden Verhaltensweisen und Strafen und ihr Vergleich mit der Verfassung der Islamischen Republik Iran<\/span><\/a><\/p>\n<p><a href=\"https:\/\/bashariyat.org\/cloudspot\/blog\/ms-music\/%da%af%d8%b2%d8%a7%d8%b1%d8%b4-%d8%b5%d9%88%d8%aa%db%8c-%d9%88-%d8%aa%d8%b5%d9%88%db%8c%d8%b1%db%8c-%d9%86%d9%85%d8%a7%db%8c%d9%86%d8%af%da%af%db%8c-%d8%b4%d9%85%d8%a7%d9%84-%d8%a2%d9%84%d9%85-11\/\"><span>Davoud Vahedi: Demokratie<\/span><\/a><\/p>\n<p><a href=\"https:\/\/bashariyat.org\/cloudspot\/blog\/ms-music\/%da%af%d8%b2%d8%a7%d8%b1%d8%b4-%d8%b5%d9%88%d8%aa%db%8c-%d9%88-%d8%aa%d8%b5%d9%88%db%8c%d8%b1%db%8c-%d9%86%d9%85%d8%a7%db%8c%d9%86%d8%af%da%af%db%8c-%d8%b4%d9%85%d8%a7%d9%84-%d8%a2%d9%84%d9%85-12\/\"><span>Mohammad Mehdi Khosrupanah: Verletzung der sozialen Freiheit<\/span><\/a><\/p>\n<p><a href=\"https:\/\/bashariyat.org\/cloudspot\/blog\/ms-music\/%da%af%d8%b2%d8%a7%d8%b1%d8%b4-%d8%b5%d9%88%d8%aa%db%8c-%d9%88-%d8%aa%d8%b5%d9%88%db%8c%d8%b1%db%8c-%d9%86%d9%85%d8%a7%db%8c%d9%86%d8%af%da%af%db%8c-%d8%b4%d9%85%d8%a7%d9%84-%d8%a2%d9%84%d9%85-13\/\"><span>Freie Diskussion: Armut und Suizid im Iran (World Suicide Prevention Day)<\/span><\/a><\/p>\n<div class=\"at-below-post addthis_tool\" data-url=\"https:\/\/seda-tasvir.bashariyat.org\/?p=14563\" data-title=\"\u06af\u0632\u0627\u0631\u0634 \u0635\u0648\u062a\u06cc \u0648 \u062a\u0635\u0648\u06cc\u0631\u06cc \u0646\u0645\u0627\u06cc\u0646\u062f\u06af\u06cc \u0634\u0645\u0627\u0644 \u0622\u0644\u0645\u0627\u0646\u060c18\u0633\u067e\u062a\u0627\u0645\u0628\u0631 2022 \u2013 \u0627\u0645\u0648\u0631 \u0635\u062f\u0627 \u0648 \u062a\u0635\u0648\u06cc\u0631\">\n<div id=\"atstbx\" class=\"at-share-tbx-element addthis-smartlayers addthis-animated at4-show\" role=\"region\" aria-labelledby=\"at-a8cc3e63-c5a7-4006-be9e-fe6efda55fa1\"><span id=\"at-a8cc3e63-c5a7-4006-be9e-fe6efda55fa1\" class=\"at4-visually-hidden\"><\/span>&nbsp;<\/p>\n<div class=\"at-share-btn-elements\"><\/div>\n<\/div>\n<\/div>\n<div class=\"sharedaddy sd-sharing-enabled\">\n<div class=\"robots-nocontent sd-block sd-social sd-social-official sd-sharing\">\n<h3 class=\"sd-title\"><span>Teile das:<\/span><\/h3>\n<\/div>\n<\/div>\n","protected":false},"excerpt":{"rendered":"<p>Die Redesitzung der norddeutschen Delegation fand am Sonntag, den 18. September 2022 um 12:00 Uhr mitteleurop\u00e4ischer Zeit in Anwesenheit einer Gruppe von Menschenrechtsaktivisten und anderen G\u00e4sten \u00fcber den virtuellen Raum von Zoom, YouTube und Kanon unter der Leitung von Ardebili&#8217;s statt Gedankenreise.\u00a0Die Redner sind: 1- Beginn der Sitzung: Toraj Tishkani Ardabili 2- Iraj Danai Tous: &hellip; <\/p>\n<p><a class=\"more-link btn\" href=\"https:\/\/deutsch.bashariyat.org\/?p=6432\">Weiterlesen<\/a><\/p>\n","protected":false},"author":2,"featured_media":0,"comment_status":"closed","ping_status":"closed","sticky":false,"template":"","format":"standard","meta":{"footnotes":""},"categories":[1],"tags":[],"class_list":["post-6432","post","type-post","status-publish","format-standard","hentry","category-allgemein","item-wrap"],"_links":{"self":[{"href":"https:\/\/deutsch.bashariyat.org\/index.php?rest_route=\/wp\/v2\/posts\/6432","targetHints":{"allow":["GET"]}}],"collection":[{"href":"https:\/\/deutsch.bashariyat.org\/index.php?rest_route=\/wp\/v2\/posts"}],"about":[{"href":"https:\/\/deutsch.bashariyat.org\/index.php?rest_route=\/wp\/v2\/types\/post"}],"author":[{"embeddable":true,"href":"https:\/\/deutsch.bashariyat.org\/index.php?rest_route=\/wp\/v2\/users\/2"}],"replies":[{"embeddable":true,"href":"https:\/\/deutsch.bashariyat.org\/index.php?rest_route=%2Fwp%2Fv2%2Fcomments&post=6432"}],"version-history":[{"count":1,"href":"https:\/\/deutsch.bashariyat.org\/index.php?rest_route=\/wp\/v2\/posts\/6432\/revisions"}],"predecessor-version":[{"id":6433,"href":"https:\/\/deutsch.bashariyat.org\/index.php?rest_route=\/wp\/v2\/posts\/6432\/revisions\/6433"}],"wp:attachment":[{"href":"https:\/\/deutsch.bashariyat.org\/index.php?rest_route=%2Fwp%2Fv2%2Fmedia&parent=6432"}],"wp:term":[{"taxonomy":"category","embeddable":true,"href":"https:\/\/deutsch.bashariyat.org\/index.php?rest_route=%2Fwp%2Fv2%2Fcategories&post=6432"},{"taxonomy":"post_tag","embeddable":true,"href":"https:\/\/deutsch.bashariyat.org\/index.php?rest_route=%2Fwp%2Fv2%2Ftags&post=6432"}],"curies":[{"name":"wp","href":"https:\/\/api.w.org\/{rel}","templated":true}]}}