{"id":6529,"date":"2022-10-15T14:47:21","date_gmt":"2022-10-15T13:47:21","guid":{"rendered":"https:\/\/deutsch.bashariyat.org\/?p=6529"},"modified":"2022-10-15T14:47:35","modified_gmt":"2022-10-15T13:47:35","slug":"aufruf-zu-einer-redesitzung-des-environmental-defense-committee-am-14-oktober-2022","status":"publish","type":"post","link":"https:\/\/deutsch.bashariyat.org\/?p=6529","title":{"rendered":"Aufruf zu einer Redesitzung des Environmental Defense Committee am 14. Oktober 2022"},"content":{"rendered":"<p><img decoding=\"async\" src=\"https:\/\/deutsch.bashariyat.org\/wp-content\/uploads\/2020\/11\/stempel-einladung-constanze-pro2.jpg\" \/><\/p>\n<p style=\"text-align: center;\"><strong>Das Komitee zur Verteidigung der <\/strong><strong>Umweltrechte\u00a0<\/strong><strong>organisiert<\/strong><\/p>\n<p style=\"text-align: center;\">Liebe Menschenrechtler, Experten und Kolleginnen und Kollegen, Sie sind eingeladen, uns bei dieser Rederunde zu begleiten.<\/p>\n<p style=\"text-align: center;\"><strong>Rede\u00a0<\/strong><strong>,\u00a0<\/strong><strong>Frage und Antwort, Diskussion<\/strong><!--more--><\/p>\n<p>Samad Jafari: Bericht und Analyse von Umweltrechtsverletzungen im September 2022<\/p>\n<p>Rosa Jahanbin: \u00dcberpr\u00fcfung und Analyse des Erdgipfels und der Erkl\u00e4rung von Rio und vergleicht sie mit der Verfassung der Islamischen Republik Iran<\/p>\n<p>Salman Yazdanpanah: Yaws und die Gr\u00fcnde f\u00fcr ihr Aussterben (Teil 2)<\/p>\n<p>Sepehr Rezaei Shayan: Urmia-See<\/p>\n<p>Engel Khayyam Al-Husseini: Wassersituation im Iran<\/p>\n<p><strong>\u00a0<\/strong><\/p>\n<p><strong>Diskussion, Fragen und Antworten am Ende jedes Abschnitts<\/strong><\/p>\n<p>&nbsp;<\/p>\n<p><strong>Freie Rede:<\/strong><\/p>\n<p><strong>Das Recht auf Leben der Tiere im Iran<\/strong><\/p>\n<p><strong>\u00a0<\/strong><\/p>\n<p><strong>Am Ende der Prognose und Planung der Aktivit\u00e4ten des n\u00e4chsten Monats<\/strong><\/p>\n<p>&nbsp;<\/p>\n<p>Zeit: Freitag, 14. Oktober 2022 um 18:30 Uhr MEZ<\/p>\n<p><strong>Ort:\u00a0\u00a0<\/strong>1.\u00a0Virtueller Raum zoomen<strong>\u00a0\u00a0<\/strong><\/p>\n<p><u>https:\/\/zoom.us\/j\/8057930858?pwd=OTB2U2xEYkd3UlgxRUY5WG43ZlM5dz09<\/u><\/p>\n<p>2 .\u00a0Virtueller Raum von Youtube<\/p>\n<p><a href=\"https:\/\/youtube.com\/channel\/UCjDITs1AOEBapWS2enW92Ug\">https:\/\/youtube.com\/channel\/UCjDITs1AOEBapWS2enW92Ug<\/a><\/p>\n<p>3.\u00a0Kanon-Anwendung (direkte \u00dcbertragung vom Fernsehen)<\/p>\n<p><strong>Verantwortlich f\u00fcr das Treffen: \u00a0<\/strong>\u00a0\u00a0Mina Aghabeigi<\/p>\n<p><strong>Sekret\u00e4rin des Treffens: \u00a0<\/strong>\u00a0\u00a0Nadia Musharraf<\/p>\n<p><strong>Tonaufnahme und Bearbeitung:<\/strong>\u00a0Ali Broumand, Neda Foroghi<\/p>\n<p><strong>Administratoren :<\/strong>\u00a0\u00a0Irandokht Kia, Salman Yazdanpanah, Hamidreza Amin<\/p>\n<p>&nbsp;<\/p>\n<p>&nbsp;<\/p>\n<p style=\"text-align: center;\"><strong>Zentrum f\u00fcr die Verteidigung der Menschenrechte im Iran<\/strong><\/p>\n<p style=\"text-align: center;\"><strong><span class=\"\">Ausschuss f\u00fcr die Verteidigung von Umweltrechten<\/span><\/strong><\/p>\n","protected":false},"excerpt":{"rendered":"<p>Das Komitee zur Verteidigung der Umweltrechte\u00a0organisiert Liebe Menschenrechtler, Experten und Kolleginnen und Kollegen, Sie sind eingeladen, uns bei dieser Rederunde zu begleiten. Rede\u00a0,\u00a0Frage und Antwort, Diskussion<\/p><p><a class=\"more-link btn\" href=\"https:\/\/deutsch.bashariyat.org\/?p=6529\">Weiterlesen<\/a><\/p>\n","protected":false},"author":2,"featured_media":0,"comment_status":"closed","ping_status":"closed","sticky":false,"template":"","format":"standard","meta":{"footnotes":""},"categories":[1],"tags":[],"class_list":["post-6529","post","type-post","status-publish","format-standard","hentry","category-allgemein","item-wrap"],"_links":{"self":[{"href":"https:\/\/deutsch.bashariyat.org\/index.php?rest_route=\/wp\/v2\/posts\/6529","targetHints":{"allow":["GET"]}}],"collection":[{"href":"https:\/\/deutsch.bashariyat.org\/index.php?rest_route=\/wp\/v2\/posts"}],"about":[{"href":"https:\/\/deutsch.bashariyat.org\/index.php?rest_route=\/wp\/v2\/types\/post"}],"author":[{"embeddable":true,"href":"https:\/\/deutsch.bashariyat.org\/index.php?rest_route=\/wp\/v2\/users\/2"}],"replies":[{"embeddable":true,"href":"https:\/\/deutsch.bashariyat.org\/index.php?rest_route=%2Fwp%2Fv2%2Fcomments&post=6529"}],"version-history":[{"count":2,"href":"https:\/\/deutsch.bashariyat.org\/index.php?rest_route=\/wp\/v2\/posts\/6529\/revisions"}],"predecessor-version":[{"id":6531,"href":"https:\/\/deutsch.bashariyat.org\/index.php?rest_route=\/wp\/v2\/posts\/6529\/revisions\/6531"}],"wp:attachment":[{"href":"https:\/\/deutsch.bashariyat.org\/index.php?rest_route=%2Fwp%2Fv2%2Fmedia&parent=6529"}],"wp:term":[{"taxonomy":"category","embeddable":true,"href":"https:\/\/deutsch.bashariyat.org\/index.php?rest_route=%2Fwp%2Fv2%2Fcategories&post=6529"},{"taxonomy":"post_tag","embeddable":true,"href":"https:\/\/deutsch.bashariyat.org\/index.php?rest_route=%2Fwp%2Fv2%2Ftags&post=6529"}],"curies":[{"name":"wp","href":"https:\/\/api.w.org\/{rel}","templated":true}]}}